{"id":446691,"date":"2026-08-31T15:12:30","date_gmt":"2026-08-31T18:12:30","guid":{"rendered":"https:\/\/notinor.com\/jujuy\/?p=446691"},"modified":"2026-08-31T15:12:32","modified_gmt":"2026-08-31T18:12:32","slug":"caputo-defendio-el-plan-economico-en-el-g20-y-busca-respaldo-clave","status":"publish","type":"post","link":"https:\/\/notinor.com\/jujuy\/caputo-defendio-el-plan-economico-en-el-g20-y-busca-respaldo-clave\/","title":{"rendered":"Caputo defendi\u00f3 el plan econ\u00f3mico en el G20 y busca respaldo clave"},"content":{"rendered":"\n<p class=\"has-medium-font-size\"><strong><em>El ministro de Econom\u00eda disert\u00f3 en Estados Unidos sobre el equilibrio fiscal del pa\u00eds y aguarda reuniones con la titular del FMI y el secretario del Tesoro.<\/em><\/strong><\/p>\n\n\n<div class=\"wp-block-image\">\n<figure class=\"aligncenter\"><img decoding=\"async\" src=\"https:\/\/i1.cronica.com.ar\/files\/image\/1703\/1703019\/6a95b4228e982_1011_568!.jpg?s=cc02dfbd15d4a29e2466eeee6a411971&amp;d=1788145200\" alt=\"Caputo defendi\u00f3 el plan econ\u00f3mico en el G20 y busca respaldo clave.\"\/><figcaption class=\"wp-element-caption\">Caputo en el G20 <\/figcaption><\/figure><\/div>\n\n\n<p>En el marco de la reuni\u00f3n de ministros de Finanzas del&nbsp;<strong>G20<\/strong>, el ministro de Econom\u00eda,&nbsp;<strong>Luis Caputo<\/strong>, expuso los principales ejes del programa econ\u00f3mico de la&nbsp;<strong>Argentina<\/strong>&nbsp;ante las delegaciones internacionales en&nbsp;<strong>Asheville<\/strong>,&nbsp;<strong>Carolina del Norte<\/strong>.<\/p>\n\n\n\n<p>El funcionario encabez\u00f3 la comitiva oficial junto al presidente del&nbsp;<strong>Banco Central<\/strong>,&nbsp;<strong>Santiago Bausili<\/strong>, y el secretario de Pol\u00edtica Econ\u00f3mica,&nbsp;<strong>Jos\u00e9 Luis Daza<\/strong>.<\/p>\n\n\n\n<p>Durante el foro multilateral, la delegaci\u00f3n nacional busca consolidar apoyo financiero y pol\u00edtico en previsi\u00f3n de encuentros bilaterales con el secretario del Tesoro estadounidense,&nbsp;<strong>Scott Bessent<\/strong>, y la titular del&nbsp;<strong>Fondo Monetario Internacional<\/strong>,&nbsp;<strong>Kristalina Georgieva<\/strong>.<\/p>\n\n\n\n<p><strong>Discurso enfocado en el ajuste fiscal y la inversi\u00f3n privada<\/strong><\/p>\n\n\n\n<p>Como orador principal de la sesi\u00f3n dedicada al crecimiento,&nbsp;<strong>Luis Caputo<\/strong>&nbsp;remarc\u00f3 que la estabilidad macroecon\u00f3mica constituye la premisa fundamental para asegurar el desarrollo sostenido y la atracci\u00f3n de capitales.<\/p>\n\n\n\n<p>En su intervenci\u00f3n, el titular del&nbsp;<strong>Palacio de Hacienda<\/strong>&nbsp;detall\u00f3 las medidas impulsadas por la gesti\u00f3n del presidente&nbsp;<strong>Javier Milei<\/strong>, subrayando una reducci\u00f3n del gasto p\u00fablico del 30% en t\u00e9rminos reales desde diciembre de 2023 y la eliminaci\u00f3n del d\u00e9ficit fiscal y cuasifiscal.<\/p>\n\n\n\n<p>Asimismo, destac\u00f3 la rebaja de impuestos equivalente a tres puntos del Producto Bruto Interno, la implementaci\u00f3n de la reforma laboral y la baja de la intervenci\u00f3n estatal mediante desregulaciones.<\/p>\n\n\n\n<p><strong>Proyecciones e indicadores presentados ante el foro<\/strong><\/p>\n\n\n\n<p>Al repasar las herramientas de incentivo econ\u00f3mico, el ministro ponder\u00f3 el desempe\u00f1o del r\u00e9gimen&nbsp;<strong>RIGI<\/strong>, al se\u00f1alar que ya cuenta con proyectos aprobados por cerca de 50.000 millones de d\u00f3lares y otros en etapa de evaluaci\u00f3n por 150.000 millones de d\u00f3lares.<\/p>\n\n\n\n<p>En esa l\u00ednea, enfatiz\u00f3 que la econom\u00eda nacional registrar\u00e1 un crecimiento en t\u00e9rminos per c\u00e1pita por primera vez en 16 a\u00f1os, sosteniendo de forma simult\u00e1nea esquemas de super\u00e1vit fiscal y de cuenta corriente.<\/p>\n\n\n\n<p>El encuentro de trabajo en territorio estadounidense se extender\u00e1 hasta el martes 1 de septiembre, sirviendo como instancia preparatoria previa a la cumbre de jefes de Estado que se desarrollar\u00e1 durante el mes de diciembre en&nbsp;<strong>Miami<\/strong>.<\/p>\n","protected":false},"excerpt":{"rendered":"<p>El ministro de Econom\u00eda disert\u00f3 en Estados Unidos sobre el equilibrio fiscal del pa\u00eds y aguarda reuniones con la titular del FMI y el secretario del Tesoro. En el marco de la reuni\u00f3n de ministros de Finanzas del&nbsp;G20, el ministro de Econom\u00eda,&nbsp;Luis Caputo, expuso los principales ejes del programa econ\u00f3mico de la&nbsp;Argentina&nbsp;ante las delegaciones internacionales [&hellip;]<\/p>\n","protected":false},"author":5,"featured_media":446692,"comment_status":"open","ping_status":"open","sticky":false,"template":"","format":"standard","meta":{"_stopmodifiedupdate":false,"_modified_date":"","inline_featured_image":false},"categories":[676],"tags":[],"jetpack_featured_media_url":"https:\/\/notinor.com\/jujuy\/wp-content\/uploads\/2026\/08\/G20.jpg","_links":{"self":[{"href":"https:\/\/notinor.com\/jujuy\/wp-json\/wp\/v2\/posts\/446691"}],"collection":[{"href":"https:\/\/notinor.com\/jujuy\/wp-json\/wp\/v2\/posts"}],"about":[{"href":"https:\/\/notinor.com\/jujuy\/wp-json\/wp\/v2\/types\/post"}],"author":[{"embeddable":true,"href":"https:\/\/notinor.com\/jujuy\/wp-json\/wp\/v2\/users\/5"}],"replies":[{"embeddable":true,"href":"https:\/\/notinor.com\/jujuy\/wp-json\/wp\/v2\/comments?post=446691"}],"version-history":[{"count":1,"href":"https:\/\/notinor.com\/jujuy\/wp-json\/wp\/v2\/posts\/446691\/revisions"}],"predecessor-version":[{"id":446693,"href":"https:\/\/notinor.com\/jujuy\/wp-json\/wp\/v2\/posts\/446691\/revisions\/446693"}],"wp:featuredmedia":[{"embeddable":true,"href":"https:\/\/notinor.com\/jujuy\/wp-json\/wp\/v2\/media\/446692"}],"wp:attachment":[{"href":"https:\/\/notinor.com\/jujuy\/wp-json\/wp\/v2\/media?parent=446691"}],"wp:term":[{"taxonomy":"category","embeddable":true,"href":"https:\/\/notinor.com\/jujuy\/wp-json\/wp\/v2\/categories?post=446691"},{"taxonomy":"post_tag","embeddable":true,"href":"https:\/\/notinor.com\/jujuy\/wp-json\/wp\/v2\/tags?post=446691"}],"curies":[{"name":"wp","href":"https:\/\/api.w.org\/{rel}","templated":true}]}}