{"id":446686,"date":"2026-08-31T15:03:31","date_gmt":"2026-08-31T18:03:31","guid":{"rendered":"https:\/\/notinor.com\/jujuy\/?p=446686"},"modified":"2026-08-31T15:03:32","modified_gmt":"2026-08-31T18:03:32","slug":"messi-le-puso-punto-final-a-su-ciclo-en-la-seleccion-me-duele-en-el-alma-pero-es-el-momento","status":"publish","type":"post","link":"https:\/\/notinor.com\/jujuy\/messi-le-puso-punto-final-a-su-ciclo-en-la-seleccion-me-duele-en-el-alma-pero-es-el-momento\/","title":{"rendered":"Messi le puso punto final a su ciclo en la Selecci\u00f3n: \u201cMe duele en el alma, pero es el momento\u201d"},"content":{"rendered":"\n<p class=\"has-medium-font-size\"><strong><em>El capit\u00e1n public\u00f3 un emotivo mensaje en sus redes sociales y expres\u00f3: \"Es una decisi\u00f3n que me duele, pero no tengo nada m\u00e1s para dar\".<\/em><\/strong><\/p>\n\n\n<div class=\"wp-block-image\">\n<figure class=\"aligncenter\"><img decoding=\"async\" src=\"https:\/\/i1.cronica.com.ar\/files\/image\/1686\/1686399\/6a5d60a23aa8c_1011_568!.jpg?s=8935adf9b5c2b02ae665c643601de819&amp;d=1784430000\" alt=\"Lionel Messi anunci\u00f3 que se retira de la Selecci\u00f3n argentina: &quot;Me duele en el alma&quot;\"\/><figcaption class=\"wp-element-caption\">Lionel Messi<\/figcaption><\/figure><\/div>\n\n\n<p><\/p>\n\n\n\n<p>&nbsp;Lionel Messi anunci\u00f3 este lunes su&nbsp;<strong>retiro de la Selecci\u00f3n argentina<\/strong>. El astro rosarino puso punto final a una historia de m\u00e1s de dos d\u00e9cadas con la camiseta albiceleste, luego de haber conquistado el&nbsp;<strong>Mundial de Qatar 2022<\/strong>, dos Copas Am\u00e9rica y de haber llevado al equipo nacional hasta la final de la Copa del Mundo 2026, donde Argentina cay\u00f3 ante Espa\u00f1a.<\/p>\n\n\n\n<p>El capit\u00e1n comunic\u00f3 su decisi\u00f3n a trav\u00e9s de sus redes sociales con una extensa carta en la que repas\u00f3 su recorrido con la Selecci\u00f3n, agradeci\u00f3 a sus compa\u00f1eros, entrenadores, dirigentes, familiares e hinchas y reconoci\u00f3 que se trata de una de las decisiones m\u00e1s dolorosas de su carrera.<\/p>\n\n\n<div class=\"wp-block-image\">\n<figure class=\"aligncenter\"><img decoding=\"async\" src=\"https:\/\/www.cronica.com.ar\/files\/image\/1702\/1702945\/6a959c2fba7ad.webp?oe=png\" alt=\"De pu\u00f1o y letra: la carta que escribi\u00f3 Lionel Messi.\"\/><figcaption class=\"wp-element-caption\">De pu\u00f1o y letra: la carta que escribi\u00f3 Lionel Messi.<\/figcaption><\/figure><\/div>\n\n\n<p>\"<strong>Despu\u00e9s de este tiempo que pas\u00f3 desde la final, pens\u00e1ndolo mucho, quiero comunicarles a todos que me retiro de la Selecci\u00f3n<\/strong>\", comenz\u00f3 Messi en su mensaje.<\/p>\n\n\n\n<p><strong>Messi y una despedida despu\u00e9s de m\u00e1s de 20 a\u00f1os<\/strong><\/p>\n\n\n\n<p>El futbolista explic\u00f3 que dejar la Selecci\u00f3n es una decisi\u00f3n que le genera un profundo dolor, pero que entiende que lleg\u00f3 el momento de cerrar una etapa.<\/p>\n\n\n\n<p>\"<strong>Fue una decisi\u00f3n que doli\u00f3 y duele en el alma, pero entiendo que es el momento<\/strong>\", expres\u00f3. Y agreg\u00f3: \"Les juro que siempre dej\u00e9 todo, no solo los \u00faltimos a\u00f1os que se gan\u00f3 todo, antes tambi\u00e9n y siempre pele\u00e9 y me dej\u00e9 todo por esta camiseta\".<\/p>\n\n\n\n<p>Messi destac\u00f3 adem\u00e1s su deseo permanente de representar al pa\u00eds y hacer sentir orgullosos a los argentinos a trav\u00e9s del f\u00fatbol.<\/p>\n\n\n\n<p>\"<strong>Amo, am\u00e9 y amar\u00e9 siempre estar en la Selecci\u00f3n. Me vaci\u00e9, ya no tengo m\u00e1s para dar y aparte vienen chicos muy grandes atr\u00e1s que merecen estar<\/strong>\", sostuvo.<\/p>\n\n\n\n<p>El capit\u00e1n tambi\u00e9n reconoci\u00f3 que el final de su ciclo se produce mientras comienzan a cerrarse distintas etapas de su carrera: \"Queda poco y se van cerrando etapas y esta es una que me duele mucho\".<\/p>\n\n\n\n<p><strong>El mensaje de Messi para los hinchas argentinos<\/strong><\/p>\n\n\n\n<p>En su despedida, el futbolista agradeci\u00f3 especialmente el cari\u00f1o recibido durante sus&nbsp;<strong>20 a\u00f1os con la Selecci\u00f3n<\/strong>&nbsp;y anticip\u00f3 que extra\u00f1ar\u00e1 vivir los partidos desde adentro.<\/p>\n\n\n\n<p>\"Gracias por todo el cari\u00f1o de estos 20 a\u00f1os.&nbsp;<strong>Voy a extra\u00f1ar mucho escucharlos desde adentro. Ahora voy a ser uno m\u00e1s de ustedes, alentando y bancando siempre desde afuera<\/strong>\", escribi\u00f3.<\/p>\n\n\n\n<p>Tambi\u00e9n tuvo palabras para su familia, entrenadores, compa\u00f1eros y dirigentes, a quienes agradeci\u00f3 por haberlo acompa\u00f1ado durante una carrera marcada por momentos de enorme felicidad y tambi\u00e9n por golpes dif\u00edciles.<\/p>\n\n\n\n<p>\"Me llevo recuerdos y momentos inolvidables vividos\", asegur\u00f3.<\/p>\n\n\n\n<p>Messi cerr\u00f3 su carta con una frase cargada de emoci\u00f3n y orgullo por su recorrido con la camiseta argentina: \"<strong>Me voy con la tranquilidad y el orgullo de haberles regalado, juntos con mis compa\u00f1eros, momentos so\u00f1ados. Fue una locura haberlo vivido con ustedes. \u00a1Los quiero!<\/strong>\".<\/p>\n\n\n\n<p>Y concluy\u00f3: \"<strong>Gracias Dios por hacerme argentino. \u00a1Vamos Argentina!<\/strong>\".<\/p>\n\n\n\n<p><strong>La carta hab\u00eda sido escrita despu\u00e9s de la final<\/strong><\/p>\n\n\n\n<p>Al final del mensaje, Messi realiz\u00f3 una aclaraci\u00f3n que le dio todav\u00eda m\u00e1s peso a su despedida. Revel\u00f3 que hab\u00eda escrito esas palabras&nbsp;<strong>el 21 de julio, apenas dos d\u00edas despu\u00e9s de la final del Mundial 2026<\/strong>.<\/p>\n\n\n\n<p>\"Estas palabras las escrib\u00ed el 21 de julio, dos d\u00edas despu\u00e9s de la final. Hoy despu\u00e9s de lo de mi pap\u00e1, estoy m\u00e1s convencido que antes\", explic\u00f3.<\/p>\n\n\n\n<p>La referencia fue a la muerte de su padre,&nbsp;<strong>Jorge Messi<\/strong>, ocurrida en agosto. D\u00edas antes, el propio futbolista hab\u00eda expresado sus dudas sobre cu\u00e1nto tiempo m\u00e1s continuar\u00eda jugando al f\u00fatbol.<\/p>\n\n\n\n<p>De esta manera, Messi pone fin a su ciclo con la Selecci\u00f3n argentina despu\u00e9s de haber disputado m\u00e1s de 200 partidos y de haber protagonizado la etapa m\u00e1s exitosa de la historia del equipo nacional, con la conquista de la&nbsp;<strong>Copa Am\u00e9rica 2021, la Finalissima 2022, el Mundial de Qatar 2022 y la Copa Am\u00e9rica 2024<\/strong>, adem\u00e1s de la final alcanzada en el Mundial 2026.<\/p>\n","protected":false},"excerpt":{"rendered":"<p>El capit\u00e1n public\u00f3 un emotivo mensaje en sus redes sociales y expres\u00f3: \"Es una decisi\u00f3n que me duele, pero no tengo nada m\u00e1s para dar\". &nbsp;Lionel Messi anunci\u00f3 este lunes su&nbsp;retiro de la Selecci\u00f3n argentina. El astro rosarino puso punto final a una historia de m\u00e1s de dos d\u00e9cadas con la camiseta albiceleste, luego de [&hellip;]<\/p>\n","protected":false},"author":5,"featured_media":446689,"comment_status":"open","ping_status":"open","sticky":false,"template":"","format":"standard","meta":{"_stopmodifiedupdate":false,"_modified_date":"","inline_featured_image":false},"categories":[2],"tags":[],"jetpack_featured_media_url":"https:\/\/notinor.com\/jujuy\/wp-content\/uploads\/2026\/08\/MESSI-1.jpg","_links":{"self":[{"href":"https:\/\/notinor.com\/jujuy\/wp-json\/wp\/v2\/posts\/446686"}],"collection":[{"href":"https:\/\/notinor.com\/jujuy\/wp-json\/wp\/v2\/posts"}],"about":[{"href":"https:\/\/notinor.com\/jujuy\/wp-json\/wp\/v2\/types\/post"}],"author":[{"embeddable":true,"href":"https:\/\/notinor.com\/jujuy\/wp-json\/wp\/v2\/users\/5"}],"replies":[{"embeddable":true,"href":"https:\/\/notinor.com\/jujuy\/wp-json\/wp\/v2\/comments?post=446686"}],"version-history":[{"count":1,"href":"https:\/\/notinor.com\/jujuy\/wp-json\/wp\/v2\/posts\/446686\/revisions"}],"predecessor-version":[{"id":446690,"href":"https:\/\/notinor.com\/jujuy\/wp-json\/wp\/v2\/posts\/446686\/revisions\/446690"}],"wp:featuredmedia":[{"embeddable":true,"href":"https:\/\/notinor.com\/jujuy\/wp-json\/wp\/v2\/media\/446689"}],"wp:attachment":[{"href":"https:\/\/notinor.com\/jujuy\/wp-json\/wp\/v2\/media?parent=446686"}],"wp:term":[{"taxonomy":"category","embeddable":true,"href":"https:\/\/notinor.com\/jujuy\/wp-json\/wp\/v2\/categories?post=446686"},{"taxonomy":"post_tag","embeddable":true,"href":"https:\/\/notinor.com\/jujuy\/wp-json\/wp\/v2\/tags?post=446686"}],"curies":[{"name":"wp","href":"https:\/\/api.w.org\/{rel}","templated":true}]}}