{"id":446681,"date":"2026-08-31T14:51:58","date_gmt":"2026-08-31T17:51:58","guid":{"rendered":"https:\/\/notinor.com\/jujuy\/?p=446681"},"modified":"2026-08-31T14:51:59","modified_gmt":"2026-08-31T17:51:59","slug":"jujuy-continua-reforzando-la-salud-publica-y-reabre-sala-de-internacion-clinica-con-maximos-estandares-en-el-hospital-pablo-soria","status":"publish","type":"post","link":"https:\/\/notinor.com\/jujuy\/jujuy-continua-reforzando-la-salud-publica-y-reabre-sala-de-internacion-clinica-con-maximos-estandares-en-el-hospital-pablo-soria\/","title":{"rendered":"Jujuy contin\u00faa reforzando la salud p\u00fablica y reabre Sala de Internaci\u00f3n Cl\u00ednica con m\u00e1ximos est\u00e1ndares en el Hospital Pablo Soria"},"content":{"rendered":"\n<p class=\"has-medium-font-size\"><strong><em>La reforma integral complementa los servicios de la Central de Urgencias con 16 habitaciones con ba\u00f1o privado y dependencias exclusivas.<\/em><\/strong><\/p>\n\n\n<div class=\"wp-block-image\">\n<figure class=\"aligncenter size-large\"><img decoding=\"async\" loading=\"lazy\" width=\"720\" height=\"480\" src=\"https:\/\/notinor.com\/jujuy\/wp-content\/uploads\/2026\/08\/SALUD1-720x480.webp\" alt=\"\" class=\"wp-image-446684\" srcset=\"https:\/\/notinor.com\/jujuy\/wp-content\/uploads\/2026\/08\/SALUD1-720x480.webp 720w, https:\/\/notinor.com\/jujuy\/wp-content\/uploads\/2026\/08\/SALUD1-548x365.webp 548w, https:\/\/notinor.com\/jujuy\/wp-content\/uploads\/2026\/08\/SALUD1-768x512.webp 768w, https:\/\/notinor.com\/jujuy\/wp-content\/uploads\/2026\/08\/SALUD1-750x500.webp 750w, https:\/\/notinor.com\/jujuy\/wp-content\/uploads\/2026\/08\/SALUD1-1140x760.webp 1140w, https:\/\/notinor.com\/jujuy\/wp-content\/uploads\/2026\/08\/SALUD1.webp 1200w\" sizes=\"(max-width: 720px) 100vw, 720px\" \/><\/figure><\/div>\n\n\n<p><\/p>\n\n\n\n<p><a href=\"https:\/\/media.prensa.jujuy.gob.ar\/p\/04c505d98af8b2676c7703831cf4f98a\/adjuntos\/301\/imagenes\/000\/432\/0000432549\/1200x0\/smart\/1.jpg\"><\/a><\/p>\n\n\n\n<p><a href=\"https:\/\/media.prensa.jujuy.gob.ar\/p\/04c505d98af8b2676c7703831cf4f98a\/adjuntos\/301\/imagenes\/000\/432\/0000432549\/1200x0\/smart\/1.jpg\"><\/a><\/p>\n\n\n\n<p><a href=\"https:\/\/media.prensa.jujuy.gob.ar\/p\/04c505d98af8b2676c7703831cf4f98a\/adjuntos\/301\/imagenes\/000\/432\/0000432549\/1200x0\/smart\/1.jpg\"><\/a><\/p>\n\n\n\n<p id=\"p-1788188559048-28968\">En el marco del <strong>66 aniversario del hospital Pablo Soria<\/strong> y con una inversi\u00f3n cercana a los dos mil millones de pesos, el gobernador de Jujuy, Carlos Sadir, y el ministro de Salud, Jos\u00e9 Manzur, junto a directivos, equipos profesionales y t\u00e9cnicos, personal, usuarios, familias y comunidad en general, encabezaron este viernes la inauguraci\u00f3n de la reforma integral de la\u00a0<strong>Sala de Internaci\u00f3n Cl\u00ednica<\/strong>, sector que complementa la obra de la Central de Urgencias.<\/p>\n\n\n\n<p id=\"p-1788188559048-74895\">\u201cCelebramos 66 a\u00f1os de historia de nuestro querido hospital Pablo Soria, historia que hoy siguen escribiendo sus equipos, d\u00eda a d\u00eda. Es un orgullo poder acompa\u00f1arlos en este d\u00eda tan importante\u201d, expres\u00f3 Manzur durante el acto y destac\u00f3 \u201cla firme decisi\u00f3n del se\u00f1or gobernador es seguir apostando a la salud p\u00fablica y de calidad en la provincia.<\/p>\n\n\n\n<p id=\"p-1788192586917-97291\">\"En un contexto nacional diferente, con recortes y cierre de programas en materia de salud, Jujuy toma otro rumbo y sigue fortaleciendo el sistema sanitario y los servicios p\u00fablicos\u201d, remarc\u00f3.<\/p>\n\n\n\n<p id=\"p-1788188559048-65351\">En ese sentido, Manzur agreg\u00f3: \u201cInauguramos la reforma integral de la Sala 1 de internaci\u00f3n, un logro enorme; estamos pr\u00f3ximos a inaugurar los nuevos quir\u00f3fanos y avanzamos en la obra del lavadero. Junto a las obras y la adquisici\u00f3n de equipamiento, sumamos un factor clave que es recurso humano, clave para la atenci\u00f3n a la poblaci\u00f3n, con capacidad de excelencia\u201d.&nbsp;<\/p>\n\n\n\n<p id=\"p-1788192634797-47501\">En la misma l\u00ednea, destac\u00f3 que \u201cel a\u00f1o pasado se inscribieron 78 personas para las Residencias en Ciencias de la Salud en la provincia; este a\u00f1o, tuvimos 165 inscriptos, m\u00e1s del doble, en una etapa en la que la provincia realiza integralmente el pago de las becas para la formaci\u00f3n y justamente, apostamos tambi\u00e9n a la formaci\u00f3n de estos equipos que van a seguir brindando servicios en Jujuy\".&nbsp;<\/p>\n\n\n\n<p id=\"p-1788192707883-78914\">\"En paralelo, tenemos en Jujuy nuestra carrera de Medicina con 60 estudiantes que van empezar sus pr\u00e1cticas en puestos de salud de Libertador y para 2027, el ingreso se abrir\u00e1 para 70 nuevos estudiantes. Esto y cada una de las decisiones de gesti\u00f3n, as\u00ed como el trabajo de cada uno de nuestros agentes en los centros de mayor complejidad y todas las regiones, refuerza la salud en todo el territorio de la provincia\u201d, se\u00f1al\u00f3.&nbsp;<\/p>\n\n\n\n<p id=\"p-1788188559048-563\">Asimismo, reconoci\u00f3 especialmente el crecimiento exponencial del Hospital Pablo Soria y ponder\u00f3 \u201cel trabajo de los equipos de todas las \u00e1reas porque el avance no solo se expresa en infraestructura y equipamiento sino en su recurso humano, traducido en mayor nivel prestacional y en complejidad de servicios con calidad de excelencia, concretando a\u00f1o a a\u00f1o mayor cantidad de ablaciones, con trasplantes renales, intervenciones in\u00e9ditas y recientemente un proceso de hemodinamia \u00fanico en el NOA, lo que significa salud de calidad y de la m\u00e1s alta complejidad en el sistema p\u00fablico de nuestra provincia\u201d.<\/p>\n\n\n\n<p><strong>Obra clave para el hospital Pablo Soria<\/strong><\/p>\n\n\n\n<p id=\"p-1788188559048-84074\">El Hospital Pablo Soria es referencia de m\u00e1xima complejidad en Jujuy. Con un total de 1.100 personas trabajando en las diferentes \u00e1reas, centraliza la atenci\u00f3n de patolog\u00edas agudas cl\u00ednicas, oncohematol\u00f3gicas, quir\u00fargicas y traumatol\u00f3gicas cr\u00edticas de toda la provincia.&nbsp;<\/p>\n\n\n\n<p id=\"p-1788188559048-77748\">Inaugurado el 22 de agosto de 1960, cuenta desde ahora con la Sala 1 de Cl\u00ednica M\u00e9dica remodelada a nuevo que complementa la Central de Urgencias inaugurada en 2025, con motivo del 65 aniversario del hospital.&nbsp;<\/p>\n\n\n\n<p id=\"p-1788192734998-65074\">El \u00e1rea habilitada este viernes cuenta con un total de 16 habitaciones con ba\u00f1o privado y 4 habitaciones para aislamiento por inmunosupresi\u00f3n o cuadros infecciosos con instalaci\u00f3n de gases medicinales. Adem\u00e1s, la Sala cuenta con cocina propia e incorpora un \u00e1rea nueva para Enfermer\u00eda con vestuarios y duchas.&nbsp;<\/p>\n\n\n\n<p id=\"p-1788192738215-58056\">Los ba\u00f1os se dise\u00f1aron especialmente para asegurar accesibilidad, agarres especiales y banquetas para duchas.<\/p>\n\n\n\n<p><strong>Sentido reconocimiento<\/strong><\/p>\n\n\n\n<p id=\"p-1788188559048-15626\">En la jornada, junto a la entrega de reconocimientos a los trabajadores que cumplen 25 y 30 a\u00f1os de servicio y personal recientemente jubilado del Hospital Pablo Soria, se realiz\u00f3 un emotivo homenaje a dos grandes profesionales m\u00e9dicos, fallecidos en 2026, con posterior imposici\u00f3n de sus nombres en salas de la instituci\u00f3n.&nbsp;<\/p>\n\n\n\n<p id=\"p-1788188559048-92369\">Con el acompa\u00f1amiento de sus familias y de la comunidad en su conjunto, la Sala 5 de T\u00f3rax lleva desde hoy el nombre del Dr. Carlos Sivila Soza, mientras la Sala 6 de Cirug\u00eda se denomina Dr. Daniel Coletti.<\/p>\n","protected":false},"excerpt":{"rendered":"<p>La reforma integral complementa los servicios de la Central de Urgencias con 16 habitaciones con ba\u00f1o privado y dependencias exclusivas. En el marco del 66 aniversario del hospital Pablo Soria y con una inversi\u00f3n cercana a los dos mil millones de pesos, el gobernador de Jujuy, Carlos Sadir, y el ministro de Salud, Jos\u00e9 Manzur, [&hellip;]<\/p>\n","protected":false},"author":5,"featured_media":446683,"comment_status":"open","ping_status":"open","sticky":false,"template":"","format":"standard","meta":{"_stopmodifiedupdate":false,"_modified_date":"","inline_featured_image":false},"categories":[828],"tags":[],"jetpack_featured_media_url":"https:\/\/notinor.com\/jujuy\/wp-content\/uploads\/2026\/08\/SALUD.webp","_links":{"self":[{"href":"https:\/\/notinor.com\/jujuy\/wp-json\/wp\/v2\/posts\/446681"}],"collection":[{"href":"https:\/\/notinor.com\/jujuy\/wp-json\/wp\/v2\/posts"}],"about":[{"href":"https:\/\/notinor.com\/jujuy\/wp-json\/wp\/v2\/types\/post"}],"author":[{"embeddable":true,"href":"https:\/\/notinor.com\/jujuy\/wp-json\/wp\/v2\/users\/5"}],"replies":[{"embeddable":true,"href":"https:\/\/notinor.com\/jujuy\/wp-json\/wp\/v2\/comments?post=446681"}],"version-history":[{"count":1,"href":"https:\/\/notinor.com\/jujuy\/wp-json\/wp\/v2\/posts\/446681\/revisions"}],"predecessor-version":[{"id":446685,"href":"https:\/\/notinor.com\/jujuy\/wp-json\/wp\/v2\/posts\/446681\/revisions\/446685"}],"wp:featuredmedia":[{"embeddable":true,"href":"https:\/\/notinor.com\/jujuy\/wp-json\/wp\/v2\/media\/446683"}],"wp:attachment":[{"href":"https:\/\/notinor.com\/jujuy\/wp-json\/wp\/v2\/media?parent=446681"}],"wp:term":[{"taxonomy":"category","embeddable":true,"href":"https:\/\/notinor.com\/jujuy\/wp-json\/wp\/v2\/categories?post=446681"},{"taxonomy":"post_tag","embeddable":true,"href":"https:\/\/notinor.com\/jujuy\/wp-json\/wp\/v2\/tags?post=446681"}],"curies":[{"name":"wp","href":"https:\/\/api.w.org\/{rel}","templated":true}]}}