{"id":446678,"date":"2026-08-31T14:43:15","date_gmt":"2026-08-31T17:43:15","guid":{"rendered":"https:\/\/notinor.com\/jujuy\/?p=446678"},"modified":"2026-08-31T14:43:16","modified_gmt":"2026-08-31T17:43:16","slug":"jujuy-avanza-en-la-modernizacion-de-la-ruta-1-para-fortalecer-el-desarrollo-economico-y-productivo","status":"publish","type":"post","link":"https:\/\/notinor.com\/jujuy\/jujuy-avanza-en-la-modernizacion-de-la-ruta-1-para-fortalecer-el-desarrollo-economico-y-productivo\/","title":{"rendered":"Jujuy avanza en la modernizaci\u00f3n de la Ruta 1 para fortalecer el desarrollo econ\u00f3mico y productivo"},"content":{"rendered":"\n<p class=\"has-medium-font-size\"><strong><em>Reconocida como la \"ruta productiva\", dicha arteria recibir\u00e1 un desembolso cercano a los 70 millones de d\u00f3lares para concretar una transformaci\u00f3n profunda en su extensi\u00f3n.<\/em><\/strong><\/p>\n\n\n<div class=\"wp-block-image\">\n<figure class=\"aligncenter size-large\"><img decoding=\"async\" loading=\"lazy\" width=\"720\" height=\"480\" src=\"https:\/\/notinor.com\/jujuy\/wp-content\/uploads\/2026\/08\/ECONOMIA-720x480.webp\" alt=\"\" class=\"wp-image-446679\" srcset=\"https:\/\/notinor.com\/jujuy\/wp-content\/uploads\/2026\/08\/ECONOMIA-720x480.webp 720w, https:\/\/notinor.com\/jujuy\/wp-content\/uploads\/2026\/08\/ECONOMIA-548x365.webp 548w, https:\/\/notinor.com\/jujuy\/wp-content\/uploads\/2026\/08\/ECONOMIA-768x512.webp 768w, https:\/\/notinor.com\/jujuy\/wp-content\/uploads\/2026\/08\/ECONOMIA-750x500.webp 750w, https:\/\/notinor.com\/jujuy\/wp-content\/uploads\/2026\/08\/ECONOMIA-1140x760.webp 1140w, https:\/\/notinor.com\/jujuy\/wp-content\/uploads\/2026\/08\/ECONOMIA.webp 1200w\" sizes=\"(max-width: 720px) 100vw, 720px\" \/><\/figure><\/div>\n\n\n<p><\/p>\n\n\n\n<p id=\"p-1788194940335-24911\">El Gobierno de Jujuy dio un paso trascendental para el fortalecimiento econ\u00f3mico de Jujuy, con el Programa de <strong>Infraestructura Resiliente para el Desarrollo Econ\u00f3mico<\/strong> presentado por el gobernador Carlos Sadir, iniciativa que contempla una inversi\u00f3n global de 130 millones de d\u00f3lares, financiada por el Banco Mundial, para generar empleo directo e incentivar el crecimiento en la regi\u00f3n.<\/p>\n\n\n\n<p id=\"p-1788194940335-37567\">El secretario de Comunicaci\u00f3n y Gobierno Abierto, Alberto Siufi, enfatiz\u00f3 que dentro de este esquema integral, la&nbsp;<strong>intervenci\u00f3n en la Ruta Provincial 1<\/strong>&nbsp;\"se posiciona como una de las obras m\u00e1s determinantes\". Reconocida como la \"ruta productiva\", dicha arteria recibir\u00e1 un desembolso cercano a los 70 millones de d\u00f3lares para concretar una transformaci\u00f3n profunda en su extensi\u00f3n.<\/p>\n\n\n\n<p id=\"p-1788194940335-8599\">El proyecto abarca un tramo prioritario de aproximadamente 100 kil\u00f3metros, que conecta a las localidades de San Pedro de Jujuy y Caimancito. Equipos t\u00e9cnicos avanzan en definiciones del proyecto ejecutivo que determinar\u00e1 las especificaciones del plan de rehabilitaci\u00f3n, construcci\u00f3n y mantenimiento integral del corredor.<\/p>\n\n\n\n<p id=\"p-1788194940335-41895\">\"La obra contempla intervenciones clave orientadas a la seguridad vial, mejoras en la infraestructura hidr\u00e1ulica para prevenir anegamientos y la instalaci\u00f3n de puestos de control de carga para preservar la durabilidad del calzado asf\u00e1ltico\", describi\u00f3 Siufi y apunt\u00f3 que \"se busca optimizar la circulaci\u00f3n de los transportes que trasladan la producci\u00f3n regional\".&nbsp;<\/p>\n\n\n\n<p id=\"p-1788194940335-16458\">Asimismo, destac\u00f3 que \"uno de los aportes m\u00e1s significativos del proyecto radica en su funci\u00f3n log\u00edstica\", ya que la Ruta 1 operar\u00e1 como una alternativa de desv\u00edo o bypass a la Ruta Nacional 34. \"Con esta variante, se prev\u00e9 descomprimir de manera sustancial el intenso tr\u00e1nsito pesado que hoy atraviesa \u00e1reas urbanas de Ledesma, Fraile Pintado y San Pedro de Jujuy\", precis\u00f3.<\/p>\n\n\n\n<p><strong>\u201cPROTEGES\u201d: prevenci\u00f3n y contenci\u00f3n en territorio<\/strong><\/p>\n\n\n\n<p id=\"p-1788194940336-29362\">Por otra parte, el funcionario hizo especial referencia al nuevo modelo de seguridad territorial \"PROTEGES\", cuya implementaci\u00f3n comenz\u00f3 en el marco de un plan piloto en en barrios El Chingo y Punta Diamante de San Salvador de Jujuy.&nbsp;<\/p>\n\n\n\n<p id=\"p-1788194940336-47374\">\"El objetivo de reforzar la prevenci\u00f3n y adaptar la respuesta policial a la realidad de cada zona\", indic\u00f3 Siufi y ponder\u00f3 el \"cambio de enfoque orientado al trabajo conjunto entre las fuerzas de seguridad y la comunidad\".&nbsp;<\/p>\n\n\n\n<p id=\"p-1788194940336-15394\">La estrategia del Ministerio de Seguridad contempla un despliegue operativo enfocado en la proximidad ciudadana. Para ello, se increment\u00f3 la presencia de efectivos en las calles junto a la incorporaci\u00f3n de nuevo equipamiento, como camionetas y motocicletas, con el fin de entablar un contacto directo con los vecinos y atender sus demandas diarias de manera participativa.&nbsp;<\/p>\n\n\n\n<p id=\"p-1788194940336-66500\">En el plano tecnol\u00f3gico e infraestructura, el plan suma la instalaci\u00f3n de c\u00e1maras de videovigilancia, t\u00f3tems de seguridad y una articulaci\u00f3n directa con la central del 911 para agilizar la capacidad de respuesta.&nbsp;<\/p>\n\n\n\n<p id=\"p-1788194940336-77826\">La vertiente comunitaria y estrat\u00e9gica resulta fundamental para el desarrollo de \"PROTEGES\". A trav\u00e9s de mesas de di\u00e1logo, se buscar\u00e1 aprovechar el conocimiento territorial de los propios residentes para trazar mapas del delito precisos, delimitar las denominadas \"zonas rojas\" y evaluar peri\u00f3dicamente el impacto del operativo antes de su posterior extensi\u00f3n a otros puntos de la provincia.<\/p>\n","protected":false},"excerpt":{"rendered":"<p>Reconocida como la \"ruta productiva\", dicha arteria recibir\u00e1 un desembolso cercano a los 70 millones de d\u00f3lares para concretar una transformaci\u00f3n profunda en su extensi\u00f3n. El Gobierno de Jujuy dio un paso trascendental para el fortalecimiento econ\u00f3mico de Jujuy, con el Programa de Infraestructura Resiliente para el Desarrollo Econ\u00f3mico presentado por el gobernador Carlos Sadir, [&hellip;]<\/p>\n","protected":false},"author":5,"featured_media":446679,"comment_status":"open","ping_status":"open","sticky":false,"template":"","format":"standard","meta":{"_stopmodifiedupdate":false,"_modified_date":"","inline_featured_image":false},"categories":[2],"tags":[],"jetpack_featured_media_url":"https:\/\/notinor.com\/jujuy\/wp-content\/uploads\/2026\/08\/ECONOMIA.webp","_links":{"self":[{"href":"https:\/\/notinor.com\/jujuy\/wp-json\/wp\/v2\/posts\/446678"}],"collection":[{"href":"https:\/\/notinor.com\/jujuy\/wp-json\/wp\/v2\/posts"}],"about":[{"href":"https:\/\/notinor.com\/jujuy\/wp-json\/wp\/v2\/types\/post"}],"author":[{"embeddable":true,"href":"https:\/\/notinor.com\/jujuy\/wp-json\/wp\/v2\/users\/5"}],"replies":[{"embeddable":true,"href":"https:\/\/notinor.com\/jujuy\/wp-json\/wp\/v2\/comments?post=446678"}],"version-history":[{"count":1,"href":"https:\/\/notinor.com\/jujuy\/wp-json\/wp\/v2\/posts\/446678\/revisions"}],"predecessor-version":[{"id":446680,"href":"https:\/\/notinor.com\/jujuy\/wp-json\/wp\/v2\/posts\/446678\/revisions\/446680"}],"wp:featuredmedia":[{"embeddable":true,"href":"https:\/\/notinor.com\/jujuy\/wp-json\/wp\/v2\/media\/446679"}],"wp:attachment":[{"href":"https:\/\/notinor.com\/jujuy\/wp-json\/wp\/v2\/media?parent=446678"}],"wp:term":[{"taxonomy":"category","embeddable":true,"href":"https:\/\/notinor.com\/jujuy\/wp-json\/wp\/v2\/categories?post=446678"},{"taxonomy":"post_tag","embeddable":true,"href":"https:\/\/notinor.com\/jujuy\/wp-json\/wp\/v2\/tags?post=446678"}],"curies":[{"name":"wp","href":"https:\/\/api.w.org\/{rel}","templated":true}]}}