{"id":446671,"date":"2026-08-31T14:37:59","date_gmt":"2026-08-31T17:37:59","guid":{"rendered":"https:\/\/notinor.com\/jujuy\/?p=446671"},"modified":"2026-08-31T14:38:00","modified_gmt":"2026-08-31T17:38:00","slug":"sadir-acompano-la-10-edicion-del-festival-provincial-del-bunuelo-en-el-carmen","status":"publish","type":"post","link":"https:\/\/notinor.com\/jujuy\/sadir-acompano-la-10-edicion-del-festival-provincial-del-bunuelo-en-el-carmen\/","title":{"rendered":"Sadir acompa\u00f1\u00f3 la 10\u00b0 edici\u00f3n del Festival Provincial del Bu\u00f1uelo en El Carmen"},"content":{"rendered":"\n<p class=\"has-medium-font-size\"><strong><em>Con una amplia participaci\u00f3n de emprendedores, productores y artesanos, la jornada puso en valor las tradiciones locales y fortaleci\u00f3 un espacio que a\u00f1o tras a\u00f1o genera movimiento para la econom\u00eda y el sector gastron\u00f3mico de la ciudad.<\/em><\/strong><\/p>\n\n\n<div class=\"wp-block-image\">\n<figure class=\"aligncenter size-large is-resized\"><img decoding=\"async\" loading=\"lazy\" src=\"https:\/\/notinor.com\/jujuy\/wp-content\/uploads\/2026\/08\/BUNUELO-639x480.webp\" alt=\"\" class=\"wp-image-446672\" width=\"707\" height=\"531\" srcset=\"https:\/\/notinor.com\/jujuy\/wp-content\/uploads\/2026\/08\/BUNUELO-639x480.webp 639w, https:\/\/notinor.com\/jujuy\/wp-content\/uploads\/2026\/08\/BUNUELO-486x365.webp 486w, https:\/\/notinor.com\/jujuy\/wp-content\/uploads\/2026\/08\/BUNUELO-768x577.webp 768w, https:\/\/notinor.com\/jujuy\/wp-content\/uploads\/2026\/08\/BUNUELO-750x563.webp 750w, https:\/\/notinor.com\/jujuy\/wp-content\/uploads\/2026\/08\/BUNUELO-1140x856.webp 1140w, https:\/\/notinor.com\/jujuy\/wp-content\/uploads\/2026\/08\/BUNUELO.webp 1200w\" sizes=\"(max-width: 707px) 100vw, 707px\" \/><\/figure><\/div>\n\n\n<p><\/p>\n\n\n\n<p><a href=\"https:\/\/media.prensa.jujuy.gob.ar\/p\/c594c62241814c1436f7298dd7e4bdb3\/adjuntos\/301\/imagenes\/000\/432\/0000432556\/1200x0\/smart\/festival-del-bunuelo.jpeg\"><\/a><\/p>\n\n\n\n<p><a href=\"https:\/\/media.prensa.jujuy.gob.ar\/p\/c594c62241814c1436f7298dd7e4bdb3\/adjuntos\/301\/imagenes\/000\/432\/0000432556\/1200x0\/smart\/festival-del-bunuelo.jpeg\"><\/a><\/p>\n\n\n\n<p><a href=\"https:\/\/media.prensa.jujuy.gob.ar\/p\/c594c62241814c1436f7298dd7e4bdb3\/adjuntos\/301\/imagenes\/000\/432\/0000432556\/1200x0\/smart\/festival-del-bunuelo.jpeg\"><\/a><\/p>\n\n\n\n<p id=\"p-1788195827873-47831\">El gobernador <strong>Carlos Sadi<\/strong>r<strong>\u00a0particip\u00f3 de la 10\u00aa edici\u00f3n del Festival Provincial del Bu\u00f1uelo<\/strong>, que se llev\u00f3 a cabo en El Carmen con una amplia convocatoria y una propuesta que reuni\u00f3 gastronom\u00eda, m\u00fasica, artesan\u00edas y actividades para toda la familia.<\/p>\n\n\n<div class=\"wp-block-image\">\n<figure class=\"aligncenter size-large is-resized\"><img decoding=\"async\" loading=\"lazy\" src=\"https:\/\/notinor.com\/jujuy\/wp-content\/uploads\/2026\/08\/BUNUENO-640x480.webp\" alt=\"\" class=\"wp-image-446674\" width=\"665\" height=\"499\" srcset=\"https:\/\/notinor.com\/jujuy\/wp-content\/uploads\/2026\/08\/BUNUENO-640x480.webp 640w, https:\/\/notinor.com\/jujuy\/wp-content\/uploads\/2026\/08\/BUNUENO-487x365.webp 487w, https:\/\/notinor.com\/jujuy\/wp-content\/uploads\/2026\/08\/BUNUENO-768x576.webp 768w, https:\/\/notinor.com\/jujuy\/wp-content\/uploads\/2026\/08\/BUNUENO-750x563.webp 750w, https:\/\/notinor.com\/jujuy\/wp-content\/uploads\/2026\/08\/BUNUENO-1140x855.webp 1140w, https:\/\/notinor.com\/jujuy\/wp-content\/uploads\/2026\/08\/BUNUENO.webp 1200w\" sizes=\"(max-width: 665px) 100vw, 665px\" \/><\/figure><\/div>\n\n\n<p id=\"p-1788195827873-45148\">Durante la jornada, Sadir recorri\u00f3 el predio, comparti\u00f3 con vecinos, emprendedores y productores, y destac\u00f3 el valor de este tipo de celebraciones para promover las tradiciones juje\u00f1as y, al mismo tiempo, generar oportunidades para quienes desarrollan actividades gastron\u00f3micas y comerciales.<\/p>\n\n\n<div class=\"wp-block-image\">\n<figure class=\"aligncenter size-large is-resized\"><img decoding=\"async\" loading=\"lazy\" src=\"https:\/\/notinor.com\/jujuy\/wp-content\/uploads\/2026\/08\/BUNUENO-1-640x480.webp\" alt=\"\" class=\"wp-image-446675\" width=\"692\" height=\"519\" srcset=\"https:\/\/notinor.com\/jujuy\/wp-content\/uploads\/2026\/08\/BUNUENO-1-640x480.webp 640w, https:\/\/notinor.com\/jujuy\/wp-content\/uploads\/2026\/08\/BUNUENO-1-487x365.webp 487w, https:\/\/notinor.com\/jujuy\/wp-content\/uploads\/2026\/08\/BUNUENO-1-768x576.webp 768w, https:\/\/notinor.com\/jujuy\/wp-content\/uploads\/2026\/08\/BUNUENO-1-750x563.webp 750w, https:\/\/notinor.com\/jujuy\/wp-content\/uploads\/2026\/08\/BUNUENO-1-1140x855.webp 1140w, https:\/\/notinor.com\/jujuy\/wp-content\/uploads\/2026\/08\/BUNUENO-1.webp 1200w\" sizes=\"(max-width: 692px) 100vw, 692px\" \/><\/figure><\/div>\n\n\n<p id=\"p-1788195827873-60477\">\u201cBu\u00f1uelos y El Carmen, un gran plan en Jujuy. Los m\u00e1s ricos, los de siempre. Una vez m\u00e1s, el Festival Provincial del Bu\u00f1uelo fue un \u00e9xito\u201d, expres\u00f3 el mandatario.<\/p>\n\n\n<div class=\"wp-block-image\">\n<figure class=\"aligncenter size-large\"><img decoding=\"async\" loading=\"lazy\" width=\"640\" height=\"480\" src=\"https:\/\/notinor.com\/jujuy\/wp-content\/uploads\/2026\/08\/BUNUENO-2-640x480.webp\" alt=\"\" class=\"wp-image-446676\" srcset=\"https:\/\/notinor.com\/jujuy\/wp-content\/uploads\/2026\/08\/BUNUENO-2-640x480.webp 640w, https:\/\/notinor.com\/jujuy\/wp-content\/uploads\/2026\/08\/BUNUENO-2-487x365.webp 487w, https:\/\/notinor.com\/jujuy\/wp-content\/uploads\/2026\/08\/BUNUENO-2-768x576.webp 768w, https:\/\/notinor.com\/jujuy\/wp-content\/uploads\/2026\/08\/BUNUENO-2-750x563.webp 750w, https:\/\/notinor.com\/jujuy\/wp-content\/uploads\/2026\/08\/BUNUENO-2-1140x855.webp 1140w, https:\/\/notinor.com\/jujuy\/wp-content\/uploads\/2026\/08\/BUNUENO-2.webp 1200w\" sizes=\"(max-width: 640px) 100vw, 640px\" \/><\/figure><\/div>\n\n\n<p id=\"p-1788195827873-40233\">En ese marco, remarc\u00f3 la importancia de continuar acompa\u00f1ando a quienes forman parte del sector gastron\u00f3mico y sostuvo que \u201cvamos a seguir apoyando al sector gastron\u00f3mico para que tengan m\u00e1s oportunidades para mostrarse y vender sus productos\u201d.<\/p>\n\n\n\n<p><strong>Una fiesta que crece y pone en valor la identidad carmense<\/strong><\/p>\n\n\n\n<p id=\"p-1788195827873-2543\">La d\u00e9cima edici\u00f3n del Festival Provincial del Bu\u00f1uelo consolid\u00f3 el crecimiento de una celebraci\u00f3n que tiene como protagonista a uno de los productos tradicionales que identifica a El Carmen y que se convirti\u00f3 en un atractivo para vecinos y visitantes.&nbsp;<\/p>\n\n\n\n<p id=\"p-1788195827873-32996\">La propuesta cont\u00f3 con la participaci\u00f3n de&nbsp;<strong>m\u00e1s de 50 bu\u00f1ueleros y alrededor de 70 artesanos<\/strong>, adem\u00e1s del tradicional Paseo del Bu\u00f1uelo, que ofreci\u00f3 una amplia variedad de productos y propuestas gastron\u00f3micas.&nbsp;<\/p>\n\n\n\n<p id=\"p-1788195827873-38599\">La jornada tambi\u00e9n tuvo una destacada grilla art\u00edstica, con la presentaci\u00f3n de Bruno Arias y numerosos artistas y conjuntos de la regi\u00f3n, con una fuerte participaci\u00f3n de m\u00fasicos locales.&nbsp;<\/p>\n\n\n\n<p id=\"p-1788195827873-59092\">De esta manera, el festival volvi\u00f3 a convertirse en un espacio de encuentro y celebraci\u00f3n de las tradiciones, al tiempo que favoreci\u00f3 la promoci\u00f3n y comercializaci\u00f3n de productos elaborados por emprendedores y trabajadores de la econom\u00eda local.&nbsp;<\/p>\n\n\n\n<p id=\"p-1788195827873-58762\">La actividad fue organizada con acceso libre y gratuito y cont\u00f3 con la participaci\u00f3n del municipio de El Carmen y el acompa\u00f1amiento del Gobierno de Jujuy.<\/p>\n","protected":false},"excerpt":{"rendered":"<p>Con una amplia participaci\u00f3n de emprendedores, productores y artesanos, la jornada puso en valor las tradiciones locales y fortaleci\u00f3 un espacio que a\u00f1o tras a\u00f1o genera movimiento para la econom\u00eda y el sector gastron\u00f3mico de la ciudad. El gobernador Carlos Sadir\u00a0particip\u00f3 de la 10\u00aa edici\u00f3n del Festival Provincial del Bu\u00f1uelo, que se llev\u00f3 a cabo [&hellip;]<\/p>\n","protected":false},"author":5,"featured_media":446673,"comment_status":"open","ping_status":"open","sticky":false,"template":"","format":"standard","meta":{"_stopmodifiedupdate":false,"_modified_date":"","inline_featured_image":false},"categories":[2],"tags":[],"jetpack_featured_media_url":"https:\/\/notinor.com\/jujuy\/wp-content\/uploads\/2026\/08\/BUNUELO1.webp","_links":{"self":[{"href":"https:\/\/notinor.com\/jujuy\/wp-json\/wp\/v2\/posts\/446671"}],"collection":[{"href":"https:\/\/notinor.com\/jujuy\/wp-json\/wp\/v2\/posts"}],"about":[{"href":"https:\/\/notinor.com\/jujuy\/wp-json\/wp\/v2\/types\/post"}],"author":[{"embeddable":true,"href":"https:\/\/notinor.com\/jujuy\/wp-json\/wp\/v2\/users\/5"}],"replies":[{"embeddable":true,"href":"https:\/\/notinor.com\/jujuy\/wp-json\/wp\/v2\/comments?post=446671"}],"version-history":[{"count":1,"href":"https:\/\/notinor.com\/jujuy\/wp-json\/wp\/v2\/posts\/446671\/revisions"}],"predecessor-version":[{"id":446677,"href":"https:\/\/notinor.com\/jujuy\/wp-json\/wp\/v2\/posts\/446671\/revisions\/446677"}],"wp:featuredmedia":[{"embeddable":true,"href":"https:\/\/notinor.com\/jujuy\/wp-json\/wp\/v2\/media\/446673"}],"wp:attachment":[{"href":"https:\/\/notinor.com\/jujuy\/wp-json\/wp\/v2\/media?parent=446671"}],"wp:term":[{"taxonomy":"category","embeddable":true,"href":"https:\/\/notinor.com\/jujuy\/wp-json\/wp\/v2\/categories?post=446671"},{"taxonomy":"post_tag","embeddable":true,"href":"https:\/\/notinor.com\/jujuy\/wp-json\/wp\/v2\/tags?post=446671"}],"curies":[{"name":"wp","href":"https:\/\/api.w.org\/{rel}","templated":true}]}}