{"id":446665,"date":"2026-08-30T23:20:00","date_gmt":"2026-08-31T02:20:00","guid":{"rendered":"https:\/\/notinor.com\/jujuy\/?p=446665"},"modified":"2026-08-30T11:20:35","modified_gmt":"2026-08-30T11:20:35","slug":"continuan-los-juegos-forja-jornada-de-natacion-y-triatlon-en-el-natatorio-municipal","status":"publish","type":"post","link":"https:\/\/notinor.com\/jujuy\/continuan-los-juegos-forja-jornada-de-natacion-y-triatlon-en-el-natatorio-municipal\/","title":{"rendered":"Contin\u00faan los Juegos Forja: jornada de Nataci\u00f3n y Triatl\u00f3n en el Natatorio Municipal"},"content":{"rendered":"\n<p class=\"has-medium-font-size\"><strong><em>La ciudad de San Salvador de Jujuy vivi\u00f3 una intensa jornada deportiva en el Natatorio Municipal \u201cGuillermo Poma\u201d donde se disput\u00f3 una instancia provincial de Nataci\u00f3n y Triatl\u00f3n enmarcada en los Juegos Forja, certamen cuyo objetivo central es definir a los deportistas que conformar\u00e1n los seleccionados juje\u00f1os que representar\u00e1n a la provincia en los Juegos Nacionales Evita a celebrarse en noviembre en Mar del Plata.<\/em><\/strong><\/p>\n\n\n<div class=\"wp-block-image\">\n<figure class=\"aligncenter\"><img decoding=\"async\" src=\"https:\/\/www.sansalvadordejujuy.gob.ar\/wp-content\/uploads\/2026\/08\/natacio-FORJA-5-1024x680.jpg\" alt=\"\" class=\"wp-image-110059\"\/><\/figure><\/div>\n\n\n<p><\/p>\n\n\n\n<p>El subsecretario de Gobierno de la Municipalidad de San Salvador de Jujuy, <strong>Rodrigo Alte<\/strong>a, se refiri\u00f3 al valor de este evento para el desarrollo de los j\u00f3venes locales destacando la articulaci\u00f3n compartida de esfuerzos entre el gobierno local y el provincial, y se\u00f1alando que se est\u00e1 \u201crevalorizando lo que tiene que ver con esta continuidad de los juegos Forja. que son clasificatorios de los Nacionales Evita, porque es un esfuerzo enorme tanto del gobierno de la provincia como de los distintos municipios, y a nosotros nos tocan las instancias finales que se disputan mayormente en nuestra capital, por lo que aprovechamos para interactuar con los j\u00f3venes y ni\u00f1os en todo lo que tiene que ver con el deporte\u201d.<\/p>\n\n\n\n<p>Asimismo, Altea anunci\u00f3 una importante novedad respecto al predio donde se desarrollaron las competencias; entrar\u00e1 en etapa de mantenimiento t\u00e9cnico en el corto plazo . Al respecto, expres\u00f3 que est\u00e1 \u201cesta es la \u00faltima fecha que vamos a tener con la pileta porque vamos a empezar con una serie de refacciones que tienen que ver con la calidad deportiva y con la salud, por lo que vamos a estar cerrandola para ponerla a punto para la temporada de verano\u201d.<\/p>\n\n\n<div class=\"wp-block-image\">\n<figure class=\"aligncenter\"><img decoding=\"async\" src=\"https:\/\/www.sansalvadordejujuy.gob.ar\/wp-content\/uploads\/2026\/08\/natacio-FORJA-7-1024x680.jpg\" alt=\"\" class=\"wp-image-110060\"\/><\/figure><\/div>\n\n\n<p>Por su parte, el director general de Deportes y Recreaci\u00f3n de la municipalidad capitalina, Gustavo Hiruela, dio detalles t\u00e9cnicos sobre el cronograma y el alcance territorial de las actividades previstas para la jornada: \u201cempezamos con un Triatl\u00f3n y despu\u00e9s continuamos con la fase de Nataci\u00f3n clasificatoria en todos los estilos y en todas las gamas\u201d y acot\u00f3 que \u201cesta es una fase provincial donde nos est\u00e1n representando chicos de las distintas escuelas\u201d. En este sentido, Hiruela ponder\u00f3 la convocatoria alcanzada para esta instancia subrayando que \u201chay m\u00e1s de 50 chicos participando en representaci\u00f3n de San Salvador y esperamos que nos representen de la mejor manera\u201d.<\/p>\n\n\n<div class=\"wp-block-image\">\n<figure class=\"aligncenter\"><img decoding=\"async\" src=\"https:\/\/www.sansalvadordejujuy.gob.ar\/wp-content\/uploads\/2026\/08\/natacio-FORJA-15-1024x680.jpg\" alt=\"\" class=\"wp-image-110061\"\/><\/figure><\/div>\n\n\n<p><\/p>\n\n\n\n<p><br>A su turno, el director provincial de Deportes, Leandro Calvetti, en su rol de coordinador de los Juegos Forja, valor\u00f3 positivamente la sede elegida y el trabajo conjunto realizado con nuestra ciudad. Calvetti expres\u00f3: \u201cmuy contento con esta clasificaci\u00f3n provincial en dos disciplinas: en Nataci\u00f3n y tambi\u00e9n en Triatl\u00f3n, aprovechando todo el contexto que ofrece la punta del Parque San Mart\u00edn, trabajando conjuntamente como lo venimos haciendo con todos los municipios\u201d.<\/p>\n\n\n<div class=\"wp-block-image\">\n<figure class=\"aligncenter\"><img decoding=\"async\" src=\"https:\/\/www.sansalvadordejujuy.gob.ar\/wp-content\/uploads\/2026\/08\/natacio-FORJA-14-1024x680.jpg\" alt=\"\" class=\"wp-image-110062\"\/><\/figure><\/div>\n\n\n<p><\/p>\n\n\n\n<p>El funcionario de la provincia hizo hincapi\u00e9 en la trascendencia de la sinergia establecida con la gesti\u00f3n municipal para lograr el \u00e9xito log\u00edstico de la competencia y celebr\u00f3 que se encuentren \u201choy, nuevamente con la Municipalidad de San Salvador de Jujuy, haciendo un gran trabajo y abraz\u00e1ndonos en funci\u00f3n de que estas clasificaciones salgan de la mejor manera para que podamos conformar nuestros representativos provinciales con miras a lo que van a ser los Juegos Nacionales Deportivos Evita\u201d.<\/p>\n\n\n<div class=\"wp-block-image\">\n<figure class=\"aligncenter\"><img decoding=\"async\" src=\"https:\/\/www.sansalvadordejujuy.gob.ar\/wp-content\/uploads\/2026\/08\/natacio-FORJA-27-1024x680.jpg\" alt=\"\" class=\"wp-image-110063\"\/><\/figure><\/div>\n\n\n<p><\/p>\n\n\n\n<p>La profesora Carolina Tofino, en representaci\u00f3n de la Federaci\u00f3n Juje\u00f1a de Nataci\u00f3n, repas\u00f3 el amplio abanico de categor\u00edas contempladas en el encuentro destacando la incorporaci\u00f3n de los deportistas m\u00e1s peque\u00f1os. Tofino precis\u00f3 que \u201cadem\u00e1s de esta Categor\u00eda sub 14 de Nataci\u00f3n Convencional -que va a los juegos Evita-, tambi\u00e9n tenemos la Nataci\u00f3n Adaptada, que tambi\u00e9n es un clasificatorio para los juegos Evita y a los adultos mayores\u201d y a\u00f1adi\u00f3 que \u201ctambi\u00e9n tenemos como novedad la incorporaci\u00f3n del Grupo Sub 11 con la idea que empiecen a prepararse y a foguearse para lo que van a tener que vivir a partir del a\u00f1o que viene\u201d.<\/p>\n\n\n<div class=\"wp-block-image\">\n<figure class=\"aligncenter\"><img decoding=\"async\" src=\"https:\/\/www.sansalvadordejujuy.gob.ar\/wp-content\/uploads\/2026\/08\/natacio-FORJA-3-1024x680.jpg\" alt=\"\" class=\"wp-image-110064\"\/><\/figure><\/div>\n\n\n<p><\/p>\n\n\n\n<p>Finalmente, la referente de la federaci\u00f3n ofreci\u00f3 un balance num\u00e9rico del certamen que convoc\u00f3 a decenas de nadadores de diversas edades y modalidades en un espacio plenamente inclusivo. Tofino detall\u00f3 que \u201cen este evento tenemos dos categor\u00edas: Sub 11 y Sub 14, sumando, entre ambas, alrededor de 50 personas. En Adulto Mayor +60 tenemos 20 personas que est\u00e1n en condiciones de competir, y en Nataci\u00f3n Adaptada contenemos a unos 12 ni\u00f1os. Todo eso forma una cantidad de m\u00e1s de 80 personas aproximadamente\u201d.<\/p>\n","protected":false},"excerpt":{"rendered":"<p>La ciudad de San Salvador de Jujuy vivi\u00f3 una intensa jornada deportiva en el Natatorio Municipal \u201cGuillermo Poma\u201d donde se disput\u00f3 una instancia provincial de Nataci\u00f3n y Triatl\u00f3n enmarcada en los Juegos Forja, certamen cuyo objetivo central es definir a los deportistas que conformar\u00e1n los seleccionados juje\u00f1os que representar\u00e1n a la provincia en los Juegos [&hellip;]<\/p>\n","protected":false},"author":5,"featured_media":446666,"comment_status":"open","ping_status":"open","sticky":false,"template":"","format":"standard","meta":{"_stopmodifiedupdate":false,"_modified_date":"","inline_featured_image":false},"categories":[7],"tags":[],"jetpack_featured_media_url":"https:\/\/notinor.com\/jujuy\/wp-content\/uploads\/2026\/08\/FORJA.jpg","_links":{"self":[{"href":"https:\/\/notinor.com\/jujuy\/wp-json\/wp\/v2\/posts\/446665"}],"collection":[{"href":"https:\/\/notinor.com\/jujuy\/wp-json\/wp\/v2\/posts"}],"about":[{"href":"https:\/\/notinor.com\/jujuy\/wp-json\/wp\/v2\/types\/post"}],"author":[{"embeddable":true,"href":"https:\/\/notinor.com\/jujuy\/wp-json\/wp\/v2\/users\/5"}],"replies":[{"embeddable":true,"href":"https:\/\/notinor.com\/jujuy\/wp-json\/wp\/v2\/comments?post=446665"}],"version-history":[{"count":1,"href":"https:\/\/notinor.com\/jujuy\/wp-json\/wp\/v2\/posts\/446665\/revisions"}],"predecessor-version":[{"id":446667,"href":"https:\/\/notinor.com\/jujuy\/wp-json\/wp\/v2\/posts\/446665\/revisions\/446667"}],"wp:featuredmedia":[{"embeddable":true,"href":"https:\/\/notinor.com\/jujuy\/wp-json\/wp\/v2\/media\/446666"}],"wp:attachment":[{"href":"https:\/\/notinor.com\/jujuy\/wp-json\/wp\/v2\/media?parent=446665"}],"wp:term":[{"taxonomy":"category","embeddable":true,"href":"https:\/\/notinor.com\/jujuy\/wp-json\/wp\/v2\/categories?post=446665"},{"taxonomy":"post_tag","embeddable":true,"href":"https:\/\/notinor.com\/jujuy\/wp-json\/wp\/v2\/tags?post=446665"}],"curies":[{"name":"wp","href":"https:\/\/api.w.org\/{rel}","templated":true}]}}