{"id":446662,"date":"2026-08-30T11:09:35","date_gmt":"2026-08-30T14:09:35","guid":{"rendered":"https:\/\/notinor.com\/jujuy\/?p=446662"},"modified":"2026-08-31T11:15:18","modified_gmt":"2026-08-31T14:15:18","slug":"el-intendente-jorge-acompano-la-apertura-del-nuevo-gimnasio-en-el-estadio-23-de-agosto","status":"publish","type":"post","link":"https:\/\/notinor.com\/jujuy\/el-intendente-jorge-acompano-la-apertura-del-nuevo-gimnasio-en-el-estadio-23-de-agosto\/","title":{"rendered":"El Intendente Jorge acompa\u00f1\u00f3 la apertura del nuevo gimnasio en el estadio 23 de Agosto"},"content":{"rendered":"\n<p class=\"has-medium-font-size\"><strong><em>El intendente de San Salvador de Jujuy, Ra\u00fal \u201cChuli\u201d Jorge, particip\u00f3 de la inauguraci\u00f3n del nuevo gimnasio instalado en el estadio 23 de Agosto, una iniciativa impulsada por el Club Gimnasia y Esgrima de Jujuy junto a la cadena Sport Club, que permiti\u00f3 recuperar y poner en valor un sector del estadio que se encontraba en desuso.<\/em><\/strong><\/p>\n\n\n<div class=\"wp-block-image\">\n<figure class=\"aligncenter\"><img decoding=\"async\" src=\"https:\/\/www.sansalvadordejujuy.gob.ar\/wp-content\/uploads\/2026\/08\/InauguracionGimnasio-2-1024x655.jpg\" alt=\"\" class=\"wp-image-110068\"\/><\/figure><\/div>\n\n\n<p><\/p>\n\n\n\n<p>El nuevo espacio, ubicado debajo de la tribuna preferencial, cuenta con equipamiento de primer nivel para la pr\u00e1ctica deportiva y est\u00e1 abierto al p\u00fablico en general. Adem\u00e1s, los socios de Gimnasia y Esgrima de Jujuy podr\u00e1n acceder a una tarifa preferencial.<\/p>\n\n\n<div class=\"wp-block-image\">\n<figure class=\"aligncenter\"><img decoding=\"async\" src=\"https:\/\/www.sansalvadordejujuy.gob.ar\/wp-content\/uploads\/2026\/08\/InauguracionGimnasio-5-1024x650.jpg\" alt=\"\" class=\"wp-image-110067\"\/><\/figure><\/div>\n\n\n<p><\/p>\n\n\n\n<p>Durante el acto inaugural, el intendente Jorge destac\u00f3 la decisi\u00f3n de la instituci\u00f3n de transformar un sector que permanec\u00eda sin uso y convertirlo en un espacio destinado a la actividad f\u00edsica y el deporte. \u201cEste lugar estuvo olvidado y ahora se convierte en un lugar para la pr\u00e1ctica deportiva al m\u00e1s alto nivel, con equipamiento de calidad que vale la pena que todos los juje\u00f1os lo conozcan y lo utilicen\u201d, expres\u00f3.<\/p>\n\n\n<div class=\"wp-block-image\">\n<figure class=\"aligncenter\"><img decoding=\"async\" src=\"https:\/\/www.sansalvadordejujuy.gob.ar\/wp-content\/uploads\/2026\/08\/InauguracionGimnasio-3-1024x656.jpg\" alt=\"\" class=\"wp-image-110071\"\/><\/figure><\/div>\n\n\n<p><\/p>\n\n\n\n<p>Asimismo, valor\u00f3 la importancia que tiene el estadio 23 de Agosto para la comunidad juje\u00f1a y resalt\u00f3 la iniciativa de la actual dirigencia del club para recuperar y reconvertir parte de sus instalaciones. \u201cEsta parte de la tribuna preferencial, que la dirigencia actual con mucho criterio decidi\u00f3 reconvertir, hoy cuenta con la colaboraci\u00f3n de una marca de primer nivel\u201d, sostuvo Jorge.<\/p>\n\n\n<div class=\"wp-block-image\">\n<figure class=\"aligncenter\"><img decoding=\"async\" src=\"https:\/\/www.sansalvadordejujuy.gob.ar\/wp-content\/uploads\/2026\/08\/InauguracionGimnasio-1-1024x612.jpg\" alt=\"\" class=\"wp-image-110070\"\/><\/figure><\/div>\n\n\n<p><\/p>\n\n\n\n<p>Por su parte, el presidente del Club Gimnasia y Esgrima de Jujuy, <strong>Walter Morales<\/strong>, manifest\u00f3 su satisfacci\u00f3n por la inauguraci\u00f3n y destac\u00f3 que la puesta en funcionamiento del gimnasio forma parte de los objetivos de la instituci\u00f3n para generar nuevos beneficios para sus socios. \u201cEstamos cumpliendo con uno de los objetivos, que es darle valor al club y ofrecer a los socios m\u00e1s beneficios. Todos los socios del Club Gimnasia y Esgrima tendr\u00e1n un precio preferencial\u201d, indic\u00f3.<\/p>\n\n\n\n<p>Morales tambi\u00e9n destac\u00f3 el trabajo realizado para recuperar el sector del estadio y la inversi\u00f3n concretada en conjunto con Sport Club. \u201cEsta es una obra que nos llev\u00f3 mucho tiempo. Estamos poniendo en valor una parte del estadio que estuvo abandonada e hicimos una inversi\u00f3n importante en sociedad con Sport Club. Quiero agradecer a todos los que participaron\u201d, remarc\u00f3.<\/p>\n\n\n\n<p><strong>Nota audiovisual:<\/strong>&nbsp;<a href=\"https:\/\/youtu.be\/2myhWM6NolE\">https:\/\/youtu.be\/2myhWM6NolE<\/a><\/p>\n","protected":false},"excerpt":{"rendered":"<p>El intendente de San Salvador de Jujuy, Ra\u00fal \u201cChuli\u201d Jorge, particip\u00f3 de la inauguraci\u00f3n del nuevo gimnasio instalado en el estadio 23 de Agosto, una iniciativa impulsada por el Club Gimnasia y Esgrima de Jujuy junto a la cadena Sport Club, que permiti\u00f3 recuperar y poner en valor un sector del estadio que se encontraba [&hellip;]<\/p>\n","protected":false},"author":5,"featured_media":446663,"comment_status":"open","ping_status":"open","sticky":false,"template":"","format":"standard","meta":{"_stopmodifiedupdate":false,"_modified_date":"","inline_featured_image":false},"categories":[7],"tags":[],"jetpack_featured_media_url":"https:\/\/notinor.com\/jujuy\/wp-content\/uploads\/2026\/08\/gimnasio.jpg","_links":{"self":[{"href":"https:\/\/notinor.com\/jujuy\/wp-json\/wp\/v2\/posts\/446662"}],"collection":[{"href":"https:\/\/notinor.com\/jujuy\/wp-json\/wp\/v2\/posts"}],"about":[{"href":"https:\/\/notinor.com\/jujuy\/wp-json\/wp\/v2\/types\/post"}],"author":[{"embeddable":true,"href":"https:\/\/notinor.com\/jujuy\/wp-json\/wp\/v2\/users\/5"}],"replies":[{"embeddable":true,"href":"https:\/\/notinor.com\/jujuy\/wp-json\/wp\/v2\/comments?post=446662"}],"version-history":[{"count":1,"href":"https:\/\/notinor.com\/jujuy\/wp-json\/wp\/v2\/posts\/446662\/revisions"}],"predecessor-version":[{"id":446664,"href":"https:\/\/notinor.com\/jujuy\/wp-json\/wp\/v2\/posts\/446662\/revisions\/446664"}],"wp:featuredmedia":[{"embeddable":true,"href":"https:\/\/notinor.com\/jujuy\/wp-json\/wp\/v2\/media\/446663"}],"wp:attachment":[{"href":"https:\/\/notinor.com\/jujuy\/wp-json\/wp\/v2\/media?parent=446662"}],"wp:term":[{"taxonomy":"category","embeddable":true,"href":"https:\/\/notinor.com\/jujuy\/wp-json\/wp\/v2\/categories?post=446662"},{"taxonomy":"post_tag","embeddable":true,"href":"https:\/\/notinor.com\/jujuy\/wp-json\/wp\/v2\/tags?post=446662"}],"curies":[{"name":"wp","href":"https:\/\/api.w.org\/{rel}","templated":true}]}}