{"id":446640,"date":"2026-08-28T22:03:00","date_gmt":"2026-08-29T01:03:00","guid":{"rendered":"https:\/\/notinor.com\/jujuy\/?p=446640"},"modified":"2026-08-28T10:03:01","modified_gmt":"2026-08-28T10:03:01","slug":"la-legislatura-realizo-la-tradicional-ceremonia-de-honras-a-la-pachamama","status":"publish","type":"post","link":"https:\/\/notinor.com\/jujuy\/la-legislatura-realizo-la-tradicional-ceremonia-de-honras-a-la-pachamama\/","title":{"rendered":"<strong>La Legislatura realiz\u00f3 la tradicional ceremonia de honras a la Pachamama<\/strong>"},"content":{"rendered":"\n<p class=\"has-medium-font-size\"><strong><em>En el patio interno de la Legislatura de Jujuy se llev\u00f3 a cabo la ceremon\u00eda de honras a la Pachamama, un ritual ancestral que forma parte de la identidad cultural de la provincia y que convoca anualmente a autoridades, legisladores, directivos y trabajadores del Poder Legislativo para expresar respeto y agradecimiento a la Madre Tierra.<\/em><\/strong><\/p>\n\n\n<div class=\"wp-block-image\">\n<figure class=\"aligncenter size-large\"><img decoding=\"async\" loading=\"lazy\" width=\"719\" height=\"480\" src=\"https:\/\/notinor.com\/jujuy\/wp-content\/uploads\/2026\/08\/PACHA2-719x480.jpeg\" alt=\"\" class=\"wp-image-446642\" srcset=\"https:\/\/notinor.com\/jujuy\/wp-content\/uploads\/2026\/08\/PACHA2-719x480.jpeg 719w, https:\/\/notinor.com\/jujuy\/wp-content\/uploads\/2026\/08\/PACHA2-547x365.jpeg 547w, https:\/\/notinor.com\/jujuy\/wp-content\/uploads\/2026\/08\/PACHA2-768x512.jpeg 768w, https:\/\/notinor.com\/jujuy\/wp-content\/uploads\/2026\/08\/PACHA2-750x500.jpeg 750w, https:\/\/notinor.com\/jujuy\/wp-content\/uploads\/2026\/08\/PACHA2-1140x761.jpeg 1140w, https:\/\/notinor.com\/jujuy\/wp-content\/uploads\/2026\/08\/PACHA2.jpeg 1280w\" sizes=\"(max-width: 719px) 100vw, 719px\" \/><\/figure><\/div>\n\n\n<p><\/p>\n\n\n\n<p>La ceremonia cont\u00f3 con la participaci\u00f3n del vicegobernador <strong>Alberto Bernis<\/strong>, legisladores provinciales de diferentes bancadas, autoridades de la C\u00e1mara, directores, jefes de \u00e1rea y empleados de la Legislatura, quienes acompa\u00f1aron las ofrendas y rituales propios de esta celebraci\u00f3n.<\/p>\n\n\n<div class=\"wp-block-image\">\n<figure class=\"aligncenter size-large\"><img decoding=\"async\" loading=\"lazy\" width=\"719\" height=\"480\" src=\"https:\/\/notinor.com\/jujuy\/wp-content\/uploads\/2026\/08\/PACHA2-1-719x480.jpeg\" alt=\"\" class=\"wp-image-446643\" srcset=\"https:\/\/notinor.com\/jujuy\/wp-content\/uploads\/2026\/08\/PACHA2-1-719x480.jpeg 719w, https:\/\/notinor.com\/jujuy\/wp-content\/uploads\/2026\/08\/PACHA2-1-547x365.jpeg 547w, https:\/\/notinor.com\/jujuy\/wp-content\/uploads\/2026\/08\/PACHA2-1-768x512.jpeg 768w, https:\/\/notinor.com\/jujuy\/wp-content\/uploads\/2026\/08\/PACHA2-1-750x500.jpeg 750w, https:\/\/notinor.com\/jujuy\/wp-content\/uploads\/2026\/08\/PACHA2-1-1140x761.jpeg 1140w, https:\/\/notinor.com\/jujuy\/wp-content\/uploads\/2026\/08\/PACHA2-1.jpeg 1280w\" sizes=\"(max-width: 719px) 100vw, 719px\" \/><\/figure><\/div>\n\n\n<p><\/p>\n\n\n\n<p>Bernis puso en valor la posibilidad de realizar nuevamente esta ceremonia en el \u00e1mbito de la Legislatura. Se\u00f1al\u00f3 que esta celebraci\u00f3n infunde el esp\u00edritu necesario para el trabajo legislativo: sancionar leyes y gestionar para mejorar las condiciones de vida de la gente. Resalt\u00f3 tambi\u00e9n la necesidad de mantener unida a la familia legislativa, trabajando en conjunto sin importar la ideolog\u00eda, en beneficio de la sociedad.<\/p>\n\n\n<div class=\"wp-block-image\">\n<figure class=\"aligncenter size-large\"><img decoding=\"async\" loading=\"lazy\" width=\"719\" height=\"480\" src=\"https:\/\/notinor.com\/jujuy\/wp-content\/uploads\/2026\/08\/PACHA2-2-719x480.jpeg\" alt=\"\" class=\"wp-image-446644\" srcset=\"https:\/\/notinor.com\/jujuy\/wp-content\/uploads\/2026\/08\/PACHA2-2-719x480.jpeg 719w, https:\/\/notinor.com\/jujuy\/wp-content\/uploads\/2026\/08\/PACHA2-2-547x365.jpeg 547w, https:\/\/notinor.com\/jujuy\/wp-content\/uploads\/2026\/08\/PACHA2-2-768x512.jpeg 768w, https:\/\/notinor.com\/jujuy\/wp-content\/uploads\/2026\/08\/PACHA2-2-750x500.jpeg 750w, https:\/\/notinor.com\/jujuy\/wp-content\/uploads\/2026\/08\/PACHA2-2-1140x761.jpeg 1140w, https:\/\/notinor.com\/jujuy\/wp-content\/uploads\/2026\/08\/PACHA2-2.jpeg 1280w\" sizes=\"(max-width: 719px) 100vw, 719px\" \/><\/figure><\/div>\n\n\n<p><\/p>\n\n\n\n<p>El diputado <strong>Santiago Jubert<\/strong> destac\u00f3 el profundo significado de la ceremonia de la Pachamama, reconoci\u00e9ndola como expresi\u00f3n de respeto hacia la Madre Tierra y hacia las costumbres y tradiciones arraigadas en Jujuy. Remarc\u00f3 que la ceremonia constituye una oportunidad para rendir homenaje y pedir que la Madre Tierra acompa\u00f1e a Jujuy y a quienes tienen responsabilidad en la toma de decisiones provinciales. Valor\u00f3 adem\u00e1s la participaci\u00f3n de los empleados legislativos, destacando que la ceremonia surge de su iniciativa y compromiso para sostener esta tradici\u00f3n a\u00f1o tras a\u00f1o.<\/p>\n\n\n<div class=\"wp-block-image\">\n<figure class=\"aligncenter size-large\"><img decoding=\"async\" loading=\"lazy\" width=\"719\" height=\"480\" src=\"https:\/\/notinor.com\/jujuy\/wp-content\/uploads\/2026\/08\/PACHA2-3-719x480.jpeg\" alt=\"\" class=\"wp-image-446645\" srcset=\"https:\/\/notinor.com\/jujuy\/wp-content\/uploads\/2026\/08\/PACHA2-3-719x480.jpeg 719w, https:\/\/notinor.com\/jujuy\/wp-content\/uploads\/2026\/08\/PACHA2-3-547x365.jpeg 547w, https:\/\/notinor.com\/jujuy\/wp-content\/uploads\/2026\/08\/PACHA2-3-768x512.jpeg 768w, https:\/\/notinor.com\/jujuy\/wp-content\/uploads\/2026\/08\/PACHA2-3-750x500.jpeg 750w, https:\/\/notinor.com\/jujuy\/wp-content\/uploads\/2026\/08\/PACHA2-3-1140x761.jpeg 1140w, https:\/\/notinor.com\/jujuy\/wp-content\/uploads\/2026\/08\/PACHA2-3.jpeg 1280w\" sizes=\"(max-width: 719px) 100vw, 719px\" \/><\/figure><\/div>\n\n\n<p><\/p>\n\n\n\n<p>La ceremonia incluy\u00f3 las tradicionales ofrendas a la Pachamama mediante las cuales se expres\u00f3 agradecimiento por los frutos y bienes recibidos durante el a\u00f1o y se formularon pedidos de prosperidad, salud, trabajo y bienestar para las familias juje\u00f1as.<\/p>\n\n\n<div class=\"wp-block-image\">\n<figure class=\"aligncenter size-large\"><img decoding=\"async\" loading=\"lazy\" width=\"719\" height=\"480\" src=\"https:\/\/notinor.com\/jujuy\/wp-content\/uploads\/2026\/08\/PACHA2-4-719x480.jpeg\" alt=\"\" class=\"wp-image-446646\" srcset=\"https:\/\/notinor.com\/jujuy\/wp-content\/uploads\/2026\/08\/PACHA2-4-719x480.jpeg 719w, https:\/\/notinor.com\/jujuy\/wp-content\/uploads\/2026\/08\/PACHA2-4-547x365.jpeg 547w, https:\/\/notinor.com\/jujuy\/wp-content\/uploads\/2026\/08\/PACHA2-4-768x512.jpeg 768w, https:\/\/notinor.com\/jujuy\/wp-content\/uploads\/2026\/08\/PACHA2-4-750x500.jpeg 750w, https:\/\/notinor.com\/jujuy\/wp-content\/uploads\/2026\/08\/PACHA2-4-1140x761.jpeg 1140w, https:\/\/notinor.com\/jujuy\/wp-content\/uploads\/2026\/08\/PACHA2-4.jpeg 1280w\" sizes=\"(max-width: 719px) 100vw, 719px\" \/><\/figure><\/div>\n\n\n<p><\/p>\n\n\n\n<p>La diputada<strong> Ang\u00e9lica Castillo<\/strong> destac\u00f3 que se trata de una ceremonia que se realiza de generaci\u00f3n en generaci\u00f3n, en la que se agradece por todo lo que la Madre Tierra proporciona: los frutos, el trabajo, la salud, las bendiciones recibidas en lugares de trabajo y familias. Enfatiz\u00f3 que es una tradici\u00f3n que ense\u00f1a el valor de la familia y del respeto por la naturaleza, transmitida desde peque\u00f1os en comunidades y familias, en un proceso que se perpet\u00faa de generaci\u00f3n en generaci\u00f3n.<\/p>\n","protected":false},"excerpt":{"rendered":"<p>En el patio interno de la Legislatura de Jujuy se llev\u00f3 a cabo la ceremon\u00eda de honras a la Pachamama, un ritual ancestral que forma parte de la identidad cultural de la provincia y que convoca anualmente a autoridades, legisladores, directivos y trabajadores del Poder Legislativo para expresar respeto y agradecimiento a la Madre Tierra. [&hellip;]<\/p>\n","protected":false},"author":5,"featured_media":446641,"comment_status":"open","ping_status":"open","sticky":false,"template":"","format":"standard","meta":{"_stopmodifiedupdate":false,"_modified_date":"","inline_featured_image":false},"categories":[13],"tags":[],"jetpack_featured_media_url":"https:\/\/notinor.com\/jujuy\/wp-content\/uploads\/2026\/08\/PACHA.jpeg","_links":{"self":[{"href":"https:\/\/notinor.com\/jujuy\/wp-json\/wp\/v2\/posts\/446640"}],"collection":[{"href":"https:\/\/notinor.com\/jujuy\/wp-json\/wp\/v2\/posts"}],"about":[{"href":"https:\/\/notinor.com\/jujuy\/wp-json\/wp\/v2\/types\/post"}],"author":[{"embeddable":true,"href":"https:\/\/notinor.com\/jujuy\/wp-json\/wp\/v2\/users\/5"}],"replies":[{"embeddable":true,"href":"https:\/\/notinor.com\/jujuy\/wp-json\/wp\/v2\/comments?post=446640"}],"version-history":[{"count":1,"href":"https:\/\/notinor.com\/jujuy\/wp-json\/wp\/v2\/posts\/446640\/revisions"}],"predecessor-version":[{"id":446647,"href":"https:\/\/notinor.com\/jujuy\/wp-json\/wp\/v2\/posts\/446640\/revisions\/446647"}],"wp:featuredmedia":[{"embeddable":true,"href":"https:\/\/notinor.com\/jujuy\/wp-json\/wp\/v2\/media\/446641"}],"wp:attachment":[{"href":"https:\/\/notinor.com\/jujuy\/wp-json\/wp\/v2\/media?parent=446640"}],"wp:term":[{"taxonomy":"category","embeddable":true,"href":"https:\/\/notinor.com\/jujuy\/wp-json\/wp\/v2\/categories?post=446640"},{"taxonomy":"post_tag","embeddable":true,"href":"https:\/\/notinor.com\/jujuy\/wp-json\/wp\/v2\/tags?post=446640"}],"curies":[{"name":"wp","href":"https:\/\/api.w.org\/{rel}","templated":true}]}}