{"id":446633,"date":"2026-08-28T21:49:00","date_gmt":"2026-08-29T00:49:00","guid":{"rendered":"https:\/\/notinor.com\/jujuy\/?p=446633"},"modified":"2026-08-28T09:49:37","modified_gmt":"2026-08-28T09:49:37","slug":"integrantes-del-concejo-deliberante-estudiantil-recibieron-capacitacion-parlamentaria","status":"publish","type":"post","link":"https:\/\/notinor.com\/jujuy\/integrantes-del-concejo-deliberante-estudiantil-recibieron-capacitacion-parlamentaria\/","title":{"rendered":"Integrantes del Concejo Deliberante Estudiantil recibieron capacitaci\u00f3n parlamentaria"},"content":{"rendered":"\n<p class=\"has-medium-font-size\"><strong><em>Este viernes por la ma\u00f1ana, en la sala de sesiones del Concejo Deliberante de San Salvador de Jujuy, se llev\u00f3 a cabo una jornada de capacitaci\u00f3n dirigida a los alumnos de diversos establecimientos educativos que integran el Concejo Deliberante Estudiantil. La actividad tuvo como objetivo brindarles herramientas t\u00e9cnicas para el desarrollo de sus tareas legislativas.<\/em><\/strong><\/p>\n\n\n<div class=\"wp-block-image\">\n<figure class=\"aligncenter size-large\"><img decoding=\"async\" loading=\"lazy\" width=\"720\" height=\"480\" src=\"https:\/\/notinor.com\/jujuy\/wp-content\/uploads\/2026\/08\/CAPACITACION1-720x480.jpg\" alt=\"\" class=\"wp-image-446635\" srcset=\"https:\/\/notinor.com\/jujuy\/wp-content\/uploads\/2026\/08\/CAPACITACION1-720x480.jpg 720w, https:\/\/notinor.com\/jujuy\/wp-content\/uploads\/2026\/08\/CAPACITACION1-548x365.jpg 548w, https:\/\/notinor.com\/jujuy\/wp-content\/uploads\/2026\/08\/CAPACITACION1-768x512.jpg 768w, https:\/\/notinor.com\/jujuy\/wp-content\/uploads\/2026\/08\/CAPACITACION1-1536x1024.jpg 1536w, https:\/\/notinor.com\/jujuy\/wp-content\/uploads\/2026\/08\/CAPACITACION1-2048x1365.jpg 2048w, https:\/\/notinor.com\/jujuy\/wp-content\/uploads\/2026\/08\/CAPACITACION1-750x500.jpg 750w, https:\/\/notinor.com\/jujuy\/wp-content\/uploads\/2026\/08\/CAPACITACION1-1140x760.jpg 1140w\" sizes=\"(max-width: 720px) 100vw, 720px\" \/><\/figure><\/div>\n\n\n<p><\/p>\n\n\n\n<p>La jornada estuvo a cargo del equipo t\u00e9cnico del \u00e1rea parlamentaria de la instituci\u00f3n, que encabeza el Dr. <strong>Jorge Beller.<\/strong> En la oportunidad, los estudiantes fueron recibidos por el presidente del cuerpo parlamentario, Dr. <strong>Gast\u00f3n Mill\u00f3n, <\/strong>junto al concejal <strong>N\u00e9stor Barrios.<\/strong><\/p>\n\n\n<div class=\"wp-block-image\">\n<figure class=\"aligncenter size-large\"><img decoding=\"async\" loading=\"lazy\" width=\"720\" height=\"480\" src=\"https:\/\/notinor.com\/jujuy\/wp-content\/uploads\/2026\/08\/CAPACITACION-4-720x480.jpg\" alt=\"\" class=\"wp-image-446636\" srcset=\"https:\/\/notinor.com\/jujuy\/wp-content\/uploads\/2026\/08\/CAPACITACION-4-720x480.jpg 720w, https:\/\/notinor.com\/jujuy\/wp-content\/uploads\/2026\/08\/CAPACITACION-4-548x365.jpg 548w, https:\/\/notinor.com\/jujuy\/wp-content\/uploads\/2026\/08\/CAPACITACION-4-768x512.jpg 768w, https:\/\/notinor.com\/jujuy\/wp-content\/uploads\/2026\/08\/CAPACITACION-4-1536x1024.jpg 1536w, https:\/\/notinor.com\/jujuy\/wp-content\/uploads\/2026\/08\/CAPACITACION-4-2048x1365.jpg 2048w, https:\/\/notinor.com\/jujuy\/wp-content\/uploads\/2026\/08\/CAPACITACION-4-750x500.jpg 750w, https:\/\/notinor.com\/jujuy\/wp-content\/uploads\/2026\/08\/CAPACITACION-4-1140x760.jpg 1140w\" sizes=\"(max-width: 720px) 100vw, 720px\" \/><\/figure><\/div>\n\n\n<p>Al respecto, el Dr. Mill\u00f3n manifest\u00f3: \"El otro d\u00eda fue la apertura del Concejo Estudiantil y los lineamientos generales; hoy est\u00e1n ac\u00e1, en nuestra sala de sesiones, iniciando la capacitaci\u00f3n espec\u00edfica con la parte t\u00e9cnica del asesoramiento legal y parlamentario del equipo de Secretar\u00eda Parlamentaria del Concejo. Lo hacemos en dos grupos porque son muchos, por lo que un grupo empez\u00f3 temprano a las 8:30 de la ma\u00f1ana y el otro a las 10:30, mientras el primero recorre las instalaciones\".<\/p>\n\n\n<div class=\"wp-block-image\">\n<figure class=\"aligncenter size-large\"><img decoding=\"async\" loading=\"lazy\" width=\"720\" height=\"480\" src=\"https:\/\/notinor.com\/jujuy\/wp-content\/uploads\/2026\/08\/CAPACITACION-5-720x480.jpg\" alt=\"\" class=\"wp-image-446637\" srcset=\"https:\/\/notinor.com\/jujuy\/wp-content\/uploads\/2026\/08\/CAPACITACION-5-720x480.jpg 720w, https:\/\/notinor.com\/jujuy\/wp-content\/uploads\/2026\/08\/CAPACITACION-5-548x365.jpg 548w, https:\/\/notinor.com\/jujuy\/wp-content\/uploads\/2026\/08\/CAPACITACION-5-768x512.jpg 768w, https:\/\/notinor.com\/jujuy\/wp-content\/uploads\/2026\/08\/CAPACITACION-5-1536x1024.jpg 1536w, https:\/\/notinor.com\/jujuy\/wp-content\/uploads\/2026\/08\/CAPACITACION-5-2048x1365.jpg 2048w, https:\/\/notinor.com\/jujuy\/wp-content\/uploads\/2026\/08\/CAPACITACION-5-750x500.jpg 750w, https:\/\/notinor.com\/jujuy\/wp-content\/uploads\/2026\/08\/CAPACITACION-5-1140x760.jpg 1140w\" sizes=\"(max-width: 720px) 100vw, 720px\" \/><\/figure><\/div>\n\n\n<p>En ese sentido, el titular del Deliberante agreg\u00f3: \"El objetivo es meterlos dentro del proceso parlamentario, que entiendan c\u00f3mo se hace, por qu\u00e9 y para qu\u00e9 se hace, ya que es parte de conocer sus derechos, no solo los pol\u00edticos, sino los generales, que tienen obviamente a su vez obligaciones\".<\/p>\n\n\n<div class=\"wp-block-image\">\n<figure class=\"aligncenter size-large\"><img decoding=\"async\" loading=\"lazy\" width=\"720\" height=\"480\" src=\"https:\/\/notinor.com\/jujuy\/wp-content\/uploads\/2026\/08\/CAPACITACION1-720x480.jpeg\" alt=\"\" class=\"wp-image-446638\" srcset=\"https:\/\/notinor.com\/jujuy\/wp-content\/uploads\/2026\/08\/CAPACITACION1-720x480.jpeg 720w, https:\/\/notinor.com\/jujuy\/wp-content\/uploads\/2026\/08\/CAPACITACION1-548x365.jpeg 548w, https:\/\/notinor.com\/jujuy\/wp-content\/uploads\/2026\/08\/CAPACITACION1.jpeg 750w\" sizes=\"(max-width: 720px) 100vw, 720px\" \/><\/figure><\/div>\n\n\n<p>Por \u00faltimo, al ser consultado sobre el inter\u00e9s que esta experiencia puede despertar en los j\u00f3venes respecto de la pol\u00edtica como herramienta de transformaci\u00f3n, Mill\u00f3n subray\u00f3: \"Esa es la idea, yo creo que hoy, m\u00e1s que la cr\u00edtica, corresponde el involucrarse y ser parte, cada uno desde su lugar. Algunos pueden entender que la pol\u00edtica es el camino, otros entender que lo es desde la propia profesi\u00f3n y el trabajo, pero lo que <strong>es fundamental es que cada uno entienda la funci\u00f3n de los \u00f3rganos del gobierno\"<\/strong>, finaliz\u00f3 Gast\u00f3n Mill\u00f3n.<\/p>\n\n\n\n<p>Nota Audiovisual:&nbsp;<a href=\"https:\/\/youtu.be\/VsdtcW0aO4E\" target=\"_blank\" rel=\"noreferrer noopener\">https:\/\/youtu.be\/VsdtcW0aO4E<\/a><\/p>\n","protected":false},"excerpt":{"rendered":"<p>Este viernes por la ma\u00f1ana, en la sala de sesiones del Concejo Deliberante de San Salvador de Jujuy, se llev\u00f3 a cabo una jornada de capacitaci\u00f3n dirigida a los alumnos de diversos establecimientos educativos que integran el Concejo Deliberante Estudiantil. La actividad tuvo como objetivo brindarles herramientas t\u00e9cnicas para el desarrollo de sus tareas legislativas. [&hellip;]<\/p>\n","protected":false},"author":5,"featured_media":446634,"comment_status":"open","ping_status":"open","sticky":false,"template":"","format":"standard","meta":{"_stopmodifiedupdate":false,"_modified_date":"","inline_featured_image":false},"categories":[514],"tags":[],"jetpack_featured_media_url":"https:\/\/notinor.com\/jujuy\/wp-content\/uploads\/2026\/08\/CAPACITACION-3-scaled.jpg","_links":{"self":[{"href":"https:\/\/notinor.com\/jujuy\/wp-json\/wp\/v2\/posts\/446633"}],"collection":[{"href":"https:\/\/notinor.com\/jujuy\/wp-json\/wp\/v2\/posts"}],"about":[{"href":"https:\/\/notinor.com\/jujuy\/wp-json\/wp\/v2\/types\/post"}],"author":[{"embeddable":true,"href":"https:\/\/notinor.com\/jujuy\/wp-json\/wp\/v2\/users\/5"}],"replies":[{"embeddable":true,"href":"https:\/\/notinor.com\/jujuy\/wp-json\/wp\/v2\/comments?post=446633"}],"version-history":[{"count":1,"href":"https:\/\/notinor.com\/jujuy\/wp-json\/wp\/v2\/posts\/446633\/revisions"}],"predecessor-version":[{"id":446639,"href":"https:\/\/notinor.com\/jujuy\/wp-json\/wp\/v2\/posts\/446633\/revisions\/446639"}],"wp:featuredmedia":[{"embeddable":true,"href":"https:\/\/notinor.com\/jujuy\/wp-json\/wp\/v2\/media\/446634"}],"wp:attachment":[{"href":"https:\/\/notinor.com\/jujuy\/wp-json\/wp\/v2\/media?parent=446633"}],"wp:term":[{"taxonomy":"category","embeddable":true,"href":"https:\/\/notinor.com\/jujuy\/wp-json\/wp\/v2\/categories?post=446633"},{"taxonomy":"post_tag","embeddable":true,"href":"https:\/\/notinor.com\/jujuy\/wp-json\/wp\/v2\/tags?post=446633"}],"curies":[{"name":"wp","href":"https:\/\/api.w.org\/{rel}","templated":true}]}}