{"id":446627,"date":"2026-08-30T23:25:40","date_gmt":"2026-08-31T02:25:40","guid":{"rendered":"https:\/\/notinor.com\/jujuy\/?p=446627"},"modified":"2026-08-30T23:25:41","modified_gmt":"2026-08-31T02:25:41","slug":"sadir-acompano-a-la-comunidad-de-caspala-en-las-honras-a-santa-rosa-de-lima","status":"publish","type":"post","link":"https:\/\/notinor.com\/jujuy\/sadir-acompano-a-la-comunidad-de-caspala-en-las-honras-a-santa-rosa-de-lima\/","title":{"rendered":"Sadir acompa\u00f1\u00f3 a la comunidad de Caspal\u00e1 en las honras a Santa Rosa de Lima"},"content":{"rendered":"\n<p class=\"has-medium-font-size\"><strong><em>El gobernador particip\u00f3 de las celebraciones religiosas y protocolares. En ese marco, destac\u00f3 el valor cultural, hist\u00f3rico y tur\u00edstico del pueblo.<\/em><\/strong><\/p>\n\n\n\n<p><\/p>\n\n\n<div class=\"wp-block-image\">\n<figure class=\"aligncenter size-full\"><img decoding=\"async\" loading=\"lazy\" width=\"800\" height=\"450\" src=\"https:\/\/notinor.com\/jujuy\/wp-content\/uploads\/2026\/08\/fiesta-patronal-caspala.jpg\" alt=\"\" class=\"wp-image-446628\" srcset=\"https:\/\/notinor.com\/jujuy\/wp-content\/uploads\/2026\/08\/fiesta-patronal-caspala.jpg 800w, https:\/\/notinor.com\/jujuy\/wp-content\/uploads\/2026\/08\/fiesta-patronal-caspala-649x365.jpg 649w, https:\/\/notinor.com\/jujuy\/wp-content\/uploads\/2026\/08\/fiesta-patronal-caspala-500x280.jpg 500w, https:\/\/notinor.com\/jujuy\/wp-content\/uploads\/2026\/08\/fiesta-patronal-caspala-768x432.jpg 768w, https:\/\/notinor.com\/jujuy\/wp-content\/uploads\/2026\/08\/fiesta-patronal-caspala-750x422.jpg 750w\" sizes=\"(max-width: 800px) 100vw, 800px\" \/><\/figure><\/div>\n\n\n<p><\/p>\n\n\n\n<p>El gobernador Carlos Sadir acompa\u00f1\u00f3 a la comunidad de Caspal\u00e1 durante las celebraciones religiosas y protocolares en honor a Nuestra Se\u00f1ora de Santa Rosa de Lima, patrona de la localidad.<\/p>\n\n\n\n<p>El mandatario provincial particip\u00f3 de la misa y de las tradicionales honras a la santa patrona, en una jornada que reuni\u00f3 a vecinos de Caspal\u00e1, representantes de comunidades y localidades cercanas, autoridades municipales y provinciales.<\/p>\n\n\n\n<p>Durante su visita, Sadir destac\u00f3 el valor hist\u00f3rico, cultural y tur\u00edstico del lugar y puso en relieve el trabajo de sus habitantes, especialmente de las bordadoras y emprendedoras locales.<\/p>\n\n\n\n<p>\u201cEstoy muy contento de llegar a Caspal\u00e1. Quiero agradecer al comisionado municipal y a toda la gente del pueblo por recibirme tan amablemente y por permitirme acompa\u00f1arlos en este lindo acto y en la misa\u201d, expres\u00f3 el gobernador. En ese marco, resalt\u00f3 las caracter\u00edsticas que distinguen a la localidad.&nbsp;\u201cEste es un pueblo que tiene mucha historia, mucha cultura y una rica gastronom\u00eda. Y, obviamente, ni qu\u00e9 decir de las bordadoras y emprendedoras que tiene, que son \u00fanicas\u201d, sostuvo.<\/p>\n\n\n\n<p>Sadir tambi\u00e9n valor\u00f3 el crecimiento tur\u00edstico que experiment\u00f3 Caspal\u00e1 en los \u00faltimos a\u00f1os y record\u00f3 su reconocimiento internacional como uno de los pueblos m\u00e1s lindos del mundo. \u201cEs un pueblo que crece mucho y que tur\u00edsticamente es muy fuerte e importante. De hecho, hace un par de a\u00f1os fue seleccionado como uno de los pueblos m\u00e1s lindos del mundo\u201d, se\u00f1al\u00f3.<\/p>\n\n\n\n<p><\/p>\n\n\n\n<p class=\"has-medium-font-size\"><strong>Trabajar junto a la comunidad<\/strong><\/p>\n\n\n\n<p>Finalmente, el gobernador reafirm\u00f3 el compromiso de continuar trabajando junto a la comunidad para acompa\u00f1ar su desarrollo y atender las necesidades de sus habitantes. \u201cPor supuesto, hay que seguir trabajando junto a ellos, buscando mejorar la calidad de vida de estos habitantes, planteando y, obviamente, escuchando tambi\u00e9n sus necesidades\u201d,<\/p>\n\n\n\n<p>afirm\u00f3. Sadir estuvo acompa\u00f1ado por el comisionado municipal de Caspal\u00e1, Agust\u00edn Zen\u00f3n Quipildor; representantes del Consejo Econ\u00f3mico; autoridades de comunidades vecinas y legisladores provinciales.<\/p>\n\n\n\n<p>Las actividades se desarrollaron en el marco de las festividades patronales, una de las celebraciones tradicionales m\u00e1s importantes para la comunidad de Caspal\u00e1, que combina la expresi\u00f3n de la fe con la identidad cultural y las tradiciones de esta localidad de la Quebrada juje\u00f1a.<\/p>\n","protected":false},"excerpt":{"rendered":"<p>El gobernador particip\u00f3 de las celebraciones religiosas y protocolares. En ese marco, destac\u00f3 el valor cultural, hist\u00f3rico y tur\u00edstico del pueblo. El gobernador Carlos Sadir acompa\u00f1\u00f3 a la comunidad de Caspal\u00e1 durante las celebraciones religiosas y protocolares en honor a Nuestra Se\u00f1ora de Santa Rosa de Lima, patrona de la localidad. El mandatario provincial particip\u00f3 [&hellip;]<\/p>\n","protected":false},"author":49,"featured_media":446628,"comment_status":"open","ping_status":"open","sticky":false,"template":"","format":"standard","meta":{"_stopmodifiedupdate":false,"_modified_date":"","inline_featured_image":false},"categories":[2,4],"tags":[],"jetpack_featured_media_url":"https:\/\/notinor.com\/jujuy\/wp-content\/uploads\/2026\/08\/fiesta-patronal-caspala.jpg","_links":{"self":[{"href":"https:\/\/notinor.com\/jujuy\/wp-json\/wp\/v2\/posts\/446627"}],"collection":[{"href":"https:\/\/notinor.com\/jujuy\/wp-json\/wp\/v2\/posts"}],"about":[{"href":"https:\/\/notinor.com\/jujuy\/wp-json\/wp\/v2\/types\/post"}],"author":[{"embeddable":true,"href":"https:\/\/notinor.com\/jujuy\/wp-json\/wp\/v2\/users\/49"}],"replies":[{"embeddable":true,"href":"https:\/\/notinor.com\/jujuy\/wp-json\/wp\/v2\/comments?post=446627"}],"version-history":[{"count":1,"href":"https:\/\/notinor.com\/jujuy\/wp-json\/wp\/v2\/posts\/446627\/revisions"}],"predecessor-version":[{"id":446629,"href":"https:\/\/notinor.com\/jujuy\/wp-json\/wp\/v2\/posts\/446627\/revisions\/446629"}],"wp:featuredmedia":[{"embeddable":true,"href":"https:\/\/notinor.com\/jujuy\/wp-json\/wp\/v2\/media\/446628"}],"wp:attachment":[{"href":"https:\/\/notinor.com\/jujuy\/wp-json\/wp\/v2\/media?parent=446627"}],"wp:term":[{"taxonomy":"category","embeddable":true,"href":"https:\/\/notinor.com\/jujuy\/wp-json\/wp\/v2\/categories?post=446627"},{"taxonomy":"post_tag","embeddable":true,"href":"https:\/\/notinor.com\/jujuy\/wp-json\/wp\/v2\/tags?post=446627"}],"curies":[{"name":"wp","href":"https:\/\/api.w.org\/{rel}","templated":true}]}}