{"id":446624,"date":"2026-08-30T22:22:03","date_gmt":"2026-08-31T01:22:03","guid":{"rendered":"https:\/\/notinor.com\/jujuy\/?p=446624"},"modified":"2026-08-30T22:22:04","modified_gmt":"2026-08-31T01:22:04","slug":"bajo-la-vina-un-motociclista-murio-tras-derrapar-en-la-avenida-balbin","status":"publish","type":"post","link":"https:\/\/notinor.com\/jujuy\/bajo-la-vina-un-motociclista-murio-tras-derrapar-en-la-avenida-balbin\/","title":{"rendered":"Bajo La Vi\u00f1a: un motociclista muri\u00f3 tras derrapar en la Avenida Balb\u00edn"},"content":{"rendered":"\n<p class=\"has-medium-font-size\"><strong><em>La madrugada de este domingo estuvo marcada por un tr\u00e1gico episodio en el barrio Bajo La Vi\u00f1a. Un joven de alrededor de 30 a\u00f1os perdi\u00f3 la vida luego de protagonizar un siniestro vial sobre la Avenida Balb\u00edn, en la intersecci\u00f3n con calle Azcasubi.<\/em><\/strong><\/p>\n\n\n\n<p><\/p>\n\n\n<div class=\"wp-block-image\">\n<figure class=\"aligncenter size-full\"><img decoding=\"async\" loading=\"lazy\" width=\"800\" height=\"450\" src=\"https:\/\/notinor.com\/jujuy\/wp-content\/uploads\/2026\/08\/moto-derrape.jpg\" alt=\"\" class=\"wp-image-446625\" srcset=\"https:\/\/notinor.com\/jujuy\/wp-content\/uploads\/2026\/08\/moto-derrape.jpg 800w, https:\/\/notinor.com\/jujuy\/wp-content\/uploads\/2026\/08\/moto-derrape-649x365.jpg 649w, https:\/\/notinor.com\/jujuy\/wp-content\/uploads\/2026\/08\/moto-derrape-500x280.jpg 500w, https:\/\/notinor.com\/jujuy\/wp-content\/uploads\/2026\/08\/moto-derrape-768x432.jpg 768w, https:\/\/notinor.com\/jujuy\/wp-content\/uploads\/2026\/08\/moto-derrape-750x422.jpg 750w\" sizes=\"(max-width: 800px) 100vw, 800px\" \/><\/figure><\/div>\n\n\n<p><\/p>\n\n\n\n<p>Seg\u00fan las primeras averiguaciones, el motociclista circulaba por la zona cuando, por motivos que a\u00fan se investigan, perdi\u00f3 el control del rodado y termin\u00f3 derrapando violentamente sobre la calzada. El impacto fue de tal magnitud que el joven qued\u00f3 tendido en el lugar.<\/p>\n\n\n\n<p>Alertados por vecinos, efectivos de la Polic\u00eda de la provincia y personal del SAME acudieron de inmediato. Al examinar al conductor, los profesionales confirmaron que ya no presentaba signos vitales. Los m\u00e9dicos se\u00f1alaron que la causa del fallecimiento fue un traumatismo enc\u00e9falo craneal grave, consecuencia directa del despiste.<\/p>\n\n\n\n<p>La Comisar\u00eda Seccional N.\u00ba 50 intervino en el hecho y llev\u00f3 adelante las actuaciones de rigor, adem\u00e1s de coordinar las pericias destinadas a determinar con precisi\u00f3n c\u00f3mo ocurri\u00f3 el accidente.<\/p>\n","protected":false},"excerpt":{"rendered":"<p>La madrugada de este domingo estuvo marcada por un tr\u00e1gico episodio en el barrio Bajo La Vi\u00f1a. Un joven de alrededor de 30 a\u00f1os perdi\u00f3 la vida luego de protagonizar un siniestro vial sobre la Avenida Balb\u00edn, en la intersecci\u00f3n con calle Azcasubi. Seg\u00fan las primeras averiguaciones, el motociclista circulaba por la zona cuando, por [&hellip;]<\/p>\n","protected":false},"author":49,"featured_media":446625,"comment_status":"open","ping_status":"open","sticky":false,"template":"","format":"standard","meta":{"_stopmodifiedupdate":false,"_modified_date":"","inline_featured_image":false},"categories":[2,514,3],"tags":[],"jetpack_featured_media_url":"https:\/\/notinor.com\/jujuy\/wp-content\/uploads\/2026\/08\/moto-derrape.jpg","_links":{"self":[{"href":"https:\/\/notinor.com\/jujuy\/wp-json\/wp\/v2\/posts\/446624"}],"collection":[{"href":"https:\/\/notinor.com\/jujuy\/wp-json\/wp\/v2\/posts"}],"about":[{"href":"https:\/\/notinor.com\/jujuy\/wp-json\/wp\/v2\/types\/post"}],"author":[{"embeddable":true,"href":"https:\/\/notinor.com\/jujuy\/wp-json\/wp\/v2\/users\/49"}],"replies":[{"embeddable":true,"href":"https:\/\/notinor.com\/jujuy\/wp-json\/wp\/v2\/comments?post=446624"}],"version-history":[{"count":1,"href":"https:\/\/notinor.com\/jujuy\/wp-json\/wp\/v2\/posts\/446624\/revisions"}],"predecessor-version":[{"id":446626,"href":"https:\/\/notinor.com\/jujuy\/wp-json\/wp\/v2\/posts\/446624\/revisions\/446626"}],"wp:featuredmedia":[{"embeddable":true,"href":"https:\/\/notinor.com\/jujuy\/wp-json\/wp\/v2\/media\/446625"}],"wp:attachment":[{"href":"https:\/\/notinor.com\/jujuy\/wp-json\/wp\/v2\/media?parent=446624"}],"wp:term":[{"taxonomy":"category","embeddable":true,"href":"https:\/\/notinor.com\/jujuy\/wp-json\/wp\/v2\/categories?post=446624"},{"taxonomy":"post_tag","embeddable":true,"href":"https:\/\/notinor.com\/jujuy\/wp-json\/wp\/v2\/tags?post=446624"}],"curies":[{"name":"wp","href":"https:\/\/api.w.org\/{rel}","templated":true}]}}