{"id":44619,"date":"2015-09-18T01:02:39","date_gmt":"2015-09-18T04:02:39","guid":{"rendered":"http:\/\/notinor.com\/jujuy\/?p=44619"},"modified":"2015-09-18T01:02:39","modified_gmt":"2015-09-18T04:02:39","slug":"salta-se-viene-el-nacional-de-picadas-en-el-picodromo-martin-miguel-de-guemes","status":"publish","type":"post","link":"https:\/\/notinor.com\/jujuy\/salta-se-viene-el-nacional-de-picadas-en-el-picodromo-martin-miguel-de-guemes\/","title":{"rendered":"Salta: Se viene el Nacional de Picadas en el pic\u00f3dromo Mart\u00edn Miguel de G\u00fcemes"},"content":{"rendered":"<p>El Nacional de Picadas en Salta, har\u00e1 lugar a la absoluta competencia, dejando de lado la exhibici\u00f3n de otras temporadas. Entre s\u00e1bado 19 y domingo 20 de sptiembre, ser\u00e1n m\u00e1s de 150 autos en el pic\u00f3dromo del Mart\u00edn Miguel de G\u00fcemes.<\/p>\n<p>A casi un d\u00eda, para que el Nacional de Picadas comience a acelerar en \"La Linda\".<\/p>\n<p>Desde la Subcomisi\u00f3n de Picadas del Auto Club Salta como organizador, se hizo especial hincapie en que la competencia, debe ser la esencia de este Nacional.<\/p>\n<p>Por tercera vez consecutiva, Salta ser\u00e1 centro de \u00e9ste encuentro motor, que ofrecer\u00e1 al p\u00fablico, absoluta competencia en el 1\/4 de milla.<\/p>\n<p>Con poco m\u00e1s de 150 autos en competencia, la mitad entre pilotos y equipos, representar\u00e1 a Salta; mientras que el resto, llega desde diferentes puntos del pa\u00eds.<\/p>\n<p>En el aspecto competitivo, las m\u00e1quinas locales han alcanzado mayor desarrollo con respecto a las dos ediciones nacionales anteriores, realizadas en Salta.<\/p>\n<p>En la actualidad, Salta cuenta con exponentes que marcar\u00e1n su presencia como en el caso de los que se mencionan a continuaci\u00f3n:<\/p>\n<p>Bernardo Fr\u00edas con Ford 34; Dar\u00edo Ocampo con Fanny Car, tracci\u00f3n trasera, motor Fiat Tipo 1.9 aspirado; Enrique Burgos (F600 - 147); Agust\u00edn Soria (Fiat 128) junto a su hermano Mart\u00edn; Pipo Armatta (Fiat 147); Fabio Soto \u201cburro\u201d (Cup\u00e9 R. Fuego); Edgardo Guevara \u201cpatrullero\u201d (VW Senda); Emanuel Palermo \u201cBartolo Desinger\u201d (Fanny F 600); Rodrigo Tom\u00e1s (VW Bora); Gustavo Marino (VW Gol GTI); Nacho Cajal (VW Bora); Nacho (CH. Corsa); Luis Cabana (CH. Corsa Turbo); Francisco Casas (VW PassatJ); Mariano S\u00e1nchez (Suzuki Fun); Gullermo Juan (VW Bora); Diego Mosele (VW Bora); Nacho Carrizo (VW Bora); Exequiel Figueroa (VW Bora); Daniel Gerchen (VW Sirocco); Lucas Tapia (VW Taro); Juan Pablo Larrero (VW Bento); Mali Sing (BMW); Luis Morales (VW Bora); Mat\u00edas Martorel (Fiat Uno); entre otros pilotos.<\/p>\n<p>Adem\u00e1s, llegar\u00e1n referentes del resto del pa\u00eds. Desde Buenos Aires: Alejandro Mendoza (Bs. As.) F 147; Nico CCT Power con 147 Turbo. Desde Entre R\u00edos, Pablo Guiller\u00f3n con Funy motor Audi. Desde Mendoza: Palmiero Racing con Fiat Uno Turbo 16 v\u00e1lvulas; Diego Bereta con 147 aspirado. Desde C\u00f3rdoba: Marcelo D\u00edaz Chevrolet 400. Ariel Mercado Campe\u00f3n Argentino con F 147; Dar\u00edo Pedrueza; Sergio G\u00f3mez; Dami\u00e1n Caballero; Rodrigo Mendoza. Desde Rosario: Mario Chiquini con Ford Falcon. Desde Santiago del Estero: Juan Bastit con F 128 Turbo; Luis Bastit con F 600 Funny; Sebasti\u00e1n D\u00edaz; Nicol\u00e1s Fern\u00e1ndez F 128 - F 600; Luciano Gonc\u00e1lvez Fiat Uno; Hermes Jalile: Verdugo Racing. Desde Chaco: Carlos Juan Juan. Desde Tucum\u00e1n: Nardolillo con dos Fiat Uno; M\u00f3naco Turbo con dos Fiat Uno, un Fiat Duna, un 147 y dos 128; Maxi Trevi\u00f1o; Agust\u00edn Guerrero; Alejandro Barrag\u00e1n, entre otros. Desde Jujuy: Federico Gasquet con \u201cLa Morena\u201d; Tony Jodal Con Un Funny F 600; Jos\u00e9 Gulily con el Fiat 128; el Chapa Quiroga con la Cup\u00e9 Renault Megane Funny. Catamarca contar\u00e1 con la participaci\u00f3n de Ernesto Jalile con Fiat 128 y muchoa otros m\u00e1s.<\/p>\n<p>El pa\u00eds a pleno estar\u00e1 picando en el aut\u00f3dromo salte\u00f1o con muchos otros representantes.<\/p>\n<p>Subcomisi\u00f3n de Picadas<\/p>\n<p>Pablo D\u2019Abate es miembro de Subcomisi\u00f3n de Picadas y junto a Pablo Rada, han trabajado intensamente para que \u00e9ste tercer nacional consecutivo en Salta, alcance \u00e9xito rotundo.<\/p>\n<p>Pablo D\u2019Abate: \u201cVenimos trabajando desde hace bastante tiempo y esperamos que la gente nos apoye. El a\u00f1o pasado hemos apostado a mayor competencia y menos exhibici\u00f3n. Este a\u00f1o con el respaldo del Auto Club Salta, trabajamos diferente apostando a la competencia, Con dos ediciones a cuesta, Salta se hizo conocer en el pa\u00eds, y hoy se toma septiembre como una fecha calendario a nivel nacional para los pilotos del 1\/4 de milla en La Linda\u201d<\/p>\n<p>\u201cPara esta nueva edici\u00f3n, hemos apostado a la competencia, lo hizo que hizo caer la participaci\u00f3n de algunos pilotos que s\u00ed estuvieron al a\u00f1o pasado o antes. De todos modos hemos buscado que haya rivalidad y que vengan a tirar a fondo, M\u00e1s all\u00e1 de la competencia por la que apostamos, tambi\u00e9n es un espect\u00e1culo para la gente a la que estaremos esperando estos dos d\u00edas\u201d.<\/p>\n<p>&nbsp;<\/p>\n","protected":false},"excerpt":{"rendered":"<p>El Nacional de Picadas en Salta, har\u00e1 lugar a la absoluta competencia, dejando de lado la exhibici\u00f3n de otras temporadas. Entre s\u00e1bado 19 y domingo 20 de sptiembre, ser\u00e1n m\u00e1s de 150 autos en el pic\u00f3dromo del Mart\u00edn Miguel de G\u00fcemes. A casi un d\u00eda, para que el Nacional de Picadas comience a acelerar en [&hellip;]<\/p>\n","protected":false},"author":1,"featured_media":44620,"comment_status":"open","ping_status":"open","sticky":false,"template":"","format":"standard","meta":{"_stopmodifiedupdate":false,"_modified_date":"","inline_featured_image":false,"spay_email":"","jetpack_publicize_message":""},"categories":[7],"tags":[],"jetpack_featured_media_url":"https:\/\/notinor.com\/jujuy\/wp-content\/uploads\/2015\/09\/picadas.jpg","jetpack_publicize_connections":[],"_links":{"self":[{"href":"https:\/\/notinor.com\/jujuy\/wp-json\/wp\/v2\/posts\/44619"}],"collection":[{"href":"https:\/\/notinor.com\/jujuy\/wp-json\/wp\/v2\/posts"}],"about":[{"href":"https:\/\/notinor.com\/jujuy\/wp-json\/wp\/v2\/types\/post"}],"author":[{"embeddable":true,"href":"https:\/\/notinor.com\/jujuy\/wp-json\/wp\/v2\/users\/1"}],"replies":[{"embeddable":true,"href":"https:\/\/notinor.com\/jujuy\/wp-json\/wp\/v2\/comments?post=44619"}],"version-history":[{"count":1,"href":"https:\/\/notinor.com\/jujuy\/wp-json\/wp\/v2\/posts\/44619\/revisions"}],"predecessor-version":[{"id":44621,"href":"https:\/\/notinor.com\/jujuy\/wp-json\/wp\/v2\/posts\/44619\/revisions\/44621"}],"wp:featuredmedia":[{"embeddable":true,"href":"https:\/\/notinor.com\/jujuy\/wp-json\/wp\/v2\/media\/44620"}],"wp:attachment":[{"href":"https:\/\/notinor.com\/jujuy\/wp-json\/wp\/v2\/media?parent=44619"}],"wp:term":[{"taxonomy":"category","embeddable":true,"href":"https:\/\/notinor.com\/jujuy\/wp-json\/wp\/v2\/categories?post=44619"},{"taxonomy":"post_tag","embeddable":true,"href":"https:\/\/notinor.com\/jujuy\/wp-json\/wp\/v2\/tags?post=44619"}],"curies":[{"name":"wp","href":"https:\/\/api.w.org\/{rel}","templated":true}]}}