{"id":441561,"date":"2026-04-30T21:56:09","date_gmt":"2026-05-01T00:56:09","guid":{"rendered":"https:\/\/notinor.com\/jujuy\/?p=441561"},"modified":"2026-04-30T21:56:11","modified_gmt":"2026-05-01T00:56:11","slug":"el-gobierno-reabrira-la-sala-de-periodistas-y-adorni-volvera-a-dar-una-conferencia-de-prensa-en-la-casa-rosada","status":"publish","type":"post","link":"https:\/\/notinor.com\/jujuy\/el-gobierno-reabrira-la-sala-de-periodistas-y-adorni-volvera-a-dar-una-conferencia-de-prensa-en-la-casa-rosada\/","title":{"rendered":"El Gobierno reabrir\u00e1 la sala de periodistas y Adorni volver\u00e1 a dar una conferencia de prensa en la Casa Rosada"},"content":{"rendered":"\n<p class=\"has-medium-font-size\"><strong><em>El jefe de Gabinete tom\u00f3 la decisi\u00f3n luego de su presentaci\u00f3n en la C\u00e1mara de Diputados. El acceso est\u00e1 restringido hace una semana.<\/em><\/strong><\/p>\n\n\n\n<p><\/p>\n\n\n<div class=\"wp-block-image\">\n<figure class=\"aligncenter size-full\"><img decoding=\"async\" loading=\"lazy\" width=\"800\" height=\"450\" src=\"https:\/\/notinor.com\/jujuy\/wp-content\/uploads\/2026\/04\/manuel-adorni-1.jpg\" alt=\"\" class=\"wp-image-441562\" srcset=\"https:\/\/notinor.com\/jujuy\/wp-content\/uploads\/2026\/04\/manuel-adorni-1.jpg 800w, https:\/\/notinor.com\/jujuy\/wp-content\/uploads\/2026\/04\/manuel-adorni-1-649x365.jpg 649w, https:\/\/notinor.com\/jujuy\/wp-content\/uploads\/2026\/04\/manuel-adorni-1-500x280.jpg 500w, https:\/\/notinor.com\/jujuy\/wp-content\/uploads\/2026\/04\/manuel-adorni-1-768x432.jpg 768w, https:\/\/notinor.com\/jujuy\/wp-content\/uploads\/2026\/04\/manuel-adorni-1-750x422.jpg 750w\" sizes=\"(max-width: 800px) 100vw, 800px\" \/><\/figure><\/div>\n\n\n<p><\/p>\n\n\n\n<p>Luego de la fallida conferencia de prensa para dar explicaciones sobre el presunto enriquecimiento il\u00edcito por el que es investigado, Manuel Adorni no habl\u00f3 m\u00e1s con los periodistas. De hecho, la primera vez que se lo escuch\u00f3 hablar desde que se desat\u00f3 el esc\u00e1ndalo fue este mi\u00e9rcoles, cuando se present\u00f3 en la C\u00e1mara de Diputados para dar su informe de gesti\u00f3n, aunque el debate estuvo cooptado por la causa que impulsa el juez federal Ariel Lijo.<\/p>\n\n\n\n<p><strong>Sin embargo, el Gobierno decidi\u00f3 reabrir la sala de periodistas, que estaba cerrada luego de un incidente con el medio TN, y el jefe de Gabinete volver\u00e1 a dar una conferencia en Casa Rosada. Ser\u00e1 el pr\u00f3ximo lunes 4 de mayo a las 11 de la ma\u00f1ana.<\/strong><\/p>\n\n\n\n<p><strong>La sala de periodistas est\u00e1 cerrada desde el 23 de abril luego de que se difundieran grabaciones realizadas de los pasillos internos de la Casa Rosada que el canal TN emiti\u00f3 en un programa un domingo por la noche. <\/strong>Ese d\u00eda, desde el Ejecutivo afirmaron que configur\u00f3 un hecho que compromete la seguridad nacional y que incumple con la normativa del comportamiento al interior del edificio.<\/p>\n\n\n\n<p><strong>As\u00ed las cosas, se espera que el pr\u00f3ximo lunes el jefe de Gabinete vuelva a hablar con los medios de comunicaci\u00f3n en medio de la investigaci\u00f3n que lleva adelante la Justicia por enriquecimiento il\u00edcito. <\/strong>Ahora, el fiscal federal Gerardo Pollicita, a cargo de la investigaci\u00f3n por enriquecimiento il\u00edcito, le encarg\u00f3 un an\u00e1lisis pormenorizado sobre el patrimonio del funcionario a la Direcci\u00f3n General de Asesoramiento Econ\u00f3mico y Financiero en las Investigaciones (DAFI).<\/p>\n\n\n\n<p>De esta manera, buscan saber si el crecimiento en el nivel de vida de Adorni se puede justificar con su sueldo y sus ahorros declarados ante la Oficina Anticorrupci\u00f3n, y para esto le encomend\u00f3 a la DAFI -un organismo de la Procuraci\u00f3n General de la Naci\u00f3n- que analice al detalle todos los movimientos financieros del matrimonio y, en caso de haberlas, se\u00f1ale posibles inconsistencias, seg\u00fan plasm\u00f3 en un decreto.<\/p>\n\n\n\n<p><strong>Todo esto se da en el marco de las deudas que le descubri\u00f3 la Justicia al ministro coordinador por 335.000 d\u00f3lares y gast\u00f3 m\u00e1s de 100.000 d\u00f3lares en menos de un a\u00f1o, solamente en propiedades.<\/strong><\/p>\n\n\n\n<p>Sin embargo, a pesar del avance de la investigaci\u00f3n, ayer Adorni se present\u00f3 ante la C\u00e1mara de Diputados para dar su informe de gesti\u00f3n.<strong> Secundado por el propio presidente Milei, el jefe de Gabinete se defendi\u00f3 ante la oposici\u00f3n y asegur\u00f3: \"No voy a renunciar\u201c.<\/strong><\/p>\n\n\n\n<p>Las explicaciones del jefe de Gabinete -que ley\u00f3 sus palabras durante toda la jornada- llevaron tranquilidad a la bancada libertaria, donde la estrategia oficial de exponer al funcionario generaba mucha preocupaci\u00f3n. <strong>\u201cFue muy bueno el discurso, muy contundente, lo que se necesitaba\u201d, analiz\u00f3 un diputado de La Libertad Avanza.<\/strong><\/p>\n\n\n\n<p>Ahora el Poder Ejecutivo busca retomar el eje de la agenda y recuperar la comunicaci\u00f3n. La figura del exvocero es importante para el oficialismo porque, adem\u00e1s de ponerle rostro al Poder Ejecutivo, oficia de ordenador entre las tribus en pugna.<\/p>\n\n\n\n<p><strong>En ese sentido, no fue casual la confluencia del asesor presidencial, Santiago Caputo, y la secretaria general de la Presidencia, Karina Milei, en los palcos del recinto. Tampoco lo fue la presencia de la totalidad de los ministros, legisladores y colaboradores que qued\u00f3 inmortalizada en una foto.<\/strong><\/p>\n\n\n\n<p>Pasadas las seis horas de exposici\u00f3n, en la que desde su entorno aseguran que se sinti\u00f3 \u201cexcelente\u201d, la idea de la administraci\u00f3n libertaria es reactivar con celeridad la actividad. \u201cMe imagino que debi\u00e9ramos poner quinta a fondo\u201d, confes\u00f3 una importante voz con acceso al despacho presidencial a Infobae poco despu\u00e9s del informe. <strong>\u201cEst\u00e1 muy aburrido el Gobierno. Calculo que se impulsar\u00e1 la agenda legislativa\u201d, ironiz\u00f3, en coincidencia, una fuente inobjetable del Gobierno.<\/strong><\/p>\n","protected":false},"excerpt":{"rendered":"<p>El jefe de Gabinete tom\u00f3 la decisi\u00f3n luego de su presentaci\u00f3n en la C\u00e1mara de Diputados. El acceso est\u00e1 restringido hace una semana. Luego de la fallida conferencia de prensa para dar explicaciones sobre el presunto enriquecimiento il\u00edcito por el que es investigado, Manuel Adorni no habl\u00f3 m\u00e1s con los periodistas. De hecho, la primera [&hellip;]<\/p>\n","protected":false},"author":49,"featured_media":441562,"comment_status":"open","ping_status":"open","sticky":false,"template":"","format":"standard","meta":{"_stopmodifiedupdate":false,"_modified_date":"","inline_featured_image":false,"spay_email":"","jetpack_publicize_message":""},"categories":[2,501],"tags":[],"jetpack_featured_media_url":"https:\/\/notinor.com\/jujuy\/wp-content\/uploads\/2026\/04\/manuel-adorni-1.jpg","jetpack_publicize_connections":[],"_links":{"self":[{"href":"https:\/\/notinor.com\/jujuy\/wp-json\/wp\/v2\/posts\/441561"}],"collection":[{"href":"https:\/\/notinor.com\/jujuy\/wp-json\/wp\/v2\/posts"}],"about":[{"href":"https:\/\/notinor.com\/jujuy\/wp-json\/wp\/v2\/types\/post"}],"author":[{"embeddable":true,"href":"https:\/\/notinor.com\/jujuy\/wp-json\/wp\/v2\/users\/49"}],"replies":[{"embeddable":true,"href":"https:\/\/notinor.com\/jujuy\/wp-json\/wp\/v2\/comments?post=441561"}],"version-history":[{"count":1,"href":"https:\/\/notinor.com\/jujuy\/wp-json\/wp\/v2\/posts\/441561\/revisions"}],"predecessor-version":[{"id":441563,"href":"https:\/\/notinor.com\/jujuy\/wp-json\/wp\/v2\/posts\/441561\/revisions\/441563"}],"wp:featuredmedia":[{"embeddable":true,"href":"https:\/\/notinor.com\/jujuy\/wp-json\/wp\/v2\/media\/441562"}],"wp:attachment":[{"href":"https:\/\/notinor.com\/jujuy\/wp-json\/wp\/v2\/media?parent=441561"}],"wp:term":[{"taxonomy":"category","embeddable":true,"href":"https:\/\/notinor.com\/jujuy\/wp-json\/wp\/v2\/categories?post=441561"},{"taxonomy":"post_tag","embeddable":true,"href":"https:\/\/notinor.com\/jujuy\/wp-json\/wp\/v2\/tags?post=441561"}],"curies":[{"name":"wp","href":"https:\/\/api.w.org\/{rel}","templated":true}]}}