{"id":441557,"date":"2026-04-30T13:38:50","date_gmt":"2026-04-30T16:38:50","guid":{"rendered":"https:\/\/notinor.com\/jujuy\/?p=441557"},"modified":"2026-04-30T13:38:51","modified_gmt":"2026-04-30T16:38:51","slug":"tenencia-responsable-el-gobernador-entrego-un-quirofano-movil-al-proyecto-conciencia-animal","status":"publish","type":"post","link":"https:\/\/notinor.com\/jujuy\/tenencia-responsable-el-gobernador-entrego-un-quirofano-movil-al-proyecto-conciencia-animal\/","title":{"rendered":"Tenencia responsable: el gobernador entreg\u00f3 un quir\u00f3fano m\u00f3vil al proyecto Conciencia Animal"},"content":{"rendered":"\n<p class=\"has-medium-font-size\"><strong><em>Carlos Sadir encabez\u00f3 el acto de entrega de una unidad m\u00f3vil equipada para intervenciones quir\u00fargicas destinadas a las acciones de la iniciativa proteccionista.<\/em><\/strong><\/p>\n\n\n<div class=\"wp-block-image\">\n<figure class=\"aligncenter\"><img decoding=\"async\" src=\"https:\/\/media.prensa.jujuy.gob.ar\/p\/5a081094e4a1601ea71bb8cd49487500\/adjuntos\/301\/imagenes\/000\/426\/0000426244\/1200x0\/smart\/whatsapp-image-2026-04-29-at-214724.jpeg\" alt=\"Tenencia responsable: el gobernador entreg\u00f3 un quir\u00f3fano m\u00f3vil al proyecto Conciencia Animal\" title=\"Tenencia responsable: el gobernador entreg\u00f3 un quir\u00f3fano m\u00f3vil al proyecto Conciencia Animal\"\/><\/figure><\/div>\n\n\n<p>El<strong>\u00a0gobernador Carlos Sadir<\/strong>\u00a0encabez\u00f3 el acto de\u00a0<strong>entrega de un quir\u00f3fano m\u00f3vil destinado al proyecto Conciencia Animal<\/strong>\u00a0que trabaja junto a distintas instituciones proteccionistas de Jujuy.<a href=\"https:\/\/media.prensa.jujuy.gob.ar\/p\/5a081094e4a1601ea71bb8cd49487500\/adjuntos\/301\/imagenes\/000\/426\/0000426244\/1200x0\/smart\/whatsapp-image-2026-04-29-at-214724.jpeg\"><\/a><\/p>\n\n\n<div class=\"wp-block-image\">\n<figure class=\"aligncenter\"><img decoding=\"async\" src=\"https:\/\/media.prensa.jujuy.gob.ar\/p\/7caabf376e7a0fb53a932d9cc66f0c66\/adjuntos\/301\/imagenes\/000\/426\/0000426245\/1200x0\/smart\/whatsapp-image-2026-04-29-at-214723-1.jpeg\" alt=\"Tenencia responsable: el gobernador entreg\u00f3 un quir\u00f3fano m\u00f3vil al proyecto Conciencia Animal\" title=\"Tenencia responsable: el gobernador entreg\u00f3 un quir\u00f3fano m\u00f3vil al proyecto Conciencia Animal\"\/><\/figure><\/div>\n\n\n<p>El mandatario provincial resalt\u00f3 que esta iniciativa realiz\u00f3 m\u00e1s de 12.000 castraciones y m\u00e1s de 5.000 vacunaciones desde sus inicios en 2025, y que el quir\u00f3fano m\u00f3vil permitir\u00e1 alcanzar \u00e1reas m\u00e1s remotas para continuar con estas labores.<a href=\"https:\/\/media.prensa.jujuy.gob.ar\/p\/7caabf376e7a0fb53a932d9cc66f0c66\/adjuntos\/301\/imagenes\/000\/426\/0000426245\/1200x0\/smart\/whatsapp-image-2026-04-29-at-214723-1.jpeg\"><\/a><\/p>\n\n\n<div class=\"wp-block-image\">\n<figure class=\"aligncenter\"><img decoding=\"async\" src=\"https:\/\/media.prensa.jujuy.gob.ar\/p\/54cb32e435bc3bae83a156c96f45a1d3\/adjuntos\/301\/imagenes\/000\/426\/0000426243\/1200x0\/smart\/whatsapp-image-2026-04-29-at-214724-1.jpeg\" alt=\"Tenencia responsable: el gobernador entreg\u00f3 un quir\u00f3fano m\u00f3vil al proyecto Conciencia Animal\" title=\"Tenencia responsable: el gobernador entreg\u00f3 un quir\u00f3fano m\u00f3vil al proyecto Conciencia Animal\"\/><\/figure><\/div>\n\n\n<p id=\"p-1777502211200-51507\">Sadir destac\u00f3 la importancia de la concientizaci\u00f3n sobre el cuidado de los animales de compa\u00f1\u00eda, la vacunaci\u00f3n y la castraci\u00f3n. Adem\u00e1s, valor\u00f3 el apoyo de vecinalistas que colaboran en la iniciativa, lo que refleja un aumento en la conciencia comunitaria sobre estas necesidades.<\/p>\n\n\n\n<p id=\"p-1777502211200-11480\">Por \u00faltimo, afirm\u00f3 que en general, el proyecto se considera fundamental para mejorar la salud y bienestar de los animales en la provincia.<\/p>\n\n\n<div class=\"wp-block-image\">\n<figure class=\"aligncenter\"><img decoding=\"async\" src=\"https:\/\/media.prensa.jujuy.gob.ar\/p\/3508c973cfa1fc9fb1241382d15139d9\/adjuntos\/301\/imagenes\/000\/426\/0000426246\/1200x0\/smart\/whatsapp-image-2026-04-29-at-214723.jpeg\" alt=\"Tenencia responsable: el gobernador entreg\u00f3 un quir\u00f3fano m\u00f3vil al proyecto Conciencia Animal\" title=\"Tenencia responsable: el gobernador entreg\u00f3 un quir\u00f3fano m\u00f3vil al proyecto Conciencia Animal\"\/><\/figure><\/div>\n\n\n<p><strong>Gobierno de Jujuy: acciones con impacto<\/strong><\/p>\n\n\n\n<p id=\"p-1777502211200-42379\">En tanto, Raquel Moreno, referente de Conciencia Animal enfatiz\u00f3 el impacto positivo de la entrega de un quir\u00f3fano m\u00f3vil por parte del gobernador. En tal sentido, explic\u00f3 que este veh\u00edculo permitir\u00e1 realizar castraciones masivas y gratuitas en \u00e1reas de dif\u00edcil acceso, donde no hay veterinarios disponibles.&nbsp;<\/p>\n\n\n\n<p id=\"p-1777502211200-27652\">Moreno recalc\u00f3 que el proyecto cuenta con el apoyo del Ministerio de Salud para la vacunaci\u00f3n antirr\u00e1bica y que ya se administraron m\u00e1s de 6.000 vacunas en el \u00faltimo a\u00f1o. Tambi\u00e9n indic\u00f3 que colabora el Ministerio de Seguridad para abordar denuncias de maltrato animal.&nbsp;<\/p>\n\n\n\n<p id=\"p-1777502211200-2599\">La referente del mencionado proyecto afirm\u00f3 que la iniciativa busca controlar la reproducci\u00f3n de animales callejeros, lo que ya evidencia resultados, con una disminuci\u00f3n en el n\u00famero de cachorros abandonados.&nbsp;<\/p>\n\n\n\n<p id=\"p-1777502211200-44592\">Finalmente, adelant\u00f3 que las primeras jornadas de trabajo se llevar\u00e1n a cabo en varios lugares, comenzando en el centro de castraciones Anita R\u00edos, este pr\u00f3ximo fin de semana, y que se ir\u00e1 extendiendo a otras \u00e1reas como San Pedro y localidades de la Quebrada y Puna.<\/p>\n","protected":false},"excerpt":{"rendered":"<p>Carlos Sadir encabez\u00f3 el acto de entrega de una unidad m\u00f3vil equipada para intervenciones quir\u00fargicas destinadas a las acciones de la iniciativa proteccionista. El\u00a0gobernador Carlos Sadir\u00a0encabez\u00f3 el acto de\u00a0entrega de un quir\u00f3fano m\u00f3vil destinado al proyecto Conciencia Animal\u00a0que trabaja junto a distintas instituciones proteccionistas de Jujuy. El mandatario provincial resalt\u00f3 que esta iniciativa realiz\u00f3 m\u00e1s [&hellip;]<\/p>\n","protected":false},"author":5,"featured_media":441558,"comment_status":"open","ping_status":"open","sticky":false,"template":"","format":"standard","meta":{"_stopmodifiedupdate":false,"_modified_date":"","inline_featured_image":false,"spay_email":"","jetpack_publicize_message":""},"categories":[2],"tags":[],"jetpack_featured_media_url":"https:\/\/notinor.com\/jujuy\/wp-content\/uploads\/2026\/04\/PROYECTO-3.jpg","jetpack_publicize_connections":[],"_links":{"self":[{"href":"https:\/\/notinor.com\/jujuy\/wp-json\/wp\/v2\/posts\/441557"}],"collection":[{"href":"https:\/\/notinor.com\/jujuy\/wp-json\/wp\/v2\/posts"}],"about":[{"href":"https:\/\/notinor.com\/jujuy\/wp-json\/wp\/v2\/types\/post"}],"author":[{"embeddable":true,"href":"https:\/\/notinor.com\/jujuy\/wp-json\/wp\/v2\/users\/5"}],"replies":[{"embeddable":true,"href":"https:\/\/notinor.com\/jujuy\/wp-json\/wp\/v2\/comments?post=441557"}],"version-history":[{"count":1,"href":"https:\/\/notinor.com\/jujuy\/wp-json\/wp\/v2\/posts\/441557\/revisions"}],"predecessor-version":[{"id":441559,"href":"https:\/\/notinor.com\/jujuy\/wp-json\/wp\/v2\/posts\/441557\/revisions\/441559"}],"wp:featuredmedia":[{"embeddable":true,"href":"https:\/\/notinor.com\/jujuy\/wp-json\/wp\/v2\/media\/441558"}],"wp:attachment":[{"href":"https:\/\/notinor.com\/jujuy\/wp-json\/wp\/v2\/media?parent=441557"}],"wp:term":[{"taxonomy":"category","embeddable":true,"href":"https:\/\/notinor.com\/jujuy\/wp-json\/wp\/v2\/categories?post=441557"},{"taxonomy":"post_tag","embeddable":true,"href":"https:\/\/notinor.com\/jujuy\/wp-json\/wp\/v2\/tags?post=441557"}],"curies":[{"name":"wp","href":"https:\/\/api.w.org\/{rel}","templated":true}]}}