{"id":441545,"date":"2026-04-30T12:23:50","date_gmt":"2026-04-30T15:23:50","guid":{"rendered":"https:\/\/notinor.com\/jujuy\/?p=441545"},"modified":"2026-04-30T12:46:18","modified_gmt":"2026-04-30T15:46:18","slug":"milei-arribo-al-portaaviones-uss-nimitz-y-participa-de-los-ejercicios-navales-conjuntos-con-estados-unidos","status":"publish","type":"post","link":"https:\/\/notinor.com\/jujuy\/milei-arribo-al-portaaviones-uss-nimitz-y-participa-de-los-ejercicios-navales-conjuntos-con-estados-unidos\/","title":{"rendered":"Milei arrib\u00f3 al portaaviones USS Nimitz y participa de los ejercicios navales conjuntos con Estados Unidos"},"content":{"rendered":"\n<p class=\"has-medium-font-size\"><strong><em>El Presidente lleg\u00f3 al buque nuclear cerca del mediod\u00eda. Se suma a una actividad conjunta organizada en el marco de los ejercicios navales Passex 2026. Se trata de un nuevo gesto de alineamiento con la potencia norteamericana.<\/em><\/strong><\/p>\n\n\n\n<p><\/p>\n\n\n<div class=\"wp-block-image\">\n<figure class=\"aligncenter size-full\"><img decoding=\"async\" loading=\"lazy\" width=\"800\" height=\"450\" src=\"https:\/\/notinor.com\/jujuy\/wp-content\/uploads\/2026\/04\/milei-en-el-nimitz.jpg\" alt=\"\" class=\"wp-image-441546\" srcset=\"https:\/\/notinor.com\/jujuy\/wp-content\/uploads\/2026\/04\/milei-en-el-nimitz.jpg 800w, https:\/\/notinor.com\/jujuy\/wp-content\/uploads\/2026\/04\/milei-en-el-nimitz-649x365.jpg 649w, https:\/\/notinor.com\/jujuy\/wp-content\/uploads\/2026\/04\/milei-en-el-nimitz-500x280.jpg 500w, https:\/\/notinor.com\/jujuy\/wp-content\/uploads\/2026\/04\/milei-en-el-nimitz-768x432.jpg 768w, https:\/\/notinor.com\/jujuy\/wp-content\/uploads\/2026\/04\/milei-en-el-nimitz-750x422.jpg 750w\" sizes=\"(max-width: 800px) 100vw, 800px\" \/><figcaption class=\"wp-element-caption\">El presidente Javier Milei, junto al embajador Peter Lamelas, Karina Milei y Pablo Quirno a bordo del portaaviones USS Nimitz durante ejercicios navales conjuntos con Estados Unidos.<\/figcaption><\/figure><\/div>\n\n\n<p><\/p>\n\n\n\n<p><strong>Javier Milei viaj\u00f3 esta ma\u00f1ana al portaaviones nuclear USS Nimitz para participar de una actividad conjunta organizada por el Comando Sur (SOUTHCOM) y la Embajada de Estados Unidos en Argentina, en el marco de los ejercicios navales Passex 2026 que se desarrollan en el Atl\u00e1ntico Sur.<\/strong> El presidente parti\u00f3 desde Aeroparque a las 10 de la ma\u00f1ana y aterriz\u00f3 en la cubierta del buque una hora y media m\u00e1s tarde. Es la primera ocasi\u00f3n que el libertario arriba a una nave de estas caracter\u00edsticas. En Casa Rosada pretenden sostener los gestos de alineamiento geopol\u00edtico hacia la potencia norteamericana.<\/p>\n\n\n\n<p><strong>El traslado se realiz\u00f3 a bordo de un Grumman C-2 Greyhound estadounidense, la aeronave de transporte que opera desde y hacia la cubierta del portaaviones.<\/strong> La visita presidencial coincidi\u00f3 con una demostraci\u00f3n a\u00e9rea de aviones F-18 y helic\u00f3pteros MH-60 Seahawk, prevista como parte del programa del \u00faltimo d\u00eda de ejercicios.<\/p>\n\n\n\n<p><strong>Junto a Milei viaj\u00f3 la secretaria general de la Presidencia, Karina Milei, y el canciller Pablo Quirno, quienes posaron junto al embajador estadounidense Peter Lamelas al aterrizar en el nav\u00edo.<\/strong> Tambi\u00e9n estaban presentes el presidente de la C\u00e1mara de Diputados, Mart\u00edn Menem; el ministro de Defensa, Carlos Presti, el jefe del Estado Mayor Conjunto, Marcelo Dalle Nogare, y el jefe de la Armada, Juan Carlos Romay.<\/p>\n\n\n\n<p><strong>La visita al USS Nimitz no es un episodio aislado en la pol\u00edtica exterior de la administraci\u00f3n libertaria. Desde que asumi\u00f3, Milei ha acumulado una serie de gestos de alineamiento con Washington que tienen como eje la cooperaci\u00f3n en materia de defensa.<\/strong> El m\u00e1s simb\u00f3lico de ellos fue el viaje a Ushuaia, Tierra del Fuego, junto a la entonces generala Laura Richardson, del Comando Sur (SOUTHCOM), para marcar la intenci\u00f3n de construir una Base Naval Integrada en el extremo sur del pa\u00eds. Ese proyecto, cuyo presupuesto oscila entre los 400 y 500 millones de d\u00f3lares, apunta a que Estados Unidos financie parte de la infraestructura para que ambos pa\u00edses tengan facilidades de acceso al continente ant\u00e1rtico.<\/p>\n\n\n\n<p>El Passex 2026 fue habilitado por el Gobierno Nacional mediante el Decreto 264\/2026, una decisi\u00f3n que gener\u00f3 controversia porque este tipo de autorizaciones suelen tramitarse por v\u00eda del Congreso. <strong>El ejercicio, denominado t\u00e9cnicamente Passing Exercise, es una maniobra de oportunidad que se activa cuando buques de otras naciones transitan por aguas jurisdiccionales. En este caso, el USS Nimitz cruz\u00f3 el Estrecho de Magallanes y desde el domingo anterior se encontraba en el Mar Argentino con destino al sur de Mar del Plata, donde se desarrolla uno de los ejercicios del programa Southern Seas 2026.<\/strong><\/p>\n\n\n\n<p>El dispositivo combinado reuni\u00f3, de forma escalonada, a unidades de la Flota de Mar argentina junto al portaaviones y al destructor USS \u201cGridley\u201d (DDG-101). El martes 28 se incorpor\u00f3 el destructor ARA \u201cLa Argentina\u201d, con dos helic\u00f3pteros Sea King de la Segunda Escuadrilla Aeronaval de Helic\u00f3pteros a bordo del Nimitz.<\/p>\n\n\n\n<p><strong>A la altura de Trelew se ejecutaron maniobras en formaci\u00f3n, vuelos de exploraci\u00f3n con aeronaves P3C Orion y un ejercicio de defensa a\u00e9rea con simulaci\u00f3n de ataques de cazas F-18.<\/strong> Al d\u00eda siguiente, frente a Necochea, la formaci\u00f3n alcanz\u00f3 su m\u00e1xima capacidad con la incorporaci\u00f3n del destructor ARA \u201cSarand\u00ed\u201d, las corbetas ARA \u201cRobinson\u201d y ARA \u201cRosales\u201d, y los patrulleros oce\u00e1nicos ARA \u201cPiedrabuena\u201d y ARA \u201cContraalmirante Cordero\u201d. Entre este \u00faltimo buque y el Gridley se desarroll\u00f3 un ejercicio de visita, registro y captura.<\/p>\n\n\n\n<p><strong>Frente a Mar del Plata, todas las unidades de superficie \u2014a excepci\u00f3n del USS Nimitz\u2014 navegaron en columna, una maniobra t\u00e1ctica de alta complejidad coordinativa.<\/strong> El programa de actividades incluy\u00f3 evoluciones t\u00e1cticas, maniobras de comunicaciones y el tradicional ejercicio fotogr\u00e1fico (Photoex), que permite registrar el despliegue de la fuerza de tareas combinada.<\/p>\n\n\n\n<p><strong>Estas maniobras tienen antecedentes hist\u00f3ricos bajo la denominaci\u00f3n \u201cGringo-Gaucho\u201d, nombre con el que se conocieron ediciones anteriores de ejercicios bilaterales entre las armadas de ambos pa\u00edses.<\/strong> Su objetivo central es incrementar el nivel de adiestramiento de las dotaciones argentinas e intercambiar doctrinas y procedimientos con una de las flotas m\u00e1s avanzadas del mundo.<\/p>\n\n\n\n<p>El comandante de la Flota de Mar, contraalmirante Pablo Germ\u00e1n Basso, quien zarp\u00f3 a bordo del ARA \u201cLa Argentina\u201d desde la Base Naval Puerto Belgrano, subray\u00f3 que el encuentro permite realizar ejercicios de defensa antia\u00e9rea con aviones de combate y elevar los est\u00e1ndares profesionales de la fuerza. <strong>A bordo del USS Nimitz participan, como parte del Estado Mayor multinacional, tres oficiales argentinos: los capitanes de corbeta Julio Escudero y Romina Banegas, y el suboficial primero Jorge Ortiz, quienes intervienen en la planificaci\u00f3n de t\u00e1cticas y procedimientos comunes.<\/strong><\/p>\n\n\n\n<p>Se trata de la segunda vez en dos a\u00f1os que una nave de estas caracter\u00edsticas recorre el Mar Argentino. En el 2024 estuvo el portaaviones a propulsi\u00f3n nuclear USS George Washington de los Estados Unidos, que realiz\u00f3 ejercicios en el Atl\u00e1ntico Sur con la Armada Argentina, en el marco del Southern Seas 2024.<\/p>\n\n\n\n<p>En ese entonces, de la reducida comitiva participaron adem\u00e1s la ministra de Relaciones Exteriores de la Argentina, Diana Mondino, el ministro de Defensa, Luis Petri, el jefe del Estado Mayor Conjunto brigadier general Xavier Isaac y el contraalmirante Carlos Allievi, jefe de la Armada Argentina. El embajador de los Estados Unidos, Marc R. Stanley, tambi\u00e9n abord\u00f3 el buque nuclear.<\/p>\n\n\n\n<p><strong>\u201cEsta es una gran oportunidad para que Estados Unidos reafirme su asociaci\u00f3n con Argentina. Mientras estemos aqu\u00ed, vamos a operar en el aire, en la superficie y realmente construir la interoperabilidad entre nuestras armadas y nuestras naciones. El ejercicio est\u00e1 yendo muy bien\u201d,<\/strong> hab\u00eda se\u00f1alado en ese entonces Walker. Tambi\u00e9n elogi\u00f3 las capacidades militares argentinas: \u201cSon muy profesionales, muy capaces, y podemos trabajar estrechamente con ellos. Y se est\u00e1 produciendo un aprendizaje mutuo entre nuestras dos armadas\u201d.<\/p>\n","protected":false},"excerpt":{"rendered":"<p>El Presidente lleg\u00f3 al buque nuclear cerca del mediod\u00eda. Se suma a una actividad conjunta organizada en el marco de los ejercicios navales Passex 2026. Se trata de un nuevo gesto de alineamiento con la potencia norteamericana. Javier Milei viaj\u00f3 esta ma\u00f1ana al portaaviones nuclear USS Nimitz para participar de una actividad conjunta organizada por [&hellip;]<\/p>\n","protected":false},"author":49,"featured_media":441546,"comment_status":"open","ping_status":"open","sticky":false,"template":"","format":"standard","meta":{"_stopmodifiedupdate":false,"_modified_date":"","inline_featured_image":false,"spay_email":"","jetpack_publicize_message":""},"categories":[2,5],"tags":[],"jetpack_featured_media_url":"https:\/\/notinor.com\/jujuy\/wp-content\/uploads\/2026\/04\/milei-en-el-nimitz.jpg","jetpack_publicize_connections":[],"_links":{"self":[{"href":"https:\/\/notinor.com\/jujuy\/wp-json\/wp\/v2\/posts\/441545"}],"collection":[{"href":"https:\/\/notinor.com\/jujuy\/wp-json\/wp\/v2\/posts"}],"about":[{"href":"https:\/\/notinor.com\/jujuy\/wp-json\/wp\/v2\/types\/post"}],"author":[{"embeddable":true,"href":"https:\/\/notinor.com\/jujuy\/wp-json\/wp\/v2\/users\/49"}],"replies":[{"embeddable":true,"href":"https:\/\/notinor.com\/jujuy\/wp-json\/wp\/v2\/comments?post=441545"}],"version-history":[{"count":2,"href":"https:\/\/notinor.com\/jujuy\/wp-json\/wp\/v2\/posts\/441545\/revisions"}],"predecessor-version":[{"id":441549,"href":"https:\/\/notinor.com\/jujuy\/wp-json\/wp\/v2\/posts\/441545\/revisions\/441549"}],"wp:featuredmedia":[{"embeddable":true,"href":"https:\/\/notinor.com\/jujuy\/wp-json\/wp\/v2\/media\/441546"}],"wp:attachment":[{"href":"https:\/\/notinor.com\/jujuy\/wp-json\/wp\/v2\/media?parent=441545"}],"wp:term":[{"taxonomy":"category","embeddable":true,"href":"https:\/\/notinor.com\/jujuy\/wp-json\/wp\/v2\/categories?post=441545"},{"taxonomy":"post_tag","embeddable":true,"href":"https:\/\/notinor.com\/jujuy\/wp-json\/wp\/v2\/tags?post=441545"}],"curies":[{"name":"wp","href":"https:\/\/api.w.org\/{rel}","templated":true}]}}