{"id":441544,"date":"2026-04-30T12:43:58","date_gmt":"2026-04-30T15:43:58","guid":{"rendered":"https:\/\/notinor.com\/jujuy\/?p=441544"},"modified":"2026-04-30T12:44:00","modified_gmt":"2026-04-30T15:44:00","slug":"servicios-municipales-con-modalidad-especial-por-el-dia-del-trabajador-en-la-capital-jujena","status":"publish","type":"post","link":"https:\/\/notinor.com\/jujuy\/servicios-municipales-con-modalidad-especial-por-el-dia-del-trabajador-en-la-capital-jujena\/","title":{"rendered":"Servicios municipales con modalidad especial por el D\u00eda del Trabajador en la capital juje\u00f1a"},"content":{"rendered":"\n<p class=\"has-medium-font-size\"><strong><em>La Municipalidad de San Salvador de Jujuy inform\u00f3 c\u00f3mo funcionar\u00e1n los distintos servicios durante el feriado nacional del 1\u00b0 de mayo, con motivo de la conmemoraci\u00f3n del D\u00eda Internacional del Trabaj<\/em><\/strong>ador.<\/p>\n\n\n<div class=\"wp-block-image\">\n<figure class=\"aligncenter\"><img decoding=\"async\" src=\"https:\/\/www.sansalvadordejujuy.gob.ar\/wp-content\/uploads\/2026\/04\/Servicios-Flyer-815x1024.jpeg\" alt=\"\" class=\"wp-image-103366\"\/><\/figure><\/div>\n\n\n<p>Desde la Secretar\u00eda de Servicios P\u00fablicos, a trav\u00e9s de la Direcci\u00f3n de Tr\u00e1nsito y Transporte, se detall\u00f3 que el Transporte Alternativo operar\u00e1 con Tarifa 2, mientras que el Transporte Urbano prestar\u00e1 servicio habitual el jueves 30 de abril hasta las 22 horas. El viernes 1\u00b0 de mayo no habr\u00e1 servicio, retom\u00e1ndose el s\u00e1bado 2 a partir de las 5 de la ma\u00f1ana. En tanto, el Ascensor Urbano y el Estacionamiento Tarifado permanecer\u00e1n sin servicio durante toda la jornada.<\/p>\n\n\n\n<p>En este marco, la Direcci\u00f3n General de Higiene Urbana, dependiente de la misma Secretar\u00eda, inform\u00f3 que la prestaci\u00f3n de los servicios de limpieza y recolecci\u00f3n tambi\u00e9n se ver\u00e1 afectada. Durante el viernes 1\u00b0 de mayo no habr\u00e1 recolecci\u00f3n de residuos en la ciudad.<\/p>\n\n\n\n<p>Asimismo, desde la empresa LIMSA S.A. se indic\u00f3 que el jueves 30 de abril no se prestar\u00e1 el servicio en el turno noche, mientras que el viernes 1\u00b0 de mayo no habr\u00e1 servicio en los turnos ma\u00f1ana y tarde. La recolecci\u00f3n se retomar\u00e1 ese mismo d\u00eda a partir de las 21 horas.<\/p>\n\n\n\n<p>En este sentido, el municipio solicit\u00f3 la colaboraci\u00f3n de los vecinos respetando los d\u00edas y horarios habituales de recolecci\u00f3n, con el objetivo de mantener la higiene urbana. Ante cualquier consulta, se encuentra disponible el tel\u00e9fono 0388-3131807.<\/p>\n\n\n\n<p>Por su parte, la Direcci\u00f3n de Mercados, dependiente de la Secretar\u00eda de Gobierno, inform\u00f3 que los mercados municipales 6 de Agosto, Santa Rosa, Hip\u00f3lito Yrigoyen, de Concentraci\u00f3n y Abasto y el Paseo de Compras Sarmiento permanecer\u00e1n cerrados durante todo el 1\u00b0 de mayo, retomando su actividad habitual el s\u00e1bado 2 de mayo.<\/p>\n\n\n\n<p>Como excepci\u00f3n, el Paseo de las Flores funcionar\u00e1 con atenci\u00f3n normal durante el feriado.<\/p>\n\n\n\n<p>Finalmente, desde la administraci\u00f3n de los cementerios municipales se indic\u00f3 que el Cementerio del Salvador mantendr\u00e1 su administraci\u00f3n abierta de 8 a 13 horas, mientras que el horario de visitas ser\u00e1 de 8 a 18 horas.<\/p>\n","protected":false},"excerpt":{"rendered":"<p>La Municipalidad de San Salvador de Jujuy inform\u00f3 c\u00f3mo funcionar\u00e1n los distintos servicios durante el feriado nacional del 1\u00b0 de mayo, con motivo de la conmemoraci\u00f3n del D\u00eda Internacional del Trabajador. Desde la Secretar\u00eda de Servicios P\u00fablicos, a trav\u00e9s de la Direcci\u00f3n de Tr\u00e1nsito y Transporte, se detall\u00f3 que el Transporte Alternativo operar\u00e1 con Tarifa [&hellip;]<\/p>\n","protected":false},"author":5,"featured_media":405143,"comment_status":"open","ping_status":"open","sticky":false,"template":"","format":"standard","meta":{"_stopmodifiedupdate":false,"_modified_date":"","inline_featured_image":false,"spay_email":"","jetpack_publicize_message":""},"categories":[2],"tags":[],"jetpack_featured_media_url":"https:\/\/notinor.com\/jujuy\/wp-content\/uploads\/2024\/03\/servicios-municipales.jpg","jetpack_publicize_connections":[],"_links":{"self":[{"href":"https:\/\/notinor.com\/jujuy\/wp-json\/wp\/v2\/posts\/441544"}],"collection":[{"href":"https:\/\/notinor.com\/jujuy\/wp-json\/wp\/v2\/posts"}],"about":[{"href":"https:\/\/notinor.com\/jujuy\/wp-json\/wp\/v2\/types\/post"}],"author":[{"embeddable":true,"href":"https:\/\/notinor.com\/jujuy\/wp-json\/wp\/v2\/users\/5"}],"replies":[{"embeddable":true,"href":"https:\/\/notinor.com\/jujuy\/wp-json\/wp\/v2\/comments?post=441544"}],"version-history":[{"count":1,"href":"https:\/\/notinor.com\/jujuy\/wp-json\/wp\/v2\/posts\/441544\/revisions"}],"predecessor-version":[{"id":441548,"href":"https:\/\/notinor.com\/jujuy\/wp-json\/wp\/v2\/posts\/441544\/revisions\/441548"}],"wp:featuredmedia":[{"embeddable":true,"href":"https:\/\/notinor.com\/jujuy\/wp-json\/wp\/v2\/media\/405143"}],"wp:attachment":[{"href":"https:\/\/notinor.com\/jujuy\/wp-json\/wp\/v2\/media?parent=441544"}],"wp:term":[{"taxonomy":"category","embeddable":true,"href":"https:\/\/notinor.com\/jujuy\/wp-json\/wp\/v2\/categories?post=441544"},{"taxonomy":"post_tag","embeddable":true,"href":"https:\/\/notinor.com\/jujuy\/wp-json\/wp\/v2\/tags?post=441544"}],"curies":[{"name":"wp","href":"https:\/\/api.w.org\/{rel}","templated":true}]}}