{"id":441538,"date":"2026-04-29T23:16:00","date_gmt":"2026-04-30T02:16:00","guid":{"rendered":"https:\/\/notinor.com\/jujuy\/?p=441538"},"modified":"2026-04-29T11:16:22","modified_gmt":"2026-04-29T11:16:22","slug":"con-la-presencia-del-intendente-jorge-comenzo-la-construccion-del-septimo-multiespacio-en-alto-comedero","status":"publish","type":"post","link":"https:\/\/notinor.com\/jujuy\/con-la-presencia-del-intendente-jorge-comenzo-la-construccion-del-septimo-multiespacio-en-alto-comedero\/","title":{"rendered":"Con la presencia del intendente Jorge, comenz\u00f3 la construcci\u00f3n del s\u00e9ptimo multiespacio en Alto Comedero"},"content":{"rendered":"\n<p class=\"has-medium-font-size\"><strong><em>La Municipalidad de San Salvador de Jujuy dio inicio a la construcci\u00f3n de un nuevo multiespacio en el populoso sector de Alto Comedero. La obra se emplazar\u00e1 en el acceso a las 150 Hect\u00e1reas, en la intersecci\u00f3n de avenida 9 de Julio y Los Nogales, y se estima su finalizaci\u00f3n en un plazo de siete meses<\/em><\/strong>.<\/p>\n\n\n\n<figure class=\"wp-block-image\"><img decoding=\"async\" src=\"https:\/\/www.sansalvadordejujuy.gob.ar\/wp-content\/uploads\/2026\/04\/multiespacio-150-hectareas1-1024x564.jpg\" alt=\"\" class=\"wp-image-102758\"\/><\/figure>\n\n\n\n<p>El intendente Ra\u00fal \u201cChuli\u201d Jorge, acompa\u00f1ado por el secretario de Obras P\u00fablicas, <strong>Aldo Montiel,<\/strong> y el titular de la Delegaci\u00f3n Municipal de Alto Comedero, <strong>Iv\u00e1n Meri,<\/strong> presenci\u00f3 el inicio de los trabajos. El proyecto contempla, adem\u00e1s del multiespacio, obras complementarias como la pavimentaci\u00f3n de arterias circundantes, la instalaci\u00f3n de nuevos juegos infantiles y un gimnasio urbano.<\/p>\n\n\n\n<p>En ese marco, el jefe comunal expres\u00f3, \u201clo hab\u00edamos anunciado y hoy ya estamos dando los primeros pasos. La obra est\u00e1 adjudicada y en ejecuci\u00f3n. Adem\u00e1s, la Delegaci\u00f3n Municipal de Alto Comedero se comprometer\u00e1 con el pavimento perimetral de este gran espacio verde y futuro multiespacio, que ser\u00e1 el segundo en el sector. En una zona que carece de equipamiento, esta presencia municipal refuerza la idea de un Estado presente\u201d.<\/p>\n\n\n<div class=\"wp-block-image\">\n<figure class=\"aligncenter\"><img decoding=\"async\" src=\"https:\/\/www.sansalvadordejujuy.gob.ar\/wp-content\/uploads\/2026\/04\/multiespacio-150-hectareas2-1024x624.jpg\" alt=\"\" class=\"wp-image-102760\"\/><\/figure><\/div>\n\n\n<p>Asimismo, Jorge destac\u00f3 el avance de otras obras en la zona, \u201cmuy cerca de aqu\u00ed, junto a la Provincia y la Municipalidad de Palpal\u00e1, estamos trabajando en la pavimentaci\u00f3n de la avenida Juella, complementando circuitos que permitir\u00e1n conectar distintos sectores de esta gran urbanizaci\u00f3n\u201d.<\/p>\n\n\n<div class=\"wp-block-image\">\n<figure class=\"aligncenter\"><img decoding=\"async\" src=\"https:\/\/www.sansalvadordejujuy.gob.ar\/wp-content\/uploads\/2026\/04\/multiespacio-150-hectareas3-1024x575.jpg\" alt=\"\" class=\"wp-image-102762\"\/><\/figure><\/div>\n\n\n<p>Por su parte, Aldo Montiel, precis\u00f3 que el nuevo multiespacio se construye \u201cen el acceso a las 150 Hect\u00e1reas, sobre avenida 9 de Julio esquina Los Nogales, en cercan\u00edas del NIDO \u2018Ara San Juan\u2019, dando inicio a la ejecuci\u00f3n del s\u00e9ptimo multiespacio de la ciudad\u201d.<\/p>\n\n\n<div class=\"wp-block-image\">\n<figure class=\"aligncenter\"><img decoding=\"async\" src=\"https:\/\/www.sansalvadordejujuy.gob.ar\/wp-content\/uploads\/2026\/04\/multiespacio-150-hectareas-1024x603.jpg\" alt=\"\" class=\"wp-image-102759\"\/><\/figure><\/div>\n\n\n<p>El funcionario ,resalt\u00f3 adem\u00e1s la apropiaci\u00f3n de estos espacios por parte de la comunidad, \u201clos multiespacios han sido r\u00e1pidamente adoptados por los vecinos en otros sectores, por lo que asumimos el compromiso de seguir distribuy\u00e9ndolos en toda la ciudad\u201d. Y agreg\u00f3, \u201cesta obra no solo incluye el multiespacio, sino tambi\u00e9n intervenciones complementarias, como pavimento y d\u00e1rsenas sobre avenida 9 de Julio, en trabajo conjunto con la Delegaci\u00f3n de Alto Comedero\u201d.<\/p>\n\n\n\n<p>En relaci\u00f3n a los trabajos, aclar\u00f3, \u201cpedimos a los vecinos que no se preocupen por el retiro moment\u00e1neo de los juegos y del gimnasio urbano, ya que ser\u00e1n reemplazados por equipamiento nuevo. Tambi\u00e9n se renovar\u00e1 el alumbrado, con la intervenci\u00f3n de la Secretar\u00eda de Servicios P\u00fablicos, en el marco de una nueva mejora urbana con fuerte impacto social\u201d.<\/p>\n\n\n\n<p>Finalmente, Montiel se\u00f1al\u00f3 que \u201cla comunidad genera r\u00e1pidamente actividades en estos espacios, tanto propias como municipales, por lo que esperamos que la obra avance con celeridad. Solicitamos paciencia a los vecinos, ya que en aproximadamente siete meses podr\u00eda estar finalizada\u201d.<\/p>\n\n\n\n<p>Por \u00faltimo, Iv\u00e1n Meri destac\u00f3, \u201cesto refleja una gesti\u00f3n municipal que apuesta a la descentralizaci\u00f3n de servicios y a la llegada de obras a todos los distritos de la ciudad. Este multiespacio ser\u00e1 un punto de encuentro para vecinos y vecinas de Alto Comedero\u201d.<\/p>\n\n\n\n<p>Adem\u00e1s, adelant\u00f3 que \u201cse trabajar\u00e1 en conjunto con la Secretar\u00eda de Obras P\u00fablicas para pavimentar las cuadras aleda\u00f1as, consolidando un espacio de integraci\u00f3n para sectores como las 150 Hect\u00e1reas, el barrio Che Guevara, Lucas Arias, 18 Hect\u00e1reas y 47 Hect\u00e1reas\u201d.<\/p>\n\n\n\n<p><strong>Nota audiovisual:<\/strong>&nbsp;<a href=\"https:\/\/youtu.be\/Ryv1t-qr6OQ\">https:\/\/youtu.be\/Ryv1t-qr6OQ<\/a><\/p>\n","protected":false},"excerpt":{"rendered":"<p>La Municipalidad de San Salvador de Jujuy dio inicio a la construcci\u00f3n de un nuevo multiespacio en el populoso sector de Alto Comedero. La obra se emplazar\u00e1 en el acceso a las 150 Hect\u00e1reas, en la intersecci\u00f3n de avenida 9 de Julio y Los Nogales, y se estima su finalizaci\u00f3n en un plazo de siete [&hellip;]<\/p>\n","protected":false},"author":5,"featured_media":441539,"comment_status":"open","ping_status":"open","sticky":false,"template":"","format":"standard","meta":{"_stopmodifiedupdate":false,"_modified_date":"","inline_featured_image":false,"spay_email":"","jetpack_publicize_message":""},"categories":[514],"tags":[],"jetpack_featured_media_url":"https:\/\/notinor.com\/jujuy\/wp-content\/uploads\/2026\/04\/ESPACIO.jpg","jetpack_publicize_connections":[],"_links":{"self":[{"href":"https:\/\/notinor.com\/jujuy\/wp-json\/wp\/v2\/posts\/441538"}],"collection":[{"href":"https:\/\/notinor.com\/jujuy\/wp-json\/wp\/v2\/posts"}],"about":[{"href":"https:\/\/notinor.com\/jujuy\/wp-json\/wp\/v2\/types\/post"}],"author":[{"embeddable":true,"href":"https:\/\/notinor.com\/jujuy\/wp-json\/wp\/v2\/users\/5"}],"replies":[{"embeddable":true,"href":"https:\/\/notinor.com\/jujuy\/wp-json\/wp\/v2\/comments?post=441538"}],"version-history":[{"count":1,"href":"https:\/\/notinor.com\/jujuy\/wp-json\/wp\/v2\/posts\/441538\/revisions"}],"predecessor-version":[{"id":441540,"href":"https:\/\/notinor.com\/jujuy\/wp-json\/wp\/v2\/posts\/441538\/revisions\/441540"}],"wp:featuredmedia":[{"embeddable":true,"href":"https:\/\/notinor.com\/jujuy\/wp-json\/wp\/v2\/media\/441539"}],"wp:attachment":[{"href":"https:\/\/notinor.com\/jujuy\/wp-json\/wp\/v2\/media?parent=441538"}],"wp:term":[{"taxonomy":"category","embeddable":true,"href":"https:\/\/notinor.com\/jujuy\/wp-json\/wp\/v2\/categories?post=441538"},{"taxonomy":"post_tag","embeddable":true,"href":"https:\/\/notinor.com\/jujuy\/wp-json\/wp\/v2\/tags?post=441538"}],"curies":[{"name":"wp","href":"https:\/\/api.w.org\/{rel}","templated":true}]}}