{"id":441531,"date":"2026-04-29T22:43:00","date_gmt":"2026-04-30T01:43:00","guid":{"rendered":"https:\/\/notinor.com\/jujuy\/?p=441531"},"modified":"2026-04-29T10:43:09","modified_gmt":"2026-04-29T10:43:09","slug":"la-comision-de-pueblos-indigenas-analizo-proyectos-de-resolucion-y-pedidos-de-informes","status":"publish","type":"post","link":"https:\/\/notinor.com\/jujuy\/la-comision-de-pueblos-indigenas-analizo-proyectos-de-resolucion-y-pedidos-de-informes\/","title":{"rendered":"La Comisi\u00f3n de Pueblos Ind\u00edgenas analiz\u00f3 proyectos de resoluci\u00f3n y pedidos de informes"},"content":{"rendered":"\n<p class=\"has-medium-font-size\"><strong><em>En el Sal\u00f3n Marcos Paz de la Legislatura, la Comisi\u00f3n de Pueblos Ind\u00edgenas se reuni\u00f3 para tratar expedientes vinculados a la situaci\u00f3n de las comunidades originarias en la provincia<\/em><\/strong>.<\/p>\n\n\n<div class=\"wp-block-image\">\n<figure class=\"aligncenter size-large\"><img decoding=\"async\" loading=\"lazy\" width=\"720\" height=\"480\" src=\"https:\/\/notinor.com\/jujuy\/wp-content\/uploads\/2026\/04\/COMISION1-15-720x480.jpeg\" alt=\"\" class=\"wp-image-441533\" srcset=\"https:\/\/notinor.com\/jujuy\/wp-content\/uploads\/2026\/04\/COMISION1-15-720x480.jpeg 720w, https:\/\/notinor.com\/jujuy\/wp-content\/uploads\/2026\/04\/COMISION1-15-548x365.jpeg 548w, https:\/\/notinor.com\/jujuy\/wp-content\/uploads\/2026\/04\/COMISION1-15-768x512.jpeg 768w, https:\/\/notinor.com\/jujuy\/wp-content\/uploads\/2026\/04\/COMISION1-15-1536x1023.jpeg 1536w, https:\/\/notinor.com\/jujuy\/wp-content\/uploads\/2026\/04\/COMISION1-15-750x500.jpeg 750w, https:\/\/notinor.com\/jujuy\/wp-content\/uploads\/2026\/04\/COMISION1-15-1140x760.jpeg 1140w, https:\/\/notinor.com\/jujuy\/wp-content\/uploads\/2026\/04\/COMISION1-15.jpeg 1600w\" sizes=\"(max-width: 720px) 100vw, 720px\" \/><\/figure><\/div>\n\n\n<p>La presidenta de la comisi\u00f3n, <strong>Ang\u00e9lica Castillo<\/strong>, inform\u00f3 que se analizaron iniciativas con estado parlamentario orientadas a profundizar el conocimiento sobre la realidad de las comunidades. Entre ellas, un pedido para conocer la cantidad real de comunidades ind\u00edgenas en la provincia y requerimientos de informaci\u00f3n sobre pedimentos mineros en territorios vinculados a estos pueblos.<\/p>\n\n\n<div class=\"wp-block-image\">\n<figure class=\"aligncenter size-large\"><img decoding=\"async\" loading=\"lazy\" width=\"720\" height=\"480\" src=\"https:\/\/notinor.com\/jujuy\/wp-content\/uploads\/2026\/04\/COMISION1-16-720x480.jpeg\" alt=\"\" class=\"wp-image-441534\" srcset=\"https:\/\/notinor.com\/jujuy\/wp-content\/uploads\/2026\/04\/COMISION1-16-720x480.jpeg 720w, https:\/\/notinor.com\/jujuy\/wp-content\/uploads\/2026\/04\/COMISION1-16-548x365.jpeg 548w, https:\/\/notinor.com\/jujuy\/wp-content\/uploads\/2026\/04\/COMISION1-16-768x512.jpeg 768w, https:\/\/notinor.com\/jujuy\/wp-content\/uploads\/2026\/04\/COMISION1-16-1536x1023.jpeg 1536w, https:\/\/notinor.com\/jujuy\/wp-content\/uploads\/2026\/04\/COMISION1-16-750x500.jpeg 750w, https:\/\/notinor.com\/jujuy\/wp-content\/uploads\/2026\/04\/COMISION1-16-1140x760.jpeg 1140w, https:\/\/notinor.com\/jujuy\/wp-content\/uploads\/2026\/04\/COMISION1-16.jpeg 1600w\" sizes=\"(max-width: 720px) 100vw, 720px\" \/><\/figure><\/div>\n\n\n<p>El proyecto de resoluci\u00f3n analizado solicita informes sobre el relevamiento territorial, la entrega de t\u00edtulos de propiedad comunitaria y los procesos de desalojos. En ese marco, se resolvi\u00f3 pedir informaci\u00f3n a la Secretar\u00eda de Pueblos Ind\u00edgenas y a las \u00e1reas de Miner\u00eda y Medio<\/p>\n\n\n<div class=\"wp-block-image\">\n<figure class=\"aligncenter size-large\"><img decoding=\"async\" loading=\"lazy\" width=\"720\" height=\"480\" src=\"https:\/\/notinor.com\/jujuy\/wp-content\/uploads\/2026\/04\/COMISION1-17-720x480.jpeg\" alt=\"\" class=\"wp-image-441535\" srcset=\"https:\/\/notinor.com\/jujuy\/wp-content\/uploads\/2026\/04\/COMISION1-17-720x480.jpeg 720w, https:\/\/notinor.com\/jujuy\/wp-content\/uploads\/2026\/04\/COMISION1-17-548x365.jpeg 548w, https:\/\/notinor.com\/jujuy\/wp-content\/uploads\/2026\/04\/COMISION1-17-768x512.jpeg 768w, https:\/\/notinor.com\/jujuy\/wp-content\/uploads\/2026\/04\/COMISION1-17-1536x1023.jpeg 1536w, https:\/\/notinor.com\/jujuy\/wp-content\/uploads\/2026\/04\/COMISION1-17-750x500.jpeg 750w, https:\/\/notinor.com\/jujuy\/wp-content\/uploads\/2026\/04\/COMISION1-17-1140x760.jpeg 1140w, https:\/\/notinor.com\/jujuy\/wp-content\/uploads\/2026\/04\/COMISION1-17.jpeg 1600w\" sizes=\"(max-width: 720px) 100vw, 720px\" \/><\/figure><\/div>\n\n\n<p>Ambiente, con el objetivo de contar con datos precisos para acompa\u00f1ar a las comunidades.<\/p>\n\n\n<div class=\"wp-block-image\">\n<figure class=\"aligncenter size-large\"><img decoding=\"async\" loading=\"lazy\" width=\"720\" height=\"480\" src=\"https:\/\/notinor.com\/jujuy\/wp-content\/uploads\/2026\/04\/COMISION1-18-720x480.jpeg\" alt=\"\" class=\"wp-image-441536\" srcset=\"https:\/\/notinor.com\/jujuy\/wp-content\/uploads\/2026\/04\/COMISION1-18-720x480.jpeg 720w, https:\/\/notinor.com\/jujuy\/wp-content\/uploads\/2026\/04\/COMISION1-18-548x365.jpeg 548w, https:\/\/notinor.com\/jujuy\/wp-content\/uploads\/2026\/04\/COMISION1-18-768x512.jpeg 768w, https:\/\/notinor.com\/jujuy\/wp-content\/uploads\/2026\/04\/COMISION1-18-1536x1023.jpeg 1536w, https:\/\/notinor.com\/jujuy\/wp-content\/uploads\/2026\/04\/COMISION1-18-750x500.jpeg 750w, https:\/\/notinor.com\/jujuy\/wp-content\/uploads\/2026\/04\/COMISION1-18-1140x760.jpeg 1140w, https:\/\/notinor.com\/jujuy\/wp-content\/uploads\/2026\/04\/COMISION1-18.jpeg 1600w\" sizes=\"(max-width: 720px) 100vw, 720px\" \/><\/figure><\/div>\n\n\n<p>Castillo se refiri\u00f3 tambi\u00e9n al contexto actual tras la derogaci\u00f3n de la Ley 26.160 por parte del gobierno nacional de Javier Milei, que \u2014se\u00f1al\u00f3\u2014 deja a las comunidades en una situaci\u00f3n de desprotecci\u00f3n y deriva en conflictos como los desalojos. Indic\u00f3 que la comisi\u00f3n continuar\u00e1 recabando informaci\u00f3n sobre estos casos y evaluar\u00e1 la convocatoria de las comunidades involucradas en futuras instancias.<\/p>\n","protected":false},"excerpt":{"rendered":"<p>En el Sal\u00f3n Marcos Paz de la Legislatura, la Comisi\u00f3n de Pueblos Ind\u00edgenas se reuni\u00f3 para tratar expedientes vinculados a la situaci\u00f3n de las comunidades originarias en la provincia. La presidenta de la comisi\u00f3n, Ang\u00e9lica Castillo, inform\u00f3 que se analizaron iniciativas con estado parlamentario orientadas a profundizar el conocimiento sobre la realidad de las comunidades. [&hellip;]<\/p>\n","protected":false},"author":5,"featured_media":441532,"comment_status":"open","ping_status":"open","sticky":false,"template":"","format":"standard","meta":{"_stopmodifiedupdate":false,"_modified_date":"","inline_featured_image":false,"spay_email":"","jetpack_publicize_message":""},"categories":[514],"tags":[],"jetpack_featured_media_url":"https:\/\/notinor.com\/jujuy\/wp-content\/uploads\/2026\/04\/COMISION-7.jpeg","jetpack_publicize_connections":[],"_links":{"self":[{"href":"https:\/\/notinor.com\/jujuy\/wp-json\/wp\/v2\/posts\/441531"}],"collection":[{"href":"https:\/\/notinor.com\/jujuy\/wp-json\/wp\/v2\/posts"}],"about":[{"href":"https:\/\/notinor.com\/jujuy\/wp-json\/wp\/v2\/types\/post"}],"author":[{"embeddable":true,"href":"https:\/\/notinor.com\/jujuy\/wp-json\/wp\/v2\/users\/5"}],"replies":[{"embeddable":true,"href":"https:\/\/notinor.com\/jujuy\/wp-json\/wp\/v2\/comments?post=441531"}],"version-history":[{"count":1,"href":"https:\/\/notinor.com\/jujuy\/wp-json\/wp\/v2\/posts\/441531\/revisions"}],"predecessor-version":[{"id":441537,"href":"https:\/\/notinor.com\/jujuy\/wp-json\/wp\/v2\/posts\/441531\/revisions\/441537"}],"wp:featuredmedia":[{"embeddable":true,"href":"https:\/\/notinor.com\/jujuy\/wp-json\/wp\/v2\/media\/441532"}],"wp:attachment":[{"href":"https:\/\/notinor.com\/jujuy\/wp-json\/wp\/v2\/media?parent=441531"}],"wp:term":[{"taxonomy":"category","embeddable":true,"href":"https:\/\/notinor.com\/jujuy\/wp-json\/wp\/v2\/categories?post=441531"},{"taxonomy":"post_tag","embeddable":true,"href":"https:\/\/notinor.com\/jujuy\/wp-json\/wp\/v2\/tags?post=441531"}],"curies":[{"name":"wp","href":"https:\/\/api.w.org\/{rel}","templated":true}]}}