{"id":441525,"date":"2026-04-29T22:08:00","date_gmt":"2026-04-30T01:08:00","guid":{"rendered":"https:\/\/notinor.com\/jujuy\/?p=441525"},"modified":"2026-04-29T10:08:00","modified_gmt":"2026-04-29T10:08:00","slug":"este-jueves-ejesa-realizara-tareas-programadas-para-mejoras-en-el-servicio-electrico-en-barrios-de-libertador-gral-san-martin","status":"publish","type":"post","link":"https:\/\/notinor.com\/jujuy\/este-jueves-ejesa-realizara-tareas-programadas-para-mejoras-en-el-servicio-electrico-en-barrios-de-libertador-gral-san-martin\/","title":{"rendered":"Este jueves EJESA realizar\u00e1 tareas programadas para mejoras en el servicio el\u00e9ctrico en barrios de Libertador Gral San Mart\u00edn"},"content":{"rendered":"\n<p class=\"has-medium-font-size\"><strong><em>Les informamos que, con el objetivo de\u00a0elevar la calidad del servicio el\u00e9ctrico, se llevar\u00e1n adelante\u00a0tareas programadas de mantenimiento y mejoras destinadas a fortalecer la calidad y confiabilidad del servicio el\u00e9ctrico. Para su correcta ejecuci\u00f3n<\/em><\/strong>, <strong><em>ser\u00e1 necesario realizar\u00a0una interrupci\u00f3n programada del suministro\u00a0en las siguientes zonas y horarios:<\/em><\/strong><\/p>\n\n\n<div class=\"wp-block-image\">\n<figure class=\"aligncenter size-large\"><img decoding=\"async\" loading=\"lazy\" width=\"635\" height=\"480\" src=\"https:\/\/notinor.com\/jujuy\/wp-content\/uploads\/2023\/05\/libertador-gral-san-martin1-635x480.jpg\" alt=\"\" class=\"wp-image-378939\" srcset=\"https:\/\/notinor.com\/jujuy\/wp-content\/uploads\/2023\/05\/libertador-gral-san-martin1-635x480.jpg 635w, https:\/\/notinor.com\/jujuy\/wp-content\/uploads\/2023\/05\/libertador-gral-san-martin1-483x365.jpg 483w, https:\/\/notinor.com\/jujuy\/wp-content\/uploads\/2023\/05\/libertador-gral-san-martin1.jpg 700w\" sizes=\"(max-width: 635px) 100vw, 635px\" \/><\/figure><\/div>\n\n\n<p>\ud83d\udcc5\u00a0<strong>JUEVES 30 de Abril 2026<\/strong><\/p>\n\n\n\n<p>\ud83d\udccd<strong> LIBERTADOR:<\/strong> Barrios La Loma, Parque de los Cerros, Cristo Rey, Policial, Sto. Tomas de Aquino, Pomelar \u00a0y zonas aleda\u00f1as.<\/p>\n\n\n\n<p>\ud83d\udd50&nbsp;Horario estimado: de 08:00 a 13:00 Hs. aproximadamente.<\/p>\n\n\n\n<p>Les agradecemos&nbsp;<strong>la difusi\u00f3n de esta informaci\u00f3n a la comunidad<\/strong>, para que los\/as usuarios\/as puedan&nbsp;<strong>tomar las precauciones necesarias<\/strong>&nbsp;durante el per\u00edodo mencionado. Ante cualquier duda o requerimiento, recordamos que la comunidad puede comunicarse a trav\u00e9s de nuestros&nbsp;<strong>canales oficiales de atenci\u00f3n disponibles las 24 horas<\/strong>:<br>&nbsp;\ud83d\udd17&nbsp;<a href=\"https:\/\/linktr.ee\/ejesaSUS\" target=\"_blank\" rel=\"noreferrer noopener\"><u>https:\/\/linktr.ee\/ejesaSUS<\/u><\/a><\/p>\n","protected":false},"excerpt":{"rendered":"<p>Les informamos que, con el objetivo de\u00a0elevar la calidad del servicio el\u00e9ctrico, se llevar\u00e1n adelante\u00a0tareas programadas de mantenimiento y mejoras destinadas a fortalecer la calidad y confiabilidad del servicio el\u00e9ctrico. Para su correcta ejecuci\u00f3n, ser\u00e1 necesario realizar\u00a0una interrupci\u00f3n programada del suministro\u00a0en las siguientes zonas y horarios: \ud83d\udcc5\u00a0JUEVES 30 de Abril 2026 \ud83d\udccd LIBERTADOR: Barrios La [&hellip;]<\/p>\n","protected":false},"author":5,"featured_media":378939,"comment_status":"open","ping_status":"open","sticky":false,"template":"","format":"standard","meta":{"_stopmodifiedupdate":false,"_modified_date":"","inline_featured_image":false,"spay_email":"","jetpack_publicize_message":""},"categories":[4],"tags":[],"jetpack_featured_media_url":"https:\/\/notinor.com\/jujuy\/wp-content\/uploads\/2023\/05\/libertador-gral-san-martin1.jpg","jetpack_publicize_connections":[],"_links":{"self":[{"href":"https:\/\/notinor.com\/jujuy\/wp-json\/wp\/v2\/posts\/441525"}],"collection":[{"href":"https:\/\/notinor.com\/jujuy\/wp-json\/wp\/v2\/posts"}],"about":[{"href":"https:\/\/notinor.com\/jujuy\/wp-json\/wp\/v2\/types\/post"}],"author":[{"embeddable":true,"href":"https:\/\/notinor.com\/jujuy\/wp-json\/wp\/v2\/users\/5"}],"replies":[{"embeddable":true,"href":"https:\/\/notinor.com\/jujuy\/wp-json\/wp\/v2\/comments?post=441525"}],"version-history":[{"count":1,"href":"https:\/\/notinor.com\/jujuy\/wp-json\/wp\/v2\/posts\/441525\/revisions"}],"predecessor-version":[{"id":441526,"href":"https:\/\/notinor.com\/jujuy\/wp-json\/wp\/v2\/posts\/441525\/revisions\/441526"}],"wp:featuredmedia":[{"embeddable":true,"href":"https:\/\/notinor.com\/jujuy\/wp-json\/wp\/v2\/media\/378939"}],"wp:attachment":[{"href":"https:\/\/notinor.com\/jujuy\/wp-json\/wp\/v2\/media?parent=441525"}],"wp:term":[{"taxonomy":"category","embeddable":true,"href":"https:\/\/notinor.com\/jujuy\/wp-json\/wp\/v2\/categories?post=441525"},{"taxonomy":"post_tag","embeddable":true,"href":"https:\/\/notinor.com\/jujuy\/wp-json\/wp\/v2\/tags?post=441525"}],"curies":[{"name":"wp","href":"https:\/\/api.w.org\/{rel}","templated":true}]}}