{"id":441518,"date":"2026-04-29T23:45:00","date_gmt":"2026-04-30T02:45:00","guid":{"rendered":"https:\/\/notinor.com\/jujuy\/?p=441518"},"modified":"2026-04-29T23:45:00","modified_gmt":"2026-04-29T23:45:00","slug":"litio-jujuy-salta-y-catamarca-consolidan-un-bloque-regional-para-atraer-inversiones","status":"publish","type":"post","link":"https:\/\/notinor.com\/jujuy\/litio-jujuy-salta-y-catamarca-consolidan-un-bloque-regional-para-atraer-inversiones\/","title":{"rendered":"Litio: Jujuy, Salta y Catamarca consolidan un bloque regional para atraer inversiones"},"content":{"rendered":"\n<p class=\"has-medium-font-size\"><strong><em>Una nueva sesi\u00f3n de la Mesa del Litio tuvo como eje central la coordinaci\u00f3n de pol\u00edticas p\u00fablicas, la industrializaci\u00f3n y el desarrollo sustentable del mineral en el NOA.<\/em><\/strong><\/p>\n\n\n\n<p><\/p>\n\n\n<div class=\"wp-block-image\">\n<figure class=\"aligncenter size-full\"><img decoding=\"async\" loading=\"lazy\" width=\"800\" height=\"450\" src=\"https:\/\/notinor.com\/jujuy\/wp-content\/uploads\/2026\/04\/litio-jujuy.jpg\" alt=\"\" class=\"wp-image-441519\" srcset=\"https:\/\/notinor.com\/jujuy\/wp-content\/uploads\/2026\/04\/litio-jujuy.jpg 800w, https:\/\/notinor.com\/jujuy\/wp-content\/uploads\/2026\/04\/litio-jujuy-649x365.jpg 649w, https:\/\/notinor.com\/jujuy\/wp-content\/uploads\/2026\/04\/litio-jujuy-500x280.jpg 500w, https:\/\/notinor.com\/jujuy\/wp-content\/uploads\/2026\/04\/litio-jujuy-768x432.jpg 768w, https:\/\/notinor.com\/jujuy\/wp-content\/uploads\/2026\/04\/litio-jujuy-750x422.jpg 750w\" sizes=\"(max-width: 800px) 100vw, 800px\" \/><\/figure><\/div>\n\n\n<p><\/p>\n\n\n\n<p>En un encuentro clave para el futuro energ\u00e9tico de la regi\u00f3n, los gobernadores de Jujuy, Salta y Catamarca encabezaron una nueva sesi\u00f3n de la Mesa del Litio, presidida por el gobernador Carlos Sadir, junto a representantes del Consejo Federal de Inversiones (CFI). El evento tuvo como eje central la coordinaci\u00f3n de pol\u00edticas p\u00fablicas, la industrializaci\u00f3n y el desarrollo sustentable del mineral en el NOA.<\/p>\n\n\n\n<p>La jornada culmin\u00f3 con un paso institucional decisivo: la oficializaci\u00f3n de la creaci\u00f3n del Comit\u00e9 Regional de la Regi\u00f3n Minera del Litio. Este organismo buscar\u00e1 armonizar los esquemas tributarios y no tributarios de la industria, adem\u00e1s de trazar una \"hoja de ruta\" para fortalecer la gobernanza regional.<\/p>\n\n\n\n<p><\/p>\n\n\n\n<p class=\"has-medium-font-size\"><strong>Un frente unido por la seguridad jur\u00eddica<\/strong><\/p>\n\n\n\n<p>El gobernador de Jujuy y presidente pro tempore de la Mesa, Carlos Sadir, destac\u00f3 el crecimiento exponencial del sector, impulsado por la demanda global de minerales cr\u00edticos para la transici\u00f3n energ\u00e9tica.<\/p>\n\n\n\n<p>\"El mundo posa sus ojos en el 'Tri\u00e1ngulo del Litio'. Necesitamos que provincias, Naci\u00f3n y proveedores trabajemos en infraestructura y licencia social para que el sector crezca y beneficie a nuestra gente\", afirm\u00f3 Sadir. Por su parte, Gustavo S\u00e1enz, el mandatario salte\u00f1o, enfatiz\u00f3 la necesidad de dotar al pa\u00eds de previsibilidad para atraer capitales extranjeros.<\/p>\n\n\n\n<p>El mandatario advirti\u00f3 sobre la \"pendularidad\" pol\u00edtica de Argentina y la importancia de establecer reglas de juego claras. \"Debemos tener pol\u00edticas de Estado inamovibles para ser un pa\u00eds serio. Buscamos el 'justo medio' para generar la seguridad jur\u00eddica que los inversores exigen\", expuso.<\/p>\n\n\n\n<p><\/p>\n\n\n\n<p class=\"has-medium-font-size\"><strong>Financiamiento e Infraestructura<\/strong><\/p>\n\n\n\n<p>El gobernador de Catamarca, Ra\u00fal Jalil, puso el foco en la competitividad y el financiamiento. Subray\u00f3 el rol del CFI y de organismos internacionales como el Banco Mundial y el BID para cubrir el d\u00e9ficit de infraestructura. Jalil tambi\u00e9n mencion\u00f3 el impacto positivo del R\u00e9gimen de Incentivo para Grandes Inversiones (RIGI), se\u00f1alando que ha funcionado como un acelerador para proyectos que buscan beneficios impositivos y estabilidad a largo plazo.<\/p>\n\n\n\n<p><\/p>\n\n\n\n<p class=\"has-medium-font-size\"><strong>Participaci\u00f3n Multisectorial<\/strong><\/p>\n\n\n\n<p>El encuentro, realizado en el Hotel Altos de la Vi\u00f1a, cont\u00f3 con una amplia representaci\u00f3n de organismos t\u00e9cnicos y financieros:<\/p>\n\n\n\n<p><strong>\u2022 Organismos Internacionales:<\/strong> Banco Mundial, BID, CEPAL e IGF (Foro Intergubernamental para la Miner\u00eda).<\/p>\n\n\n\n<p><strong>\u2022 Entidades Nacionales y Provinciales:<\/strong> Secretar\u00eda de Miner\u00eda de la Naci\u00f3n, CFI, JEMSE (Jujuy), REMSa (Salta) y CAMYEN (Catamarca).<\/p>\n\n\n\n<p>El objetivo final de estas mesas de di\u00e1logo es garantizar que el debate sectorial cuente con soporte t\u00e9cnico y cient\u00edfico, permitiendo que el desarrollo del litio no solo sea una oportunidad econ\u00f3mica, sino una pol\u00edtica de Estado con solvencia institucional.<\/p>\n","protected":false},"excerpt":{"rendered":"<p>Una nueva sesi\u00f3n de la Mesa del Litio tuvo como eje central la coordinaci\u00f3n de pol\u00edticas p\u00fablicas, la industrializaci\u00f3n y el desarrollo sustentable del mineral en el NOA. En un encuentro clave para el futuro energ\u00e9tico de la regi\u00f3n, los gobernadores de Jujuy, Salta y Catamarca encabezaron una nueva sesi\u00f3n de la Mesa del Litio, [&hellip;]<\/p>\n","protected":false},"author":49,"featured_media":441519,"comment_status":"open","ping_status":"open","sticky":false,"template":"","format":"standard","meta":{"_stopmodifiedupdate":false,"_modified_date":"","inline_featured_image":false,"spay_email":"","jetpack_publicize_message":""},"categories":[2,514],"tags":[],"jetpack_featured_media_url":"https:\/\/notinor.com\/jujuy\/wp-content\/uploads\/2026\/04\/litio-jujuy.jpg","jetpack_publicize_connections":[],"_links":{"self":[{"href":"https:\/\/notinor.com\/jujuy\/wp-json\/wp\/v2\/posts\/441518"}],"collection":[{"href":"https:\/\/notinor.com\/jujuy\/wp-json\/wp\/v2\/posts"}],"about":[{"href":"https:\/\/notinor.com\/jujuy\/wp-json\/wp\/v2\/types\/post"}],"author":[{"embeddable":true,"href":"https:\/\/notinor.com\/jujuy\/wp-json\/wp\/v2\/users\/49"}],"replies":[{"embeddable":true,"href":"https:\/\/notinor.com\/jujuy\/wp-json\/wp\/v2\/comments?post=441518"}],"version-history":[{"count":1,"href":"https:\/\/notinor.com\/jujuy\/wp-json\/wp\/v2\/posts\/441518\/revisions"}],"predecessor-version":[{"id":441520,"href":"https:\/\/notinor.com\/jujuy\/wp-json\/wp\/v2\/posts\/441518\/revisions\/441520"}],"wp:featuredmedia":[{"embeddable":true,"href":"https:\/\/notinor.com\/jujuy\/wp-json\/wp\/v2\/media\/441519"}],"wp:attachment":[{"href":"https:\/\/notinor.com\/jujuy\/wp-json\/wp\/v2\/media?parent=441518"}],"wp:term":[{"taxonomy":"category","embeddable":true,"href":"https:\/\/notinor.com\/jujuy\/wp-json\/wp\/v2\/categories?post=441518"},{"taxonomy":"post_tag","embeddable":true,"href":"https:\/\/notinor.com\/jujuy\/wp-json\/wp\/v2\/tags?post=441518"}],"curies":[{"name":"wp","href":"https:\/\/api.w.org\/{rel}","templated":true}]}}