{"id":441515,"date":"2026-04-29T22:44:30","date_gmt":"2026-04-30T01:44:30","guid":{"rendered":"https:\/\/notinor.com\/jujuy\/?p=441515"},"modified":"2026-04-29T22:44:32","modified_gmt":"2026-04-30T01:44:32","slug":"educacion-y-legislatura-coordinan-agenda-de-trabajo-para-el-2026","status":"publish","type":"post","link":"https:\/\/notinor.com\/jujuy\/educacion-y-legislatura-coordinan-agenda-de-trabajo-para-el-2026\/","title":{"rendered":"Educaci\u00f3n y Legislatura coordinan agenda de trabajo para el 2026"},"content":{"rendered":"\n<p class=\"has-medium-font-size\"><strong><em>El encuentro puso el foco en mejorar los aprendizajes en el aula, modernizar la gesti\u00f3n y consolidar pol\u00edticas prioritarias.<\/em><\/strong><\/p>\n\n\n\n<p><\/p>\n\n\n<div class=\"wp-block-image\">\n<figure class=\"aligncenter size-full\"><img decoding=\"async\" loading=\"lazy\" width=\"800\" height=\"450\" src=\"https:\/\/notinor.com\/jujuy\/wp-content\/uploads\/2026\/04\/educacion-y-legislatura.jpg\" alt=\"\" class=\"wp-image-441516\" srcset=\"https:\/\/notinor.com\/jujuy\/wp-content\/uploads\/2026\/04\/educacion-y-legislatura.jpg 800w, https:\/\/notinor.com\/jujuy\/wp-content\/uploads\/2026\/04\/educacion-y-legislatura-649x365.jpg 649w, https:\/\/notinor.com\/jujuy\/wp-content\/uploads\/2026\/04\/educacion-y-legislatura-500x280.jpg 500w, https:\/\/notinor.com\/jujuy\/wp-content\/uploads\/2026\/04\/educacion-y-legislatura-768x432.jpg 768w, https:\/\/notinor.com\/jujuy\/wp-content\/uploads\/2026\/04\/educacion-y-legislatura-750x422.jpg 750w\" sizes=\"(max-width: 800px) 100vw, 800px\" \/><\/figure><\/div>\n\n\n<p><\/p>\n\n\n\n<p>La ministra de Educaci\u00f3n, Daniela Teseira, se reuni\u00f3 junto a su equipo con la Comisi\u00f3n de Educaci\u00f3n de la Legislatura para definir las metas centrales de la Planificaci\u00f3n Estrat\u00e9gica 2026 y analizar los ejes que orientar\u00e1n la gesti\u00f3n educativa. El encuentro puso el foco en mejorar los aprendizajes en el aula, modernizar la gesti\u00f3n y consolidar pol\u00edticas prioritarias.<\/p>\n\n\n\n<p>Durante la reuni\u00f3n, la titular de la cartera educativa, destac\u00f3 la importancia de construir una agenda com\u00fan entre el Poder Ejecutivo y el Legislativo que garantice la continuidad de las acciones del Ministerio. En ese sentido, subray\u00f3 que la articulaci\u00f3n entre ambos poderes resulta clave para sostener pol\u00edticas educativas en el tiempo, m\u00e1s all\u00e1 de los cambios de gesti\u00f3n, y lograr un impacto real en la calidad educativa.<\/p>\n\n\n\n<p>Asimismo, se acord\u00f3 profundizar las estrategias de acompa\u00f1amiento a docentes y estudiantes mediante la incorporaci\u00f3n de herramientas innovadoras y el fortalecimiento de los procesos de ense\u00f1anza. El encuentro reafirm\u00f3 el compromiso conjunto de avanzar hacia un sistema educativo m\u00e1s inclusivo, eficiente y orientado al desarrollo integral de las nuevas generaciones.<\/p>\n","protected":false},"excerpt":{"rendered":"<p>El encuentro puso el foco en mejorar los aprendizajes en el aula, modernizar la gesti\u00f3n y consolidar pol\u00edticas prioritarias. La ministra de Educaci\u00f3n, Daniela Teseira, se reuni\u00f3 junto a su equipo con la Comisi\u00f3n de Educaci\u00f3n de la Legislatura para definir las metas centrales de la Planificaci\u00f3n Estrat\u00e9gica 2026 y analizar los ejes que orientar\u00e1n [&hellip;]<\/p>\n","protected":false},"author":49,"featured_media":441516,"comment_status":"open","ping_status":"open","sticky":false,"template":"","format":"standard","meta":{"_stopmodifiedupdate":false,"_modified_date":"","inline_featured_image":false,"spay_email":"","jetpack_publicize_message":""},"categories":[2,514],"tags":[],"jetpack_featured_media_url":"https:\/\/notinor.com\/jujuy\/wp-content\/uploads\/2026\/04\/educacion-y-legislatura.jpg","jetpack_publicize_connections":[],"_links":{"self":[{"href":"https:\/\/notinor.com\/jujuy\/wp-json\/wp\/v2\/posts\/441515"}],"collection":[{"href":"https:\/\/notinor.com\/jujuy\/wp-json\/wp\/v2\/posts"}],"about":[{"href":"https:\/\/notinor.com\/jujuy\/wp-json\/wp\/v2\/types\/post"}],"author":[{"embeddable":true,"href":"https:\/\/notinor.com\/jujuy\/wp-json\/wp\/v2\/users\/49"}],"replies":[{"embeddable":true,"href":"https:\/\/notinor.com\/jujuy\/wp-json\/wp\/v2\/comments?post=441515"}],"version-history":[{"count":1,"href":"https:\/\/notinor.com\/jujuy\/wp-json\/wp\/v2\/posts\/441515\/revisions"}],"predecessor-version":[{"id":441517,"href":"https:\/\/notinor.com\/jujuy\/wp-json\/wp\/v2\/posts\/441515\/revisions\/441517"}],"wp:featuredmedia":[{"embeddable":true,"href":"https:\/\/notinor.com\/jujuy\/wp-json\/wp\/v2\/media\/441516"}],"wp:attachment":[{"href":"https:\/\/notinor.com\/jujuy\/wp-json\/wp\/v2\/media?parent=441515"}],"wp:term":[{"taxonomy":"category","embeddable":true,"href":"https:\/\/notinor.com\/jujuy\/wp-json\/wp\/v2\/categories?post=441515"},{"taxonomy":"post_tag","embeddable":true,"href":"https:\/\/notinor.com\/jujuy\/wp-json\/wp\/v2\/tags?post=441515"}],"curies":[{"name":"wp","href":"https:\/\/api.w.org\/{rel}","templated":true}]}}