{"id":441506,"date":"2026-04-29T14:09:41","date_gmt":"2026-04-29T17:09:41","guid":{"rendered":"https:\/\/notinor.com\/jujuy\/?p=441506"},"modified":"2026-04-29T14:09:42","modified_gmt":"2026-04-29T17:09:42","slug":"sadir-inauguro-nuevo-polideportivo-en-barrio-el-chingo","status":"publish","type":"post","link":"https:\/\/notinor.com\/jujuy\/sadir-inauguro-nuevo-polideportivo-en-barrio-el-chingo\/","title":{"rendered":"Sadir inaugur\u00f3 nuevo polideportivo en barrio El Chingo"},"content":{"rendered":"\n<p class=\"has-medium-font-size\"><strong><em>Se trata de un espacio deportivo con sistema de iluminaci\u00f3n. El gobernador destac\u00f3 la importancia del deporte como pol\u00edtica de Estado.<\/em><\/strong><\/p>\n\n\n<div class=\"wp-block-image\">\n<figure class=\"aligncenter size-large\"><img decoding=\"async\" loading=\"lazy\" width=\"720\" height=\"480\" src=\"https:\/\/notinor.com\/jujuy\/wp-content\/uploads\/2026\/04\/INAUGURACION1-720x480.webp\" alt=\"\" class=\"wp-image-441508\" srcset=\"https:\/\/notinor.com\/jujuy\/wp-content\/uploads\/2026\/04\/INAUGURACION1-720x480.webp 720w, https:\/\/notinor.com\/jujuy\/wp-content\/uploads\/2026\/04\/INAUGURACION1-548x365.webp 548w, https:\/\/notinor.com\/jujuy\/wp-content\/uploads\/2026\/04\/INAUGURACION1-768x512.webp 768w, https:\/\/notinor.com\/jujuy\/wp-content\/uploads\/2026\/04\/INAUGURACION1-750x500.webp 750w, https:\/\/notinor.com\/jujuy\/wp-content\/uploads\/2026\/04\/INAUGURACION1-1140x760.webp 1140w, https:\/\/notinor.com\/jujuy\/wp-content\/uploads\/2026\/04\/INAUGURACION1.webp 1200w\" sizes=\"(max-width: 720px) 100vw, 720px\" \/><\/figure><\/div>\n\n\n<p id=\"p-1777419023803-9062\">El gobernador <strong>Carlos Sadir\u00a0inaugur\u00f3 nuevo espacio deportivo con iluminaci\u00f3n en barrio El Chingo<\/strong>, destacando que el apoyo a la pr\u00e1ctica del deporte es pol\u00edtica de Estado en su gesti\u00f3n.<\/p>\n\n\n\n<p id=\"p-1777419006840-51681\">En su alocuci\u00f3n, el mandatario destac\u00f3 la importancia de las instalaciones deportivas para la comunidad, enfatizando que son espacios para disfrutar y realizar diversas actividades.<\/p>\n\n\n<div class=\"wp-block-image\">\n<figure class=\"aligncenter size-large\"><img decoding=\"async\" loading=\"lazy\" width=\"720\" height=\"480\" src=\"https:\/\/notinor.com\/jujuy\/wp-content\/uploads\/2026\/04\/INAUGURACION1-1-720x480.webp\" alt=\"\" class=\"wp-image-441509\" srcset=\"https:\/\/notinor.com\/jujuy\/wp-content\/uploads\/2026\/04\/INAUGURACION1-1-720x480.webp 720w, https:\/\/notinor.com\/jujuy\/wp-content\/uploads\/2026\/04\/INAUGURACION1-1-548x365.webp 548w, https:\/\/notinor.com\/jujuy\/wp-content\/uploads\/2026\/04\/INAUGURACION1-1-768x512.webp 768w, https:\/\/notinor.com\/jujuy\/wp-content\/uploads\/2026\/04\/INAUGURACION1-1-750x500.webp 750w, https:\/\/notinor.com\/jujuy\/wp-content\/uploads\/2026\/04\/INAUGURACION1-1-1140x760.webp 1140w, https:\/\/notinor.com\/jujuy\/wp-content\/uploads\/2026\/04\/INAUGURACION1-1.webp 1200w\" sizes=\"(max-width: 720px) 100vw, 720px\" \/><\/figure><\/div>\n\n\n<p id=\"p-1777419006840-70837\">Asimismo, mencion\u00f3 la necesidad de continuar con la reparaci\u00f3n y construcci\u00f3n de polideportivos en la provincia, resaltando que el deporte es una pol\u00edtica p\u00fablica valiosa que beneficia a ni\u00f1os, j\u00f3venes y adultos.<\/p>\n\n\n<div class=\"wp-block-image\">\n<figure class=\"aligncenter size-large\"><img decoding=\"async\" loading=\"lazy\" width=\"720\" height=\"480\" src=\"https:\/\/notinor.com\/jujuy\/wp-content\/uploads\/2026\/04\/INAUGURACION1-2-720x480.webp\" alt=\"\" class=\"wp-image-441510\" srcset=\"https:\/\/notinor.com\/jujuy\/wp-content\/uploads\/2026\/04\/INAUGURACION1-2-720x480.webp 720w, https:\/\/notinor.com\/jujuy\/wp-content\/uploads\/2026\/04\/INAUGURACION1-2-548x365.webp 548w, https:\/\/notinor.com\/jujuy\/wp-content\/uploads\/2026\/04\/INAUGURACION1-2-768x512.webp 768w, https:\/\/notinor.com\/jujuy\/wp-content\/uploads\/2026\/04\/INAUGURACION1-2-750x500.webp 750w, https:\/\/notinor.com\/jujuy\/wp-content\/uploads\/2026\/04\/INAUGURACION1-2-1140x760.webp 1140w, https:\/\/notinor.com\/jujuy\/wp-content\/uploads\/2026\/04\/INAUGURACION1-2.webp 1200w\" sizes=\"(max-width: 720px) 100vw, 720px\" \/><\/figure><\/div>\n\n\n<p id=\"p-1777419006840-16719\">Sadir expres\u00f3 finalmente su deseo de que la comunidad se apropie del espacio y lo cuide, con el objetivo de mejorar la calidad de vida de los vecinos.&nbsp;<\/p>\n\n\n\n<p id=\"p-1777419006840-11907\">En tanto, el ministro de Infraestructura, Servicios P\u00fablicos, Tierra y Vivienda, Carlos Stanic, ponder\u00f3 la importancia del esfuerzo colectivo para lograr mejoras en la comunidad, mencionando espec\u00edficamente el trabajo del titular del Centro Vecinal, Franco Calatayud, quien fue persistente en su labor.&nbsp;<\/p>\n\n\n\n<p id=\"p-1777419006840-78372\">El funcionario enfatiz\u00f3 que los recursos utilizados provienen del Gobierno provincial y son de todos, por lo que es crucial&nbsp;<strong>cuidar y disfrutar de los logros alcanzados en comunidad<\/strong>, contribuyendo al cuidado de las instalaciones.<\/p>\n\n\n\n<p><strong>Crecimiento y revalorizaci\u00f3n de barrio El Chingo<\/strong><\/p>\n\n\n\n<p id=\"p-1777419006840-5395\">Por su parte, el presidente del centro vecinal, Franco Calatayud, expres\u00f3 su gratitud a las autoridades por el apoyo recibido, y puso de relieve la importancia de este proyecto para revitalizar el barrio y proporcionar un espacio de encuentro para los j\u00f3venes.&nbsp;<\/p>\n\n\n\n<p id=\"p-1777419006840-90365\">Por \u00faltimo, hizo hincapi\u00e9 en que una de las prioridades de su gesti\u00f3n al frente de la entidad vecinal fue recuperar espacios recreativos olvidados.&nbsp;<\/p>\n\n\n\n<p id=\"p-1777419006840-62141\">Cabe mencionar que el acto cont\u00f3 con la presencia y participaci\u00f3n de la Fundaci\u00f3n M\u00fasica con Alas que a trav\u00e9s de su orquesta brind\u00f3 un momento musical a los presentes.&nbsp;<\/p>\n\n\n\n<p id=\"p-1777419006840-96426\">Finalmente, el gobernador Sadir entreg\u00f3 plantines de \u00e1rboles de especies nativas en Jujuy, que estuvieron destinados a organizaciones civiles del barrio.&nbsp;<\/p>\n\n\n\n<p id=\"p-1777419006840-32813\">Asistieron, adem\u00e1s de los mencionados, el ministro de Gobierno, Justicia, Derechos Humanos y Trabajo, Normando \u00c1lvarez Garc\u00eda; el secretario de Deportes, Luis Calvetti; funcionarios municipales de la Capital; referentes barriales y vecinos del mencionado sector.<\/p>\n","protected":false},"excerpt":{"rendered":"<p>Se trata de un espacio deportivo con sistema de iluminaci\u00f3n. El gobernador destac\u00f3 la importancia del deporte como pol\u00edtica de Estado. El gobernador Carlos Sadir\u00a0inaugur\u00f3 nuevo espacio deportivo con iluminaci\u00f3n en barrio El Chingo, destacando que el apoyo a la pr\u00e1ctica del deporte es pol\u00edtica de Estado en su gesti\u00f3n. En su alocuci\u00f3n, el mandatario [&hellip;]<\/p>\n","protected":false},"author":5,"featured_media":441507,"comment_status":"open","ping_status":"open","sticky":false,"template":"","format":"standard","meta":{"_stopmodifiedupdate":false,"_modified_date":"","inline_featured_image":false,"spay_email":"","jetpack_publicize_message":""},"categories":[2],"tags":[],"jetpack_featured_media_url":"https:\/\/notinor.com\/jujuy\/wp-content\/uploads\/2026\/04\/INUGURACION.webp","jetpack_publicize_connections":[],"_links":{"self":[{"href":"https:\/\/notinor.com\/jujuy\/wp-json\/wp\/v2\/posts\/441506"}],"collection":[{"href":"https:\/\/notinor.com\/jujuy\/wp-json\/wp\/v2\/posts"}],"about":[{"href":"https:\/\/notinor.com\/jujuy\/wp-json\/wp\/v2\/types\/post"}],"author":[{"embeddable":true,"href":"https:\/\/notinor.com\/jujuy\/wp-json\/wp\/v2\/users\/5"}],"replies":[{"embeddable":true,"href":"https:\/\/notinor.com\/jujuy\/wp-json\/wp\/v2\/comments?post=441506"}],"version-history":[{"count":1,"href":"https:\/\/notinor.com\/jujuy\/wp-json\/wp\/v2\/posts\/441506\/revisions"}],"predecessor-version":[{"id":441511,"href":"https:\/\/notinor.com\/jujuy\/wp-json\/wp\/v2\/posts\/441506\/revisions\/441511"}],"wp:featuredmedia":[{"embeddable":true,"href":"https:\/\/notinor.com\/jujuy\/wp-json\/wp\/v2\/media\/441507"}],"wp:attachment":[{"href":"https:\/\/notinor.com\/jujuy\/wp-json\/wp\/v2\/media?parent=441506"}],"wp:term":[{"taxonomy":"category","embeddable":true,"href":"https:\/\/notinor.com\/jujuy\/wp-json\/wp\/v2\/categories?post=441506"},{"taxonomy":"post_tag","embeddable":true,"href":"https:\/\/notinor.com\/jujuy\/wp-json\/wp\/v2\/tags?post=441506"}],"curies":[{"name":"wp","href":"https:\/\/api.w.org\/{rel}","templated":true}]}}