{"id":441502,"date":"2026-04-29T13:54:57","date_gmt":"2026-04-29T16:54:57","guid":{"rendered":"https:\/\/notinor.com\/jujuy\/?p=441502"},"modified":"2026-04-29T13:54:58","modified_gmt":"2026-04-29T16:54:58","slug":"comienzan-las-inscripciones-para-las-residencias-jujenas-en-ciencias-de-la-salud-2026","status":"publish","type":"post","link":"https:\/\/notinor.com\/jujuy\/comienzan-las-inscripciones-para-las-residencias-jujenas-en-ciencias-de-la-salud-2026\/","title":{"rendered":"Comienzan las inscripciones para las Residencias juje\u00f1as en Ciencias de la Salud 2026"},"content":{"rendered":"\n<p class=\"has-medium-font-size\"><strong><em>Los postulantes podr\u00e1n registrarse de manera presencial del 4 al 15 de mayo. Jujuy dispone de cupos en 29 especialidades distribuidas en 6 sedes de formaci\u00f3n.<\/em><\/strong><\/p>\n\n\n<div class=\"wp-block-image\">\n<figure class=\"aligncenter size-full\"><img decoding=\"async\" loading=\"lazy\" width=\"583\" height=\"387\" src=\"https:\/\/notinor.com\/jujuy\/wp-content\/uploads\/2026\/04\/CONCURSO.jpg\" alt=\"\" class=\"wp-image-441503\" srcset=\"https:\/\/notinor.com\/jujuy\/wp-content\/uploads\/2026\/04\/CONCURSO.jpg 583w, https:\/\/notinor.com\/jujuy\/wp-content\/uploads\/2026\/04\/CONCURSO-550x365.jpg 550w\" sizes=\"(max-width: 583px) 100vw, 583px\" \/><\/figure><\/div>\n\n\n<p id=\"p-1777468978225-46110\">El Ministerio de Salud de Jujuy informa que en el marco de la convocatoria 2026, desde el lunes 4 al viernes 15 de mayo se llevar\u00e1n adelante las inscripciones presenciales para el Sistema Provincial de Residencias de Ciencias de la Salud, instancia formativa abierta a j\u00f3venes profesionales, de importancia clave para el fortalecimiento del sistema p\u00fablico en su conjunto.<\/p>\n\n\n\n<p id=\"p-1777468978225-41871\">\u201cEste a\u00f1o contamos con 86 cupos de las distintas especialidades y para esta cohorte, el examen se integrar\u00e1 en todos sus aspectos desde nuestra \u00e1rea y desde la Direcci\u00f3n Provincial de Capital Humano. Esta instancia que anteriormente se rend\u00eda a nivel nacional, a partir de este a\u00f1o depende de cada provincia tanto en la realizaci\u00f3n, fiscalizaci\u00f3n y correcci\u00f3n en el proceso de ingreso de los postulantes a las residencias\u201d, explic\u00f3 Juan Manuel Silva, subdirector Provincial de Formaci\u00f3n y Capacitaci\u00f3n de la cartera sanitaria.<\/p>\n\n\n\n<p id=\"p-1777468978225-28826\">\u201cOtra particularidad en la convocatoria 2026 es la modalidad del examen. En a\u00f1os anteriores, se rend\u00eda y se orientaba el examen hacia la especialidad determinando cupos seg\u00fan examen. Este a\u00f1o, se rinden tres ramas generales que son medicina, enfermer\u00eda y bioqu\u00edmica, estableciendo un \u00fanico orden de m\u00e9rito por lo cual los cupos ser\u00e1n elegidos de mayor a menor puntaje, tratando de cubrir la mayor\u00eda de las vacantes\u201d, remarc\u00f3.<\/p>\n\n\n\n<p id=\"p-1777469578289-91402\">\u00a0<strong>Formaci\u00f3n integral de posgrado y capacitaci\u00f3n progresiva e intensiva en servicio<\/strong><\/p>\n\n\n\n<p id=\"p-1777468978225-3684\">\u201cLa caracter\u00edstica principal de este sistema de formaci\u00f3n y de especializaci\u00f3n de los j\u00f3venes profesionales en ciencias de la salud es que el ciclo se cumple en servicio, es decir, aprendizaje y trabajo se efect\u00faan en simult\u00e1neo con acompa\u00f1amiento de los equipos coordinadores docentes en las sedes formativas del sistema p\u00fablico. As\u00ed, el perfeccionamiento se realiza en campo y con la pr\u00e1ctica, guiados con docentes expertos y con un nivel de progresividad que va a permitir al final de la residencia, contar con el t\u00edtulo de especialista en la rama correspondiente\u201d, agreg\u00f3 Silva.&nbsp;<\/p>\n\n\n\n<p id=\"p-1777468978225-46175\">La formaci\u00f3n cient\u00edfico-asistencial en especialidades m\u00e9dicas y no m\u00e9dicas se lleva adelante con car\u00e1cter remunerado, renovaci\u00f3n anual y dedicaci\u00f3n exclusiva mientras \u201ccuenta con modalidad de rotaciones electivas o programadas; esto significa que, con un avance importante en la formaci\u00f3n, los profesionales deben cumplir con tareas de campo y\/o experimentaci\u00f3n en distintos centros asistenciales p\u00fablicos de la provincia o incluso en distintos puntos del pa\u00eds\u201d, detall\u00f3.&nbsp;<\/p>\n\n\n\n<p id=\"p-1777469618969-90211\">\u00a0<strong>Residencias en Ciencias de la Salud: oferta de formaci\u00f3n<\/strong><\/p>\n\n\n\n<p id=\"p-1777468978225-47210\">El presente ciclo formativo incluye las siguientes especialidades:&nbsp;<\/p>\n\n\n\n<p id=\"p-1777468978225-21348\"><strong>Hospital Materno Infantil<\/strong>&nbsp;<\/p>\n\n\n\n<p id=\"p-1777468978225-37775\">\u2022 Terapia Intensiva Pedi\u00e1trica Post B\u00e1sica&nbsp;<\/p>\n\n\n\n<p id=\"p-1777468978225-46362\">\u2022 Enfermer\u00eda Neonatal&nbsp;<\/p>\n\n\n\n<p id=\"p-1777468978225-97921\">\u2022 Tocoginecolog\u00eda&nbsp;<\/p>\n\n\n\n<p id=\"p-1777468978225-50135\">\u2022 Pediatr\u00eda&nbsp;<\/p>\n\n\n\n<p id=\"p-1777468978225-41218\">\u2022 Neonatolog\u00eda Articulada&nbsp;<\/p>\n\n\n\n<p id=\"p-1777468978225-19378\">\u2022 Neonatolog\u00eda Post B\u00e1sica&nbsp;<\/p>\n\n\n\n<p id=\"p-1777468978225-58635\">\u2022 Cirug\u00eda Infantil&nbsp;<\/p>\n\n\n\n<p id=\"p-1777468978225-23856\"><strong>Hospital Pablo Soria<\/strong>&nbsp;<\/p>\n\n\n\n<p id=\"p-1777468978225-94897\">\u2022 Cl\u00ednica M\u00e9dica&nbsp;<\/p>\n\n\n\n<p id=\"p-1777468978225-52409\">\u2022 Anestesiolog\u00eda&nbsp;<\/p>\n\n\n\n<p id=\"p-1777468978225-88427\">\u2022 Anatom\u00eda Patol\u00f3gica&nbsp;<\/p>\n\n\n\n<p id=\"p-1777468978225-49400\">\u2022 Bioqu\u00edmica Cl\u00ednica&nbsp;<\/p>\n\n\n\n<p id=\"p-1777468978225-67574\">\u2022 Cirug\u00eda General&nbsp;<\/p>\n\n\n\n<p id=\"p-1777468978225-42277\">\u2022 Enfermer\u00eda en Cuidados Cr\u00edticos del Adulto&nbsp;<\/p>\n\n\n\n<p id=\"p-1777468978225-80246\">\u2022 Ortopedia y Traumatolog\u00eda&nbsp;<\/p>\n\n\n\n<p id=\"p-1777468978225-39881\">\u2022 Cardiolog\u00eda&nbsp;<\/p>\n\n\n\n<p id=\"p-1777468978225-62837\">\u2022 Terapia Intensiva Adultos&nbsp;<\/p>\n\n\n\n<p id=\"p-1777469641735-50267\"><strong>Hospital Pablo Soria\/SAME 107<\/strong>&nbsp;<\/p>\n\n\n\n<p id=\"p-1777469678664-80360\">\u2022 Emergentolog\u00eda&nbsp;<\/p>\n\n\n\n<p id=\"p-1777468978225-97740\"><strong>Hospital San Roque<\/strong>&nbsp;<\/p>\n\n\n\n<p id=\"p-1777468978225-1634\">\u2022 Medicina General y\/o Familiar&nbsp;<\/p>\n\n\n\n<p id=\"p-1777468978225-67076\">\u2022 Cl\u00ednica M\u00e9dica&nbsp;<\/p>\n\n\n\n<p id=\"p-1777468978225-40103\">\u2022 Infectolog\u00eda y\/o Medicina Tropical&nbsp;<\/p>\n\n\n\n<p id=\"p-1777468978225-49318\"><strong>Hospital Dr. N\u00e9stor Sequeiros<\/strong>&nbsp;<\/p>\n\n\n\n<p id=\"p-1777468978225-89953\">\u2022 Psiquiatr\u00eda - RISAM&nbsp;<\/p>\n\n\n\n<p id=\"p-1777468978225-59058\">\u2022 Psicolog\u00eda - RISAM&nbsp;<\/p>\n\n\n\n<p id=\"p-1777468978225-63148\">\u2022 Trabajo Social - RISAM&nbsp;<\/p>\n\n\n\n<p id=\"p-1777468978225-61551\">\u2022 Educaci\u00f3n para la Salud - RISAM&nbsp;<\/p>\n\n\n\n<p id=\"p-1777468978225-81430\">\u2022 Enfermer\u00eda - RISAM&nbsp;<\/p>\n\n\n\n<p id=\"p-1777468978225-80550\">\u2022 Comunicaci\u00f3n Social - RISAM&nbsp;<\/p>\n\n\n\n<p id=\"p-1777468978225-32934\">\u2022 Terapia Ocupacional - RISAM&nbsp;<\/p>\n\n\n\n<p id=\"p-1777468978225-2073\">\u2022 Musicoterapia - RISAM&nbsp;<\/p>\n\n\n\n<p id=\"p-1777468978225-60760\"><strong>Departamento SUNIBROM<\/strong>&nbsp;<\/p>\n\n\n\n<p id=\"p-1777468978225-79474\">\u2022 Bioqu\u00edmica Bromatol\u00f3gica&nbsp;<\/p>\n\n\n\n<p><strong>Cronograma de Ingreso Residencias 2026<\/strong><\/p>\n\n\n\n<p id=\"p-1777468978225-45275\">\u2022 Inscripci\u00f3n presencial: 4 al 15 de mayo de 2026&nbsp;<\/p>\n\n\n\n<p id=\"p-1777468978225-32584\">\u2022 Examen \u00danico Provincial: 1 de julio de 2026&nbsp;<\/p>\n\n\n\n<p id=\"p-1777468978225-49399\">\u2022 Publicaci\u00f3n de Notas de Examen: 6 de julio de 2026&nbsp;<\/p>\n\n\n\n<p id=\"p-1777468978225-80947\">\u2022 Publicaci\u00f3n de Orden de M\u00e9rito general por disciplina: 13 de julio de 2026&nbsp;<\/p>\n\n\n\n<p id=\"p-1777468978225-236\">\u2022 Elecci\u00f3n de la Especialidad: 20 al 24 de julio de 2026&nbsp;<\/p>\n\n\n\n<p id=\"p-1777468978225-21158\">\u2022 Adjudicaci\u00f3n de cargo: 27 al 31 de julio de 2026&nbsp;<\/p>\n\n\n\n<p id=\"p-1777468978225-61672\">\u2022 Instancia Examen Psicof\u00edsico: Mes de agosto de 2026&nbsp;<\/p>\n\n\n\n<p id=\"p-1777468978225-14265\">\u2022 Inicio de actividades: 1 de septiembre de 2026&nbsp;<\/p>\n\n\n\n<p><strong>Requisitos de inscripci\u00f3n<\/strong><\/p>\n\n\n\n<p id=\"p-1777468978225-75799\">\u2022 Tener Nacionalidad Argentina (nativo, naturalizado o por opci\u00f3n)&nbsp;<\/p>\n\n\n\n<p id=\"p-1777468978225-20896\">\u2022 Para Residencias B\u00e1sicas: deber\u00e1 contar al momento de la selecci\u00f3n con no m\u00e1s de cinco (5) a\u00f1os de obtenido el t\u00edtulo habilitante&nbsp;<\/p>\n\n\n\n<p id=\"p-1777468978225-34279\">\u2022 Para especialidades Post B\u00e1sicas: el l\u00edmite de a\u00f1o de egreso es de nueve (9) a\u00f1os&nbsp;<\/p>\n\n\n\n<p><strong>Documentaci\u00f3n a presentar (Original y copia)<\/strong><\/p>\n\n\n\n<p id=\"p-1777468978225-50287\">\u2022 Carpeta colgante&nbsp;<\/p>\n\n\n\n<p id=\"p-1777468978225-30236\">\u2022 Planilla de inscripci\u00f3n provincial&nbsp;<\/p>\n\n\n\n<p id=\"p-1777468978225-85801\">\u2022 Fotocopia de DNI \u2013 anverso y reverso&nbsp;<\/p>\n\n\n\n<p id=\"p-1777468978225-66291\">\u2022 Constancia de CUIL&nbsp;<\/p>\n\n\n\n<p id=\"p-1777468978225-70658\">\u2022 T\u00edtulo de Grado Universitario o constancia de T\u00edtulo en tr\u00e1mite&nbsp;<\/p>\n\n\n\n<p id=\"p-1777468978225-85973\">\u2013 Licenciados presentar T\u00edtulo Terciario en caso de corresponder&nbsp;<\/p>\n\n\n\n<p id=\"p-1777468978225-74849\">\u2013 Convalidaci\u00f3n del t\u00edtulo en caso de ser egresado de Instituci\u00f3n formadora extranjera&nbsp;<\/p>\n\n\n\n<p id=\"p-1777468978225-8645\">\u2022 Certificado Anal\u00edtico o constancia de promedio general con aplazos&nbsp;<\/p>\n\n\n\n<p id=\"p-1777468978225-87481\">\u2022 Planilla Prontuarial expedida por la Polic\u00eda de Jujuy o certificado de Antecedentes Penales \u2013 Actualizado (6 meses)&nbsp;<\/p>\n\n\n\n<p id=\"p-1777468978225-969\">\u2022 Declaraci\u00f3n Jurada de situaci\u00f3n laboral&nbsp;<\/p>\n\n\n\n<p id=\"p-1777468978225-19311\">\u2022 Curr\u00edculum Vitae, en el que consten antecedentes personales, acad\u00e9micos y docentes en papel&nbsp;<\/p>\n\n\n\n<p id=\"p-1777468978225-18142\">\u2013 Adjuntar certificados inherentes a la especialidad concursada.&nbsp;<\/p>\n\n\n\n<p id=\"p-1777468978225-62817\">La certificaci\u00f3n se realizar\u00e1 en la Unidad de Residencias al momento de presentar la documentaci\u00f3n (el tr\u00e1mite no es personal, puede ser presentado por un familiar) siempre y cuando se concurra con documentaci\u00f3n original. No se recibir\u00e1 documentaci\u00f3n incompleta.&nbsp;<\/p>\n\n\n\n<p><strong>Consultas e inscripci\u00f3n<\/strong><\/p>\n\n\n\n<p id=\"p-1777468978225-59429\">Los interesados, podr\u00e1n solicitar informaci\u00f3n en:&nbsp;<\/p>\n\n\n\n<p id=\"p-1777468978225-6996\">\u2022 Ministerio de Salud de Jujuy:&nbsp;<a href=\"https:\/\/salud.jujuy.gob.ar\/residencias\" target=\"_blank\" rel=\"noreferrer noopener\">https:\/\/salud.jujuy.gob.ar\/residencias<\/a>&nbsp;<\/p>\n\n\n\n<p id=\"p-1777469813292-13932\">\u2022 Ministerio de Salud de la Naci\u00f3n:&nbsp;<a href=\"https:\/\/www.argentina.gob.ar\/salud\/residencias\/ingreso\" target=\"_blank\" rel=\"noreferrer noopener\">https:\/\/www.argentina.gob.ar\/salud\/residencias\/ingreso<\/a>&nbsp;<\/p>\n\n\n\n<p id=\"p-1777468978225-42530\">\u2022 Correo electr\u00f3nico:&nbsp;<a href=\"mailto:residencias.msjujuy@gmail.com\" target=\"_blank\" rel=\"noreferrer noopener\">residencias.msjujuy@gmail.com<\/a>&nbsp;<\/p>\n\n\n\n<p id=\"p-1777468978225-49\">\u2022 Contacto Telef\u00f3nico: (0388) 4245500 \u2013 Interno 5518&nbsp;<\/p>\n\n\n\n<p id=\"p-1777469881458-1967\">La inscripci\u00f3n de postulantes se realiza en:&nbsp;<\/p>\n\n\n\n<p id=\"p-1777468978225-46926\">\u2022 Direcci\u00f3n: Independencia 41, San Salvador de Jujuy \u2013 Ministerio de Salud de Jujuy \u2013 Subdirecci\u00f3n Provincial de Formaci\u00f3n y Capacitaci\u00f3n \u2013 Unidad de Residencias (Frente Sal\u00f3n Audit\u00f3rium, ex Biblioteca). Subdirector Provincial de Formaci\u00f3n y Capacitaci\u00f3n: Dr. Juan Manuel Silva.<\/p>\n","protected":false},"excerpt":{"rendered":"<p>Los postulantes podr\u00e1n registrarse de manera presencial del 4 al 15 de mayo. Jujuy dispone de cupos en 29 especialidades distribuidas en 6 sedes de formaci\u00f3n. El Ministerio de Salud de Jujuy informa que en el marco de la convocatoria 2026, desde el lunes 4 al viernes 15 de mayo se llevar\u00e1n adelante las inscripciones [&hellip;]<\/p>\n","protected":false},"author":5,"featured_media":441504,"comment_status":"open","ping_status":"open","sticky":false,"template":"","format":"standard","meta":{"_stopmodifiedupdate":false,"_modified_date":"","inline_featured_image":false,"spay_email":"","jetpack_publicize_message":""},"categories":[828],"tags":[],"jetpack_featured_media_url":"https:\/\/notinor.com\/jujuy\/wp-content\/uploads\/2026\/04\/CONCURSO-1.jpg","jetpack_publicize_connections":[],"_links":{"self":[{"href":"https:\/\/notinor.com\/jujuy\/wp-json\/wp\/v2\/posts\/441502"}],"collection":[{"href":"https:\/\/notinor.com\/jujuy\/wp-json\/wp\/v2\/posts"}],"about":[{"href":"https:\/\/notinor.com\/jujuy\/wp-json\/wp\/v2\/types\/post"}],"author":[{"embeddable":true,"href":"https:\/\/notinor.com\/jujuy\/wp-json\/wp\/v2\/users\/5"}],"replies":[{"embeddable":true,"href":"https:\/\/notinor.com\/jujuy\/wp-json\/wp\/v2\/comments?post=441502"}],"version-history":[{"count":1,"href":"https:\/\/notinor.com\/jujuy\/wp-json\/wp\/v2\/posts\/441502\/revisions"}],"predecessor-version":[{"id":441505,"href":"https:\/\/notinor.com\/jujuy\/wp-json\/wp\/v2\/posts\/441502\/revisions\/441505"}],"wp:featuredmedia":[{"embeddable":true,"href":"https:\/\/notinor.com\/jujuy\/wp-json\/wp\/v2\/media\/441504"}],"wp:attachment":[{"href":"https:\/\/notinor.com\/jujuy\/wp-json\/wp\/v2\/media?parent=441502"}],"wp:term":[{"taxonomy":"category","embeddable":true,"href":"https:\/\/notinor.com\/jujuy\/wp-json\/wp\/v2\/categories?post=441502"},{"taxonomy":"post_tag","embeddable":true,"href":"https:\/\/notinor.com\/jujuy\/wp-json\/wp\/v2\/tags?post=441502"}],"curies":[{"name":"wp","href":"https:\/\/api.w.org\/{rel}","templated":true}]}}