{"id":441499,"date":"2026-04-28T13:36:45","date_gmt":"2026-04-28T16:36:45","guid":{"rendered":"https:\/\/notinor.com\/jujuy\/?p=441499"},"modified":"2026-04-28T13:36:45","modified_gmt":"2026-04-28T13:36:45","slug":"semana-del-animal-gran-convocatoria-en-el-cic-alberdi","status":"publish","type":"post","link":"https:\/\/notinor.com\/jujuy\/semana-del-animal-gran-convocatoria-en-el-cic-alberdi\/","title":{"rendered":"Semana del Animal: Gran convocatoria en el CIC Alberdi"},"content":{"rendered":"\n<p class=\"has-medium-font-size\"><strong><em>En el marco de la Semana del Animal, la Direcci\u00f3n de Zoonosis y Direcci\u00f3n General de Descentralizaci\u00f3n de la Municipalidad puso en marcha una serie de operativos simult\u00e1neos en Centros Integradores Comunitarios (CIC), Centros de Participaci\u00f3n Vecinal (CPV) y otras dependencias, acercando servicios gratuitos a los vecinos y sus mascotas.<\/em><\/strong><\/p>\n\n\n<div class=\"wp-block-image\">\n<figure class=\"aligncenter\"><img decoding=\"async\" src=\"https:\/\/www.sansalvadordejujuy.gob.ar\/wp-content\/uploads\/2026\/04\/semana-del-animal-2-1024x822.jpg\" alt=\"\" class=\"wp-image-103285\"\/><\/figure><\/div>\n\n\n<p>Asimismo, se\u00f1al\u00f3 que los operativos se desarrollan de manera simult\u00e1nea en distintos sectores de la ciudad. \u201cTambi\u00e9n estamos en barrio San Francisco de \u00c1lava con la misma convocatoria, lo cual nos sorprende gratamente pese a las inclemencias clim\u00e1ticas\u201d, expres\u00f3.<\/p>\n\n\n<div class=\"wp-block-image\">\n<figure class=\"aligncenter\"><img decoding=\"async\" src=\"https:\/\/www.sansalvadordejujuy.gob.ar\/wp-content\/uploads\/2026\/04\/semana-del-animal-8-1024x705.jpg\" alt=\"\" class=\"wp-image-103286\"\/><\/figure><\/div>\n\n\n<p>En cuanto a la continuidad de las actividades, S\u00e1ez adelant\u00f3 que el cronograma seguir\u00e1 durante toda la semana, culminando el 29 de abril, D\u00eda del Animal, con un evento central en barrio General Arias: \u201cInvitamos a todos los vecinos a participar desde las 10 hasta las 14 horas, donde habr\u00e1 desfile de mascotas, cirug\u00edas y todos los servicios gratuitos. Adem\u00e1s, se sumar\u00e1n 11 direcciones municipales, desde salud mental hasta el \u00e1rea jur\u00eddica contravencional\u201d.<\/p>\n\n\n<div class=\"wp-block-image\">\n<figure class=\"aligncenter\"><img decoding=\"async\" src=\"https:\/\/www.sansalvadordejujuy.gob.ar\/wp-content\/uploads\/2026\/04\/semana-del-animal-3-1024x769.jpg\" alt=\"\" class=\"wp-image-103287\"\/><\/figure><\/div>\n\n\n<p>Por su parte, la subdirectora general de Descentralizaci\u00f3n, Alejandra Cruz, remarc\u00f3 la importancia del trabajo articulado entre \u00e1reas municipales para garantizar el alcance territorial. \u201cestamos en el CIC Alberdi, un punto de gran convocatoria, no solo para los vecinos del sector sino de toda la ciudad. Desde la semana pasada venimos coordinando con Zoonosis para llegar a todas las unidades descentralizadas\u201d.<\/p>\n\n\n<div class=\"wp-block-image\">\n<figure class=\"aligncenter\"><img decoding=\"async\" src=\"https:\/\/www.sansalvadordejujuy.gob.ar\/wp-content\/uploads\/2026\/04\/semana-del-animal-7-1024x678.jpg\" alt=\"\" class=\"wp-image-103288\"\/><\/figure><\/div>\n\n\n<p>Cruz detall\u00f3 que los operativos se realizan en doble turno, de 9 a 12 y de 15 a 18 horas, y continuar\u00e1n en diferentes puntos como CPV 12 de Octubre, CIC Copacabana, CPV Belgrano y CPV Cuyaya, entre otros. \u201cEl objetivo es cubrir los seis distritos de la ciudad, garantizando el acceso a estos servicios esenciales\u201d, afirm\u00f3.<\/p>\n\n\n\n<p>Finalmente, el administrador del CIC Alberdi, <strong>Javier Ugarte<\/strong>, valor\u00f3 el trabajo conjunto y la participaci\u00f3n vecinal, \u201cestamos muy contentos por la convocatoria y por poder ofrecer castraci\u00f3n, desparasitaci\u00f3n, vacunaci\u00f3n antirr\u00e1bica y actividades como el desfile de mascotas, con premios para los participantes\u201d.<\/p>\n\n\n\n<p>Ugarte tambi\u00e9n agradeci\u00f3 el acompa\u00f1amiento del sector privado y autoridades: \u201cQueremos destacar la colaboraci\u00f3n de forrajer\u00edas Arnold y M\u00e1rquez por los premios, y el apoyo del presidente del Concejo Deliberante, doctor Gast\u00f3n Mill\u00f3n\u201d.<\/p>\n\n\n<div class=\"wp-block-image\">\n<figure class=\"aligncenter\"><img decoding=\"async\" src=\"https:\/\/www.sansalvadordejujuy.gob.ar\/wp-content\/uploads\/2026\/04\/semana-del-animal-5-1024x795.jpg\" alt=\"\" class=\"wp-image-103290\"\/><\/figure><\/div>\n\n\n<p><strong>Nota audiovisual:<\/strong><a href=\"https:\/\/youtu.be\/ETBk11ELp88\">&nbsp;https:\/\/youtu.be\/ETBk11ELp88<\/a><\/p>\n","protected":false},"excerpt":{"rendered":"<p>En el marco de la Semana del Animal, la Direcci\u00f3n de Zoonosis y Direcci\u00f3n General de Descentralizaci\u00f3n de la Municipalidad puso en marcha una serie de operativos simult\u00e1neos en Centros Integradores Comunitarios (CIC), Centros de Participaci\u00f3n Vecinal (CPV) y otras dependencias, acercando servicios gratuitos a los vecinos y sus mascotas. Asimismo, se\u00f1al\u00f3 que los operativos [&hellip;]<\/p>\n","protected":false},"author":5,"featured_media":441500,"comment_status":"open","ping_status":"open","sticky":false,"template":"","format":"standard","meta":{"_stopmodifiedupdate":false,"_modified_date":"","inline_featured_image":false,"spay_email":"","jetpack_publicize_message":""},"categories":[514],"tags":[],"jetpack_featured_media_url":"https:\/\/notinor.com\/jujuy\/wp-content\/uploads\/2026\/04\/ANIMAL.jpg","jetpack_publicize_connections":[],"_links":{"self":[{"href":"https:\/\/notinor.com\/jujuy\/wp-json\/wp\/v2\/posts\/441499"}],"collection":[{"href":"https:\/\/notinor.com\/jujuy\/wp-json\/wp\/v2\/posts"}],"about":[{"href":"https:\/\/notinor.com\/jujuy\/wp-json\/wp\/v2\/types\/post"}],"author":[{"embeddable":true,"href":"https:\/\/notinor.com\/jujuy\/wp-json\/wp\/v2\/users\/5"}],"replies":[{"embeddable":true,"href":"https:\/\/notinor.com\/jujuy\/wp-json\/wp\/v2\/comments?post=441499"}],"version-history":[{"count":1,"href":"https:\/\/notinor.com\/jujuy\/wp-json\/wp\/v2\/posts\/441499\/revisions"}],"predecessor-version":[{"id":441501,"href":"https:\/\/notinor.com\/jujuy\/wp-json\/wp\/v2\/posts\/441499\/revisions\/441501"}],"wp:featuredmedia":[{"embeddable":true,"href":"https:\/\/notinor.com\/jujuy\/wp-json\/wp\/v2\/media\/441500"}],"wp:attachment":[{"href":"https:\/\/notinor.com\/jujuy\/wp-json\/wp\/v2\/media?parent=441499"}],"wp:term":[{"taxonomy":"category","embeddable":true,"href":"https:\/\/notinor.com\/jujuy\/wp-json\/wp\/v2\/categories?post=441499"},{"taxonomy":"post_tag","embeddable":true,"href":"https:\/\/notinor.com\/jujuy\/wp-json\/wp\/v2\/tags?post=441499"}],"curies":[{"name":"wp","href":"https:\/\/api.w.org\/{rel}","templated":true}]}}