{"id":441496,"date":"2026-04-28T13:28:32","date_gmt":"2026-04-28T16:28:32","guid":{"rendered":"https:\/\/notinor.com\/jujuy\/?p=441496"},"modified":"2026-04-28T13:28:32","modified_gmt":"2026-04-28T13:28:32","slug":"en-marcha-el-programa-municipal-de-salud-bucal-en-primera-infancia-en-los-cdi","status":"publish","type":"post","link":"https:\/\/notinor.com\/jujuy\/en-marcha-el-programa-municipal-de-salud-bucal-en-primera-infancia-en-los-cdi\/","title":{"rendered":"En marcha el programa municipal de Salud Bucal en Primera Infancia en los CDI"},"content":{"rendered":"\n<p class=\"has-medium-font-size\"><strong><em>La Municipalidad de San Salvador de Jujuy puso en marcha el programa de Salud Bucal en Primera Infancia con la realizaci\u00f3n de relevamientos odontol\u00f3gicos y charlas-taller preventivas destinadas a ni\u00f1os, ni\u00f1as y sus familias que asisten al Centro de Desarrollo Infantil (CDI) \u201cMimitos\u201d, ubicado en el sector B6 de Alto Comedero.<\/em><\/strong><\/p>\n\n\n<div class=\"wp-block-image\">\n<figure class=\"aligncenter\"><img decoding=\"async\" src=\"https:\/\/www.sansalvadordejujuy.gob.ar\/wp-content\/uploads\/2026\/04\/jornada-salud-bucal-cdi-mimitos2-1024x586.jpg\" alt=\"\" class=\"wp-image-103235\"\/><\/figure><\/div>\n\n\n<p>La jornada cont\u00f3 con la presencia de la subsecretaria de Desarrollo Humano,<strong> Daniela Amerise<\/strong>, acompa\u00f1ada por la directora de Medicina Preventiva, <strong>Itat\u00ed Gloss<\/strong>; la coordinadora de Atenci\u00f3n Primaria de la Salud y Odontolog\u00eda, <strong>Daniela Alba;<\/strong> la directora de Pol\u00edticas Publicas de Alto Comedero, <strong>Patricia Moya<\/strong>; las odont\u00f3logas<strong> Florencia Vel\u00e1zquez<\/strong> y<strong> Roxana Zenteno;<\/strong> y la administradora del CDI \u201cMimitos\u201d, <strong>Cecilia Franzece.<\/strong><\/p>\n\n\n<div class=\"wp-block-image\">\n<figure class=\"aligncenter\"><img decoding=\"async\" src=\"https:\/\/www.sansalvadordejujuy.gob.ar\/wp-content\/uploads\/2026\/04\/jornada-salud-bucal-cdi-mimitos-1024x579.jpg\" alt=\"\" class=\"wp-image-103236\"\/><\/figure><\/div>\n\n\n<p>En este marco, Daniela Amerise destac\u00f3 que \u201cdesde el a\u00f1o 2016 la Municipalidad cuenta con el programa de Salud Bucal en Primera Infancia. Cada a\u00f1o se realiza un relevamiento en todos los Centros de Desarrollo Infantil municipales; sin embargo, la propuesta va m\u00e1s all\u00e1, ya que se trabaja fuertemente en la prevenci\u00f3n mediante talleres destinados a concientizar a las familias sobre la importancia del cuidado de la salud bucal desde edades tempranas\u201d.<\/p>\n\n\n\n<p>Asimismo, se\u00f1al\u00f3 que \u201clas actividades comenzaron en Alto Comedero y continuar\u00e1n en el resto de los CDI, de acuerdo con la planificaci\u00f3n establecida por la Direcci\u00f3n de Salud y la coordinaci\u00f3n del \u00e1rea\u201d.<\/p>\n\n\n\n<p>Por \u00faltimo, agradeci\u00f3 a la Comisi\u00f3n de Prevenci\u00f3n del C\u00edrculo Odontol\u00f3gico de Jujuy por la donaci\u00f3n de materiales, consistentes en cepillos de dientes y pastas dentales, que ser\u00e1n entregados a cada uno de los ni\u00f1os y ni\u00f1as que participan del relevamiento.<\/p>\n\n\n<div class=\"wp-block-image\">\n<figure class=\"aligncenter\"><img decoding=\"async\" src=\"https:\/\/www.sansalvadordejujuy.gob.ar\/wp-content\/uploads\/2026\/04\/jornada-salud-bucal-cdi-mimitos5-1024x557.jpg\" alt=\"\" class=\"wp-image-103238\"\/><\/figure><\/div>\n\n\n<p>Por su parte, Itati Gloss remarc\u00f3 la importancia del acompa\u00f1amiento profesional y expres\u00f3, \u201cqueremos que las familias sepan que cuentan con el apoyo de profesionales en cada CDI. Ante cualquier duda, es fundamental recurrir a ellos para recibir asesoramiento adecuado\u201d. Adem\u00e1s, adelant\u00f3 que el cronograma continuar\u00e1 en los CDI \u201cTiempo de Juego\u201d y \u201cCaritas de Luna\u201d.<\/p>\n\n\n<div class=\"wp-block-image\">\n<figure class=\"aligncenter\"><img decoding=\"async\" src=\"https:\/\/www.sansalvadordejujuy.gob.ar\/wp-content\/uploads\/2026\/04\/jornada-salud-bucal-cdi-mimitos3-1024x597.jpg\" alt=\"\" class=\"wp-image-103239\"\/><\/figure><\/div>\n\n\n<p>A su turno, Daniela Alba explic\u00f3 que durante la jornada \u201cse abordaron h\u00e1bitos saludables de higiene bucal y se trabaj\u00f3 sobre pr\u00e1cticas perjudiciales, a trav\u00e9s de charlas a cargo de las odont\u00f3logas del equipo\u201d.<\/p>\n\n\n\n<p>Finalmente, Cecilia Francece inform\u00f3 que el CDI \u201cMimitos\u201d cuenta con salas para ni\u00f1os y ni\u00f1as de 2 y 3 a\u00f1os, con una matr\u00edcula de 34 asistentes, y que actualmente se encuentran abiertas las inscripciones. Tambi\u00e9n agradeci\u00f3 a la Direcci\u00f3n de Medicina Preventiva y a sus profesionales \u201cpor brindar herramientas a las familias sobre la importancia del cuidado de la salud bucal\u201d, y destac\u00f3 \u201cla participaci\u00f3n constante de los padres en las actividades que se desarrollan en la instituci\u00f3n\u201d.<\/p>\n\n\n\n<p><strong>Nota audiovisual:<\/strong>&nbsp;<a href=\"https:\/\/youtu.be\/Gtd0b_ho8zA\">https:\/\/youtu.be\/Gtd0b_ho8zA<\/a><\/p>\n","protected":false},"excerpt":{"rendered":"<p>La Municipalidad de San Salvador de Jujuy puso en marcha el programa de Salud Bucal en Primera Infancia con la realizaci\u00f3n de relevamientos odontol\u00f3gicos y charlas-taller preventivas destinadas a ni\u00f1os, ni\u00f1as y sus familias que asisten al Centro de Desarrollo Infantil (CDI) \u201cMimitos\u201d, ubicado en el sector B6 de Alto Comedero. La jornada cont\u00f3 con [&hellip;]<\/p>\n","protected":false},"author":5,"featured_media":441497,"comment_status":"open","ping_status":"open","sticky":false,"template":"","format":"standard","meta":{"_stopmodifiedupdate":false,"_modified_date":"","inline_featured_image":false,"spay_email":"","jetpack_publicize_message":""},"categories":[13],"tags":[],"jetpack_featured_media_url":"https:\/\/notinor.com\/jujuy\/wp-content\/uploads\/2026\/04\/CHARLA-2.jpg","jetpack_publicize_connections":[],"_links":{"self":[{"href":"https:\/\/notinor.com\/jujuy\/wp-json\/wp\/v2\/posts\/441496"}],"collection":[{"href":"https:\/\/notinor.com\/jujuy\/wp-json\/wp\/v2\/posts"}],"about":[{"href":"https:\/\/notinor.com\/jujuy\/wp-json\/wp\/v2\/types\/post"}],"author":[{"embeddable":true,"href":"https:\/\/notinor.com\/jujuy\/wp-json\/wp\/v2\/users\/5"}],"replies":[{"embeddable":true,"href":"https:\/\/notinor.com\/jujuy\/wp-json\/wp\/v2\/comments?post=441496"}],"version-history":[{"count":1,"href":"https:\/\/notinor.com\/jujuy\/wp-json\/wp\/v2\/posts\/441496\/revisions"}],"predecessor-version":[{"id":441498,"href":"https:\/\/notinor.com\/jujuy\/wp-json\/wp\/v2\/posts\/441496\/revisions\/441498"}],"wp:featuredmedia":[{"embeddable":true,"href":"https:\/\/notinor.com\/jujuy\/wp-json\/wp\/v2\/media\/441497"}],"wp:attachment":[{"href":"https:\/\/notinor.com\/jujuy\/wp-json\/wp\/v2\/media?parent=441496"}],"wp:term":[{"taxonomy":"category","embeddable":true,"href":"https:\/\/notinor.com\/jujuy\/wp-json\/wp\/v2\/categories?post=441496"},{"taxonomy":"post_tag","embeddable":true,"href":"https:\/\/notinor.com\/jujuy\/wp-json\/wp\/v2\/tags?post=441496"}],"curies":[{"name":"wp","href":"https:\/\/api.w.org\/{rel}","templated":true}]}}