{"id":441493,"date":"2026-04-28T13:19:22","date_gmt":"2026-04-28T16:19:22","guid":{"rendered":"https:\/\/notinor.com\/jujuy\/?p=441493"},"modified":"2026-04-28T13:19:22","modified_gmt":"2026-04-28T13:19:22","slug":"el-ceija-municipal-celebro-21-anos-promoviendo-la-terminalidad-educativa-y-la-inclusion-social","status":"publish","type":"post","link":"https:\/\/notinor.com\/jujuy\/el-ceija-municipal-celebro-21-anos-promoviendo-la-terminalidad-educativa-y-la-inclusion-social\/","title":{"rendered":"El CEIJA municipal celebr\u00f3 21 a\u00f1os promoviendo la terminalidad educativa y la inclusi\u00f3n social"},"content":{"rendered":"\n<p class=\"has-medium-font-size\"><strong><em>La comunidad educativa del Centro de Educaci\u00f3n Integral para J\u00f3venes y Adultos (CEIJA) \u201cRene Ruffino Salamanca\u201d en Alto Comedero, cumpli\u00f3 21 a\u00f1os de trayectoria y como una herramienta fundamental que garantiza el acceso a la educaci\u00f3n secundaria de personas adultas en la ciudad.<\/em><\/strong><\/p>\n\n\n<div class=\"wp-block-image\">\n<figure class=\"aligncenter\"><img decoding=\"async\" src=\"https:\/\/www.sansalvadordejujuy.gob.ar\/wp-content\/uploads\/2026\/04\/Aniversario-CEIJA-Prensa-Muni-Jujuy2-1024x535.jpg\" alt=\"\" class=\"wp-image-103307\"\/><\/figure><\/div>\n\n\n<p>De la celebraci\u00f3n, particip\u00f3 el secretario de Desarrollo Humano, <strong>Gustavo Muro,<\/strong> quien coment\u00f3 \u201cdesde los inicios en la gesti\u00f3n de Hugo Conde, el programa se proyect\u00f3 como una oportunidad para quienes no pudieron finalizar sus estudios y hoy pueden concretarlo. Y a mas de dos d\u00e9cadas, ese objetivo no solo se mantiene vigente sino que se va fortaleciendo mediante un trabajo articulado con el Ministerio de Educaci\u00f3n, ampliando su alcance y mejorando los servicios brindados\u201d.<\/p>\n\n\n\n<p>En ese orden, resalt\u00f3 que \u201cuno de los aspectos m\u00e1s destacados de este crecimiento es la incorporaci\u00f3n de espacios o salitas de cuidado destinados a los hijos de los estudiantes, a trav\u00e9s de los CDI donde se contiene a los ni\u00f1os mientras sus madres, padres asisten a clases, y de esta manera facilitar la continuidad educativa\u201d.<\/p>\n\n\n<div class=\"wp-block-image\">\n<figure class=\"aligncenter\"><img decoding=\"async\" src=\"https:\/\/www.sansalvadordejujuy.gob.ar\/wp-content\/uploads\/2026\/04\/Aniversario-CEIJA-Prensa-Muni-Jujuy1-1024x583.jpg\" alt=\"\" class=\"wp-image-103308\"\/><\/figure><\/div>\n\n\n<p>Luego a\u00f1adi\u00f3 Muro \u201cel CEIJA forma parte de la Direcci\u00f3n General de Educaci\u00f3n del municipio, bajo la \u00f3rbita de la Secretar\u00eda de Desarrollo Humano, y cuenta con el permanente acompa\u00f1amiento del intendente Ra\u00fal Jorge, quien impulsa pol\u00edticas p\u00fablicas orientadas a la inclusi\u00f3n y el desarrollo integral de la comunidad\u201d.<\/p>\n\n\n\n<p>Por su parte, prosigui\u00f3 la directora de la instituci\u00f3n <strong>Noelia Chacana <\/strong>quien expres\u00f3 la satisfacci\u00f3n por el acompa\u00f1amiento constante de la Municipalidad en cada uno de los proyectos impulsados por la instituci\u00f3n, siempre orientados a beneficiar a la comunidad, a los estudiantes y los vecinos de Alto Comedero\u201d.<\/p>\n\n\n<div class=\"wp-block-image\">\n<figure class=\"aligncenter\"><img decoding=\"async\" src=\"https:\/\/www.sansalvadordejujuy.gob.ar\/wp-content\/uploads\/2026\/04\/Aniversario-CEIJA-Prensa-Muni-Jujuy3-1024x565.jpg\" alt=\"\" class=\"wp-image-103309\"\/><\/figure><\/div>\n\n\n<p>En ese sentido, remarc\u00f3 que actualmente cuentan con una matr\u00edcula aproximada de 300 estudiantes y haber alcanzado un total de cien egresados, \u201clo que refleja el compromiso con la educaci\u00f3n y la inclusi\u00f3n, abriendo las puertas para todos los vecinos de Alto Comedero\u201d, afirm\u00f3.<\/p>\n\n\n\n<p>En este sentido, destac\u00f3 Chacana el balance altamente positivo en cuanto a la convocatoria y \u201cla alegr\u00eda de recibir cada d\u00eda a nuevos estudiantes que eligen continuar sus estudios en \u00e9sta instituci\u00f3n que brinda servicios esenciales como merienda y un jard\u00edn maternal, permitiendo que quienes tienen hijos puedan continuar sus estudios\u201d.<\/p>\n\n\n<div class=\"wp-block-image\">\n<figure class=\"aligncenter\"><img decoding=\"async\" src=\"https:\/\/www.sansalvadordejujuy.gob.ar\/wp-content\/uploads\/2026\/04\/Aniversario-CEIJA-Prensa-Muni-Jujuy-1024x500.jpg\" alt=\"\" class=\"wp-image-103310\"\/><\/figure><\/div>\n\n\n<p>Luego subray\u00f3 \u201cel acceso de los alumnos permite a beneficios como la beca Progresar y el BEGU, herramientas que fortalecen la permanencia educativa y acompa\u00f1an el desarrollo de los estudiantes\u201d. Finalmente, aclar\u00f3 que el sistema es cuatrimestral, por lo que las pr\u00f3ximas inscripciones se abrir\u00e1n el 2 de agosto y se extender\u00e1n hasta diciembre, invitando especialmente a los vecinos de Alto Comedero que no pudieron anotarse en esta 1ra. instancia a sumarse en la pr\u00f3xima convocatoria. Del festejo, participaron autoridades educativas de la Escuela Nro. 1 \u201cMarina Vilte\u201d, adem\u00e1s de la directora de Pol\u00edticas Publicas de Alto Comedero, Patricia Moya junto a la presencia de abanderados, docentes y alumnos.<\/p>\n\n\n\n<p><strong>Nota audiovisual:<\/strong><a href=\"https:\/\/youtu.be\/fM4dZliKcwA\">&nbsp;https:\/\/youtu.be\/fM4dZliKcwA<\/a><\/p>\n","protected":false},"excerpt":{"rendered":"<p>La comunidad educativa del Centro de Educaci\u00f3n Integral para J\u00f3venes y Adultos (CEIJA) \u201cRene Ruffino Salamanca\u201d en Alto Comedero, cumpli\u00f3 21 a\u00f1os de trayectoria y como una herramienta fundamental que garantiza el acceso a la educaci\u00f3n secundaria de personas adultas en la ciudad. De la celebraci\u00f3n, particip\u00f3 el secretario de Desarrollo Humano, Gustavo Muro, quien [&hellip;]<\/p>\n","protected":false},"author":5,"featured_media":441494,"comment_status":"open","ping_status":"open","sticky":false,"template":"","format":"standard","meta":{"_stopmodifiedupdate":false,"_modified_date":"","inline_featured_image":false,"spay_email":"","jetpack_publicize_message":""},"categories":[13],"tags":[],"jetpack_featured_media_url":"https:\/\/notinor.com\/jujuy\/wp-content\/uploads\/2026\/04\/CEIJA.jpg","jetpack_publicize_connections":[],"_links":{"self":[{"href":"https:\/\/notinor.com\/jujuy\/wp-json\/wp\/v2\/posts\/441493"}],"collection":[{"href":"https:\/\/notinor.com\/jujuy\/wp-json\/wp\/v2\/posts"}],"about":[{"href":"https:\/\/notinor.com\/jujuy\/wp-json\/wp\/v2\/types\/post"}],"author":[{"embeddable":true,"href":"https:\/\/notinor.com\/jujuy\/wp-json\/wp\/v2\/users\/5"}],"replies":[{"embeddable":true,"href":"https:\/\/notinor.com\/jujuy\/wp-json\/wp\/v2\/comments?post=441493"}],"version-history":[{"count":1,"href":"https:\/\/notinor.com\/jujuy\/wp-json\/wp\/v2\/posts\/441493\/revisions"}],"predecessor-version":[{"id":441495,"href":"https:\/\/notinor.com\/jujuy\/wp-json\/wp\/v2\/posts\/441493\/revisions\/441495"}],"wp:featuredmedia":[{"embeddable":true,"href":"https:\/\/notinor.com\/jujuy\/wp-json\/wp\/v2\/media\/441494"}],"wp:attachment":[{"href":"https:\/\/notinor.com\/jujuy\/wp-json\/wp\/v2\/media?parent=441493"}],"wp:term":[{"taxonomy":"category","embeddable":true,"href":"https:\/\/notinor.com\/jujuy\/wp-json\/wp\/v2\/categories?post=441493"},{"taxonomy":"post_tag","embeddable":true,"href":"https:\/\/notinor.com\/jujuy\/wp-json\/wp\/v2\/tags?post=441493"}],"curies":[{"name":"wp","href":"https:\/\/api.w.org\/{rel}","templated":true}]}}