{"id":441486,"date":"2026-04-28T21:47:00","date_gmt":"2026-04-29T00:47:00","guid":{"rendered":"https:\/\/notinor.com\/jujuy\/?p=441486"},"modified":"2026-04-28T09:47:21","modified_gmt":"2026-04-28T09:47:21","slug":"el-proyecto-de-ley-de-juventudes-sumo-aportes-de-jovenes-de-distintos-espacios-politicos","status":"publish","type":"post","link":"https:\/\/notinor.com\/jujuy\/el-proyecto-de-ley-de-juventudes-sumo-aportes-de-jovenes-de-distintos-espacios-politicos\/","title":{"rendered":"<strong>El proyecto de Ley de Juventudes sum\u00f3 aportes de j\u00f3venes de distintos espacios pol\u00edticos<\/strong>"},"content":{"rendered":"\n<p class=\"has-medium-font-size\"><strong><em>La Comisi\u00f3n de Asuntos Sociales de la Legislatura, reunida en el sal\u00f3n Dr. Manuel Padilla, prosigui\u00f3 con el tratamiento del proyecto de Ley de Juventudes con la participaci\u00f3n del diputado Mart\u00edn Fellner, autor de la iniciativa, y j\u00f3venes de distintos espacios pol\u00edticos, entre ellos La Libertad Avanza y el Partido Justicialista.<\/em><\/strong><\/p>\n\n\n<div class=\"wp-block-image\">\n<figure class=\"aligncenter size-large\"><img decoding=\"async\" loading=\"lazy\" width=\"840\" height=\"388\" src=\"https:\/\/notinor.com\/jujuy\/wp-content\/uploads\/2026\/04\/COMISION1-11-840x388.jpeg\" alt=\"\" class=\"wp-image-441488\" srcset=\"https:\/\/notinor.com\/jujuy\/wp-content\/uploads\/2026\/04\/COMISION1-11-840x388.jpeg 840w, https:\/\/notinor.com\/jujuy\/wp-content\/uploads\/2026\/04\/COMISION1-11-660x305.jpeg 660w, https:\/\/notinor.com\/jujuy\/wp-content\/uploads\/2026\/04\/COMISION1-11-768x355.jpeg 768w, https:\/\/notinor.com\/jujuy\/wp-content\/uploads\/2026\/04\/COMISION1-11-1536x709.jpeg 1536w, https:\/\/notinor.com\/jujuy\/wp-content\/uploads\/2026\/04\/COMISION1-11-750x346.jpeg 750w, https:\/\/notinor.com\/jujuy\/wp-content\/uploads\/2026\/04\/COMISION1-11-1140x527.jpeg 1140w, https:\/\/notinor.com\/jujuy\/wp-content\/uploads\/2026\/04\/COMISION1-11.jpeg 1600w\" sizes=\"(max-width: 840px) 100vw, 840px\" \/><\/figure><\/div>\n\n\n<p>Durante el encuentro se incorporaron aportes vinculados a las principales demandas del sector juvenil, al tiempo que se ratific\u00f3 la intenci\u00f3n de avanzar hacia la sanci\u00f3n de la norma antes de fin de a\u00f1o.<\/p>\n\n\n\n<p>Al t\u00e9rmino de la reuni\u00f3n, la presidenta de la comisi\u00f3n, <strong>Mar\u00eda Laura Tom\u00e9 G\u00e1mez<\/strong>, se\u00f1al\u00f3 que el debate cont\u00f3 con una participaci\u00f3n activa de j\u00f3venes, pese a la ausencia de organismos invitados por cuestiones de agenda y actividades previamente programadas. \"No estuvieron presentes los organismos municipales y provinciales que hab\u00edamos convocado para que expongan sus pol\u00edticas p\u00fablicas\", indic\u00f3, aunque destac\u00f3 el compromiso de los asistentes y su inter\u00e9s en la construcci\u00f3n de una ley que los represente.<\/p>\n\n\n<div class=\"wp-block-image\">\n<figure class=\"aligncenter size-large\"><img decoding=\"async\" loading=\"lazy\" width=\"840\" height=\"388\" src=\"https:\/\/notinor.com\/jujuy\/wp-content\/uploads\/2026\/04\/COMISION1-12-840x388.jpeg\" alt=\"\" class=\"wp-image-441489\" srcset=\"https:\/\/notinor.com\/jujuy\/wp-content\/uploads\/2026\/04\/COMISION1-12-840x388.jpeg 840w, https:\/\/notinor.com\/jujuy\/wp-content\/uploads\/2026\/04\/COMISION1-12-660x305.jpeg 660w, https:\/\/notinor.com\/jujuy\/wp-content\/uploads\/2026\/04\/COMISION1-12-768x355.jpeg 768w, https:\/\/notinor.com\/jujuy\/wp-content\/uploads\/2026\/04\/COMISION1-12-1536x709.jpeg 1536w, https:\/\/notinor.com\/jujuy\/wp-content\/uploads\/2026\/04\/COMISION1-12-750x346.jpeg 750w, https:\/\/notinor.com\/jujuy\/wp-content\/uploads\/2026\/04\/COMISION1-12-1140x527.jpeg 1140w, https:\/\/notinor.com\/jujuy\/wp-content\/uploads\/2026\/04\/COMISION1-12.jpeg 1600w\" sizes=\"(max-width: 840px) 100vw, 840px\" \/><\/figure><\/div>\n\n\n<p>En esa misma l\u00ednea, subray\u00f3 la implicancia de los j\u00f3venes en el proceso legislativo: \"Rescato el compromiso de los j\u00f3venes, el entusiasmo y el sentimiento de pertenencia con Jujuy. Muchos tienen oportunidades en otras provincias o pa\u00edses, pero apuestan por quedarse y construir aqu\u00ed\", expres\u00f3.<\/p>\n\n\n<div class=\"wp-block-image\">\n<figure class=\"aligncenter size-large is-resized\"><img decoding=\"async\" loading=\"lazy\" src=\"https:\/\/notinor.com\/jujuy\/wp-content\/uploads\/2026\/04\/COMISION1-13-720x480.jpeg\" alt=\"\" class=\"wp-image-441490\" width=\"813\" height=\"542\" srcset=\"https:\/\/notinor.com\/jujuy\/wp-content\/uploads\/2026\/04\/COMISION1-13-720x480.jpeg 720w, https:\/\/notinor.com\/jujuy\/wp-content\/uploads\/2026\/04\/COMISION1-13-548x365.jpeg 548w, https:\/\/notinor.com\/jujuy\/wp-content\/uploads\/2026\/04\/COMISION1-13-768x512.jpeg 768w, https:\/\/notinor.com\/jujuy\/wp-content\/uploads\/2026\/04\/COMISION1-13-1536x1023.jpeg 1536w, https:\/\/notinor.com\/jujuy\/wp-content\/uploads\/2026\/04\/COMISION1-13-750x500.jpeg 750w, https:\/\/notinor.com\/jujuy\/wp-content\/uploads\/2026\/04\/COMISION1-13-1140x760.jpeg 1140w, https:\/\/notinor.com\/jujuy\/wp-content\/uploads\/2026\/04\/COMISION1-13.jpeg 1600w\" sizes=\"(max-width: 813px) 100vw, 813px\" \/><\/figure><\/div>\n\n\n<p>Adelant\u00f3 que el abordaje del proyecto ser\u00e1 transversal e incluir\u00e1 a distintos organismos del Estado: \"La visi\u00f3n de la juventud atraviesa \u00e1reas como desarrollo social, instituto de vivienda y otros ministerios\", coment\u00f3.<\/p>\n\n\n\n<p>Tom\u00e9 G\u00e1mez inform\u00f3 que la comisi\u00f3n continuar\u00e1 con una ronda de consultas durante las pr\u00f3ximas semanas. \"Tenemos el plazo de dos martes m\u00e1s para invitar a sectores con incidencia directa en la calidad de vida de los j\u00f3venes y luego comenzar a trabajar sobre el proyecto para girarlo a la comisi\u00f3n de Legislaci\u00f3n General\", explic\u00f3. Adem\u00e1s, indic\u00f3 que en la reuni\u00f3n tambi\u00e9n se dio lectura a proyectos con estado parlamentario y se avanz\u00f3 en la organizaci\u00f3n del tratamiento de una futura ley destinada a personas pr\u00f3ximas a jubilarse.<\/p>\n\n\n<div class=\"wp-block-image\">\n<figure class=\"aligncenter size-large\"><img decoding=\"async\" loading=\"lazy\" width=\"840\" height=\"388\" src=\"https:\/\/notinor.com\/jujuy\/wp-content\/uploads\/2026\/04\/COMISION1-14-840x388.jpeg\" alt=\"\" class=\"wp-image-441491\" srcset=\"https:\/\/notinor.com\/jujuy\/wp-content\/uploads\/2026\/04\/COMISION1-14-840x388.jpeg 840w, https:\/\/notinor.com\/jujuy\/wp-content\/uploads\/2026\/04\/COMISION1-14-660x305.jpeg 660w, https:\/\/notinor.com\/jujuy\/wp-content\/uploads\/2026\/04\/COMISION1-14-768x355.jpeg 768w, https:\/\/notinor.com\/jujuy\/wp-content\/uploads\/2026\/04\/COMISION1-14-1536x709.jpeg 1536w, https:\/\/notinor.com\/jujuy\/wp-content\/uploads\/2026\/04\/COMISION1-14-750x346.jpeg 750w, https:\/\/notinor.com\/jujuy\/wp-content\/uploads\/2026\/04\/COMISION1-14-1140x527.jpeg 1140w, https:\/\/notinor.com\/jujuy\/wp-content\/uploads\/2026\/04\/COMISION1-14.jpeg 1600w\" sizes=\"(max-width: 840px) 100vw, 840px\" \/><\/figure><\/div>\n\n\n<p>Por su parte, el legislador Mart\u00edn Fellner destac\u00f3 el car\u00e1cter prioritario de la iniciativa y valor\u00f3 que el proyecto prosiga conforme a la agenda prevista. En ese marco, sostuvo que \"es una deuda grande y pendiente con todos los j\u00f3venes de la provincia de Jujuy\". Asimismo, explic\u00f3 que la propuesta contempla \"cuestiones muy particulares para los j\u00f3venes, que tienen que ver con el acceso a la vivienda, con el acceso al primer empleo y con la oportunidad de formarse y capacitarse\".<\/p>\n\n\n\n<p>En ese sentido, subray\u00f3 la apertura del proceso legislativo al se\u00f1alar que \"es bueno recibir a j\u00f3venes de distintos partidos y de distintas instituciones que puedan expresarse y dar sus opiniones\", y agreg\u00f3 que se trata de \"una ley abierta a posibles modificaciones, pero que queremos sancionar este a\u00f1o\".<\/p>\n\n\n\n<p>Respecto a los aportes recibidos, Fellner indic\u00f3 que uno de los ejes centrales es la creaci\u00f3n de espacios propios de participaci\u00f3n juvenil. \"Primero, la necesidad e importancia de crear un espacio donde sean los propios j\u00f3venes los que deciden su presente y su futuro, que puedan aportar desde la pol\u00edtica, el deporte, la cultura y lo social\", concluy\u00f3.<\/p>\n","protected":false},"excerpt":{"rendered":"<p>La Comisi\u00f3n de Asuntos Sociales de la Legislatura, reunida en el sal\u00f3n Dr. Manuel Padilla, prosigui\u00f3 con el tratamiento del proyecto de Ley de Juventudes con la participaci\u00f3n del diputado Mart\u00edn Fellner, autor de la iniciativa, y j\u00f3venes de distintos espacios pol\u00edticos, entre ellos La Libertad Avanza y el Partido Justicialista. Durante el encuentro se [&hellip;]<\/p>\n","protected":false},"author":5,"featured_media":441487,"comment_status":"open","ping_status":"open","sticky":false,"template":"","format":"standard","meta":{"_stopmodifiedupdate":false,"_modified_date":"","inline_featured_image":false,"spay_email":"","jetpack_publicize_message":""},"categories":[514],"tags":[],"jetpack_featured_media_url":"https:\/\/notinor.com\/jujuy\/wp-content\/uploads\/2026\/04\/Comision-6.jpeg","jetpack_publicize_connections":[],"_links":{"self":[{"href":"https:\/\/notinor.com\/jujuy\/wp-json\/wp\/v2\/posts\/441486"}],"collection":[{"href":"https:\/\/notinor.com\/jujuy\/wp-json\/wp\/v2\/posts"}],"about":[{"href":"https:\/\/notinor.com\/jujuy\/wp-json\/wp\/v2\/types\/post"}],"author":[{"embeddable":true,"href":"https:\/\/notinor.com\/jujuy\/wp-json\/wp\/v2\/users\/5"}],"replies":[{"embeddable":true,"href":"https:\/\/notinor.com\/jujuy\/wp-json\/wp\/v2\/comments?post=441486"}],"version-history":[{"count":1,"href":"https:\/\/notinor.com\/jujuy\/wp-json\/wp\/v2\/posts\/441486\/revisions"}],"predecessor-version":[{"id":441492,"href":"https:\/\/notinor.com\/jujuy\/wp-json\/wp\/v2\/posts\/441486\/revisions\/441492"}],"wp:featuredmedia":[{"embeddable":true,"href":"https:\/\/notinor.com\/jujuy\/wp-json\/wp\/v2\/media\/441487"}],"wp:attachment":[{"href":"https:\/\/notinor.com\/jujuy\/wp-json\/wp\/v2\/media?parent=441486"}],"wp:term":[{"taxonomy":"category","embeddable":true,"href":"https:\/\/notinor.com\/jujuy\/wp-json\/wp\/v2\/categories?post=441486"},{"taxonomy":"post_tag","embeddable":true,"href":"https:\/\/notinor.com\/jujuy\/wp-json\/wp\/v2\/tags?post=441486"}],"curies":[{"name":"wp","href":"https:\/\/api.w.org\/{rel}","templated":true}]}}