{"id":441479,"date":"2026-04-28T21:05:00","date_gmt":"2026-04-29T00:05:00","guid":{"rendered":"https:\/\/notinor.com\/jujuy\/?p=441479"},"modified":"2026-04-28T09:05:59","modified_gmt":"2026-04-28T09:05:59","slug":"diputados-avanzan-en-la-reforma-de-la-ley-organica-del-ministerio-publico-de-la-defensa","status":"publish","type":"post","link":"https:\/\/notinor.com\/jujuy\/diputados-avanzan-en-la-reforma-de-la-ley-organica-del-ministerio-publico-de-la-defensa\/","title":{"rendered":"<strong>Diputados avanzan en la reforma de la Ley Org\u00e1nica del Ministerio P\u00fablico de la Defensa<\/strong>"},"content":{"rendered":"\n<p class=\"has-medium-font-size\"><strong><em>Con motivo de analizar y tratar la reforma de la Ley Org\u00e1nica del Ministerio P\u00fablico de la Defensa (MPD), se llev\u00f3 a cabo un plenario de las comisiones de Asuntos Institucionales y Legislaci\u00f3n General con la presencia de la Defensora General, Gabriela Burgos, y su adjunto, Mat\u00edas Luna. Esta reforma busca optimizar el funcionamiento interno y administrativo del organismo.<\/em><\/strong><\/p>\n\n\n<div class=\"wp-block-image\">\n<figure class=\"aligncenter size-large\"><img decoding=\"async\" loading=\"lazy\" width=\"719\" height=\"480\" src=\"https:\/\/notinor.com\/jujuy\/wp-content\/uploads\/2026\/04\/legis1-719x480.jpeg\" alt=\"\" class=\"wp-image-441481\" srcset=\"https:\/\/notinor.com\/jujuy\/wp-content\/uploads\/2026\/04\/legis1-719x480.jpeg 719w, https:\/\/notinor.com\/jujuy\/wp-content\/uploads\/2026\/04\/legis1-547x365.jpeg 547w, https:\/\/notinor.com\/jujuy\/wp-content\/uploads\/2026\/04\/legis1-768x513.jpeg 768w, https:\/\/notinor.com\/jujuy\/wp-content\/uploads\/2026\/04\/legis1-1536x1025.jpeg 1536w, https:\/\/notinor.com\/jujuy\/wp-content\/uploads\/2026\/04\/legis1-750x501.jpeg 750w, https:\/\/notinor.com\/jujuy\/wp-content\/uploads\/2026\/04\/legis1-1140x761.jpeg 1140w, https:\/\/notinor.com\/jujuy\/wp-content\/uploads\/2026\/04\/legis1.jpeg 1600w\" sizes=\"(max-width: 719px) 100vw, 719px\" \/><\/figure><\/div>\n\n\n<p>Luego del plenario, realizado en el sal\u00f3n Presidente Ra\u00fal Alfons\u00edn de la Legislatura, la presidenta de la comisi\u00f3n de Asuntos Institucionales, diputada <strong>Gisel Bravo<\/strong>, explic\u00f3 que la modificaci\u00f3n ya se ven\u00eda trabajando, pero \"dada la modificaci\u00f3n de la C\u00e1mara con la conformaci\u00f3n de nuevos diputados, entendimos que era conveniente volverlos a citar para que nos puedan explicar con respecto a la modificaci\u00f3n\". Agreg\u00f3 que la misma tiene que ver con \"el funcionamiento del Ministerio P\u00fablico de la Defensa, que ha cambiado luego de la reforma de la Constituci\u00f3n\".<\/p>\n\n\n<div class=\"wp-block-image\">\n<figure class=\"aligncenter size-large\"><img decoding=\"async\" loading=\"lazy\" width=\"719\" height=\"480\" src=\"https:\/\/notinor.com\/jujuy\/wp-content\/uploads\/2026\/04\/legis1-1-719x480.jpeg\" alt=\"\" class=\"wp-image-441482\" srcset=\"https:\/\/notinor.com\/jujuy\/wp-content\/uploads\/2026\/04\/legis1-1-719x480.jpeg 719w, https:\/\/notinor.com\/jujuy\/wp-content\/uploads\/2026\/04\/legis1-1-547x365.jpeg 547w, https:\/\/notinor.com\/jujuy\/wp-content\/uploads\/2026\/04\/legis1-1-768x513.jpeg 768w, https:\/\/notinor.com\/jujuy\/wp-content\/uploads\/2026\/04\/legis1-1-1536x1025.jpeg 1536w, https:\/\/notinor.com\/jujuy\/wp-content\/uploads\/2026\/04\/legis1-1-750x501.jpeg 750w, https:\/\/notinor.com\/jujuy\/wp-content\/uploads\/2026\/04\/legis1-1-1140x761.jpeg 1140w, https:\/\/notinor.com\/jujuy\/wp-content\/uploads\/2026\/04\/legis1-1.jpeg 1600w\" sizes=\"(max-width: 719px) 100vw, 719px\" \/><\/figure><\/div>\n\n\n<p>Asimismo, se\u00f1al\u00f3 que los cambios apuntan a \"la adecuaci\u00f3n de los nombres o denominaciones de las funciones y de los distintos funcionarios\". Hay una adecuaci\u00f3n que tiene que ver con clarificar las funciones del organismo de gesti\u00f3n y financiero que tiene el MPD\", adem\u00e1s de cuestiones que son muy t\u00e9cnicas, dijo Bravo, pero que hacen a \"esto de dar claridad y definir cu\u00e1les son los roles que est\u00e1n aparejados con el cambio de nombre de las distintas ramas del organismo\".<\/p>\n\n\n<div class=\"wp-block-image\">\n<figure class=\"aligncenter size-large\"><img decoding=\"async\" loading=\"lazy\" width=\"719\" height=\"480\" src=\"https:\/\/notinor.com\/jujuy\/wp-content\/uploads\/2026\/04\/legis1-2-719x480.jpeg\" alt=\"\" class=\"wp-image-441483\" srcset=\"https:\/\/notinor.com\/jujuy\/wp-content\/uploads\/2026\/04\/legis1-2-719x480.jpeg 719w, https:\/\/notinor.com\/jujuy\/wp-content\/uploads\/2026\/04\/legis1-2-547x365.jpeg 547w, https:\/\/notinor.com\/jujuy\/wp-content\/uploads\/2026\/04\/legis1-2-768x513.jpeg 768w, https:\/\/notinor.com\/jujuy\/wp-content\/uploads\/2026\/04\/legis1-2-1536x1025.jpeg 1536w, https:\/\/notinor.com\/jujuy\/wp-content\/uploads\/2026\/04\/legis1-2-750x501.jpeg 750w, https:\/\/notinor.com\/jujuy\/wp-content\/uploads\/2026\/04\/legis1-2-1140x761.jpeg 1140w, https:\/\/notinor.com\/jujuy\/wp-content\/uploads\/2026\/04\/legis1-2.jpeg 1600w\" sizes=\"(max-width: 719px) 100vw, 719px\" \/><\/figure><\/div>\n\n\n<p>En esa misma l\u00ednea, la titular del MPD, <strong>Gabriela Burgos<\/strong>, coment\u00f3 que en el tiempo en que est\u00e1 en posesi\u00f3n del cargo, conjuntamente con el adjunto, \"observamos unas modificaciones que eran necesarias\" en cuanto a la terminolog\u00eda y en ajustes funcionales y organizativos del MPD, manifest\u00f3 la Defensora.<\/p>\n\n\n<div class=\"wp-block-image\">\n<figure class=\"aligncenter size-large\"><img decoding=\"async\" loading=\"lazy\" width=\"719\" height=\"480\" src=\"https:\/\/notinor.com\/jujuy\/wp-content\/uploads\/2026\/04\/legis1-3-719x480.jpeg\" alt=\"\" class=\"wp-image-441484\" srcset=\"https:\/\/notinor.com\/jujuy\/wp-content\/uploads\/2026\/04\/legis1-3-719x480.jpeg 719w, https:\/\/notinor.com\/jujuy\/wp-content\/uploads\/2026\/04\/legis1-3-547x365.jpeg 547w, https:\/\/notinor.com\/jujuy\/wp-content\/uploads\/2026\/04\/legis1-3-768x513.jpeg 768w, https:\/\/notinor.com\/jujuy\/wp-content\/uploads\/2026\/04\/legis1-3-1536x1025.jpeg 1536w, https:\/\/notinor.com\/jujuy\/wp-content\/uploads\/2026\/04\/legis1-3-750x501.jpeg 750w, https:\/\/notinor.com\/jujuy\/wp-content\/uploads\/2026\/04\/legis1-3-1140x761.jpeg 1140w, https:\/\/notinor.com\/jujuy\/wp-content\/uploads\/2026\/04\/legis1-3.jpeg 1600w\" sizes=\"(max-width: 719px) 100vw, 719px\" \/><\/figure><\/div>\n\n\n<p>Burgos afirm\u00f3 que con la reforma de la C\u00e1mara y la presencia de diputados \"de otras fuerzas pol\u00edticas cre\u00edamos que era necesario venir y hacer las explicaciones necesarias respecto de estas modificaciones que estamos solicitando\". Y opin\u00f3 que \"como no es un tema controversial, salvo una modificaci\u00f3n en la redacci\u00f3n, esperemos que en la pr\u00f3xima sesi\u00f3n los diputados lo puedan aprobar\".<\/p>\n","protected":false},"excerpt":{"rendered":"<p>Con motivo de analizar y tratar la reforma de la Ley Org\u00e1nica del Ministerio P\u00fablico de la Defensa (MPD), se llev\u00f3 a cabo un plenario de las comisiones de Asuntos Institucionales y Legislaci\u00f3n General con la presencia de la Defensora General, Gabriela Burgos, y su adjunto, Mat\u00edas Luna. Esta reforma busca optimizar el funcionamiento interno [&hellip;]<\/p>\n","protected":false},"author":5,"featured_media":441480,"comment_status":"open","ping_status":"open","sticky":false,"template":"","format":"standard","meta":{"_stopmodifiedupdate":false,"_modified_date":"","inline_featured_image":false,"spay_email":"","jetpack_publicize_message":""},"categories":[514],"tags":[],"jetpack_featured_media_url":"https:\/\/notinor.com\/jujuy\/wp-content\/uploads\/2026\/04\/legis.jpeg","jetpack_publicize_connections":[],"_links":{"self":[{"href":"https:\/\/notinor.com\/jujuy\/wp-json\/wp\/v2\/posts\/441479"}],"collection":[{"href":"https:\/\/notinor.com\/jujuy\/wp-json\/wp\/v2\/posts"}],"about":[{"href":"https:\/\/notinor.com\/jujuy\/wp-json\/wp\/v2\/types\/post"}],"author":[{"embeddable":true,"href":"https:\/\/notinor.com\/jujuy\/wp-json\/wp\/v2\/users\/5"}],"replies":[{"embeddable":true,"href":"https:\/\/notinor.com\/jujuy\/wp-json\/wp\/v2\/comments?post=441479"}],"version-history":[{"count":1,"href":"https:\/\/notinor.com\/jujuy\/wp-json\/wp\/v2\/posts\/441479\/revisions"}],"predecessor-version":[{"id":441485,"href":"https:\/\/notinor.com\/jujuy\/wp-json\/wp\/v2\/posts\/441479\/revisions\/441485"}],"wp:featuredmedia":[{"embeddable":true,"href":"https:\/\/notinor.com\/jujuy\/wp-json\/wp\/v2\/media\/441480"}],"wp:attachment":[{"href":"https:\/\/notinor.com\/jujuy\/wp-json\/wp\/v2\/media?parent=441479"}],"wp:term":[{"taxonomy":"category","embeddable":true,"href":"https:\/\/notinor.com\/jujuy\/wp-json\/wp\/v2\/categories?post=441479"},{"taxonomy":"post_tag","embeddable":true,"href":"https:\/\/notinor.com\/jujuy\/wp-json\/wp\/v2\/tags?post=441479"}],"curies":[{"name":"wp","href":"https:\/\/api.w.org\/{rel}","templated":true}]}}