{"id":441456,"date":"2026-04-28T14:04:50","date_gmt":"2026-04-28T17:04:50","guid":{"rendered":"https:\/\/notinor.com\/jujuy\/?p=441456"},"modified":"2026-04-28T14:04:52","modified_gmt":"2026-04-28T17:04:52","slug":"el-chaqueno-palavecino-y-efrain-colombo-lanzaran-una-cancion-dedicada-a-messi","status":"publish","type":"post","link":"https:\/\/notinor.com\/jujuy\/el-chaqueno-palavecino-y-efrain-colombo-lanzaran-una-cancion-dedicada-a-messi\/","title":{"rendered":"El Chaque\u00f1o Palavecino y Efra\u00edn Colombo lanzar\u00e1n una canci\u00f3n dedicada a Messi"},"content":{"rendered":"\n<p class=\"has-medium-font-size\"><strong><em>Los artistas grabaron en Salta un tema dedicado a Lionel Messi como homenaje en el marco de su posible despedida mundialista.<\/em><\/strong><\/p>\n\n\n\n<p class=\"has-text-align-center\"><img decoding=\"async\" src=\"https:\/\/images-tools.cadena3.com\/tools\/r\/fa2ecb75-bf2f-444e-8544-f3e845fa00ea.jpg?width=1200&amp;height=693\" alt=\"El Chaque\u00f1o Palavecino y Efra\u00edn Colombo, juntos para una canci\u00f3n dedicada a Messi.\">El Chaque\u00f1o Palavecino y Efra\u00edn Colombo, juntos para una canci\u00f3n dedicada a Messi.<\/p>\n\n\n\n<p>El&nbsp;<strong>Chaque\u00f1o Palavecino<\/strong>&nbsp;y&nbsp;<strong>Efra\u00edn Colombo<\/strong>&nbsp;trabajan en una nueva canci\u00f3n dedicada a&nbsp;<strong>Lionel Messi<\/strong>, cuya grabaci\u00f3n comenz\u00f3 en&nbsp;<strong>Salta<\/strong>&nbsp;y fue presentada de manera anticipada durante una transmisi\u00f3n radial.<\/p>\n\n\n\n<p>Desde el estudio del artista salte\u00f1o, ambos m\u00fasicos iniciaron el proceso creativo del tema. Seg\u00fan explic\u00f3&nbsp;<strong>Palavecino<\/strong>&nbsp;en&nbsp;<strong>Cadena 3<\/strong>, la iniciativa surgi\u00f3 en el contexto de la cercan\u00eda del&nbsp;<strong>Mundial<\/strong>: \"Viene el Mundial y hay que hacer algo como para ayudarlo en su despedida\", se\u00f1al\u00f3 en referencia al capit\u00e1n de la selecci\u00f3n argentina.<\/p>\n\n\n\n<p><strong>El Chaque\u00f1o<\/strong>&nbsp;indic\u00f3 que el proyecto fue impulsado por&nbsp;<strong>Colombo<\/strong>: \"\u00c9l viene con todo ese proyecto, lleg\u00f3 hace rato y estamos esperando a los t\u00e9cnicos para empezar a grabar. Yo ya grab\u00e9 parte\", precis\u00f3.<\/p>\n\n\n\n<p>Por su parte,&nbsp;<strong>Colombo<\/strong>&nbsp;detall\u00f3 el origen de la idea y el sentido del homenaje: \"Nace por eso que dec\u00eda&nbsp;<strong>Oscar<\/strong>, hacerle un homenaje a&nbsp;<strong>Lionel<\/strong>. Siendo santafesino, me pareci\u00f3 hermoso componerle algo\", explic\u00f3. El m\u00fasico tambi\u00e9n destac\u00f3 la colaboraci\u00f3n con&nbsp;<strong>Palavecino<\/strong>: \"Para m\u00ed, cantar con el&nbsp;<strong>Chaque\u00f1o<\/strong>&nbsp;es el&nbsp;<strong>Messi<\/strong>&nbsp;nuestro del folclore\".<\/p>\n\n\n\n<p>El artista agreg\u00f3 que la canci\u00f3n busca incluir referencias a figuras emblem\u00e1ticas de la cultura argentina: \"Es un homenaje a&nbsp;<strong>Messi<\/strong>, pero tambi\u00e9n nombrarlo a&nbsp;<strong>Maradona<\/strong>&nbsp;y a&nbsp;<strong>Gardel<\/strong>, s\u00edmbolos que representan nuestra patria\", afirm\u00f3.<\/p>\n\n\n\n<p>Durante la presentaci\u00f3n, ambos interpretaron un fragmento de la canci\u00f3n a capela, en el que se alude al origen rosarino del futbolista y a su trayectoria. En la letra tambi\u00e9n se lo vincula con&nbsp;<strong>Diego Maradona<\/strong>&nbsp;y&nbsp;<strong>Carlos Gardel<\/strong>&nbsp;como figuras representativas del pa\u00eds.<\/p>\n\n\n\n<p><strong>Palavecino<\/strong>&nbsp;destac\u00f3 adem\u00e1s el proceso de grabaci\u00f3n y el trabajo en su estudio: \"Estamos en el estudio, gracias a Dios, y esperando a los t\u00e9cnicos para empezar. Despu\u00e9s del almuerzo vamos a empezar a 'calentar fierros', que es la garganta para grabarla\", expres\u00f3.<\/p>\n\n\n\n<p>El lanzamiento del tema se enmarca en la antesala de la&nbsp;<strong>Copa Mundial de la FIFA 2026<\/strong>, que se disputar\u00e1 en&nbsp;<strong>Estados Unidos<\/strong>,&nbsp;<strong>M\u00e9xico<\/strong>&nbsp;y&nbsp;<strong>Canad\u00e1<\/strong>, y se suma a las producciones musicales que hist\u00f3ricamente acompa\u00f1an a la selecci\u00f3n argentina en cada edici\u00f3n del torneo.<\/p>\n","protected":false},"excerpt":{"rendered":"<p>Los artistas grabaron en Salta un tema dedicado a Lionel Messi como homenaje en el marco de su posible despedida mundialista. El Chaque\u00f1o Palavecino y Efra\u00edn Colombo, juntos para una canci\u00f3n dedicada a Messi. El&nbsp;Chaque\u00f1o Palavecino&nbsp;y&nbsp;Efra\u00edn Colombo&nbsp;trabajan en una nueva canci\u00f3n dedicada a&nbsp;Lionel Messi, cuya grabaci\u00f3n comenz\u00f3 en&nbsp;Salta&nbsp;y fue presentada de manera anticipada durante una [&hellip;]<\/p>\n","protected":false},"author":5,"featured_media":441457,"comment_status":"open","ping_status":"open","sticky":false,"template":"","format":"standard","meta":{"_stopmodifiedupdate":false,"_modified_date":"","inline_featured_image":false,"spay_email":"","jetpack_publicize_message":""},"categories":[21],"tags":[],"jetpack_featured_media_url":"https:\/\/notinor.com\/jujuy\/wp-content\/uploads\/2026\/04\/CHAQUENO.jpg","jetpack_publicize_connections":[],"_links":{"self":[{"href":"https:\/\/notinor.com\/jujuy\/wp-json\/wp\/v2\/posts\/441456"}],"collection":[{"href":"https:\/\/notinor.com\/jujuy\/wp-json\/wp\/v2\/posts"}],"about":[{"href":"https:\/\/notinor.com\/jujuy\/wp-json\/wp\/v2\/types\/post"}],"author":[{"embeddable":true,"href":"https:\/\/notinor.com\/jujuy\/wp-json\/wp\/v2\/users\/5"}],"replies":[{"embeddable":true,"href":"https:\/\/notinor.com\/jujuy\/wp-json\/wp\/v2\/comments?post=441456"}],"version-history":[{"count":1,"href":"https:\/\/notinor.com\/jujuy\/wp-json\/wp\/v2\/posts\/441456\/revisions"}],"predecessor-version":[{"id":441458,"href":"https:\/\/notinor.com\/jujuy\/wp-json\/wp\/v2\/posts\/441456\/revisions\/441458"}],"wp:featuredmedia":[{"embeddable":true,"href":"https:\/\/notinor.com\/jujuy\/wp-json\/wp\/v2\/media\/441457"}],"wp:attachment":[{"href":"https:\/\/notinor.com\/jujuy\/wp-json\/wp\/v2\/media?parent=441456"}],"wp:term":[{"taxonomy":"category","embeddable":true,"href":"https:\/\/notinor.com\/jujuy\/wp-json\/wp\/v2\/categories?post=441456"},{"taxonomy":"post_tag","embeddable":true,"href":"https:\/\/notinor.com\/jujuy\/wp-json\/wp\/v2\/tags?post=441456"}],"curies":[{"name":"wp","href":"https:\/\/api.w.org\/{rel}","templated":true}]}}