{"id":441450,"date":"2026-04-28T13:51:53","date_gmt":"2026-04-28T16:51:53","guid":{"rendered":"https:\/\/notinor.com\/jujuy\/?p=441450"},"modified":"2026-04-28T13:53:06","modified_gmt":"2026-04-28T16:53:06","slug":"prisoners-defenders-denuncio-que-90-000-presos-sufren-danos-irreversibles-por-desnutricion-en-carceles-cubanas","status":"publish","type":"post","link":"https:\/\/notinor.com\/jujuy\/prisoners-defenders-denuncio-que-90-000-presos-sufren-danos-irreversibles-por-desnutricion-en-carceles-cubanas\/","title":{"rendered":"Prisoners Defenders denunci\u00f3 que 90.000 presos sufren da\u00f1os irreversibles por desnutrici\u00f3n en carceles cubanas"},"content":{"rendered":"\n<p class=\"has-medium-font-size\"><strong><em>Un informe de la organizaci\u00f3n no gubernamental expuso c\u00f3mo la poblaci\u00f3n carcelaria de la isla recibe una dieta inadecuada, que provoca enfermedades graves y deterioro f\u00edsico<\/em><\/strong><\/p>\n\n\n\n<p><img decoding=\"async\" loading=\"lazy\" height=\"1536\" width=\"2752\" src=\"https:\/\/www.infobae.com\/resizer\/v2\/KRVDUPTUBBAVVNM7PT3EVIXPLY.png?auth=bf14dde150f2497fc1e32512efabad4b63205a35b7be505a45da7bccc867c305&amp;smart=true&amp;width=350&amp;height=195&amp;quality=85\" alt=\"Infograf\u00eda muestra una mano sobre una bandeja de comida escasa en prisi\u00f3n, con reclusos desnutridos en el fondo y detalles sobre la desnutrici\u00f3n extrema en c\u00e1rceles cubanas.\">90.000 presos sufren da\u00f1os irreversibles por desnutrici\u00f3n forzosa y condiciones inhumanas en Cuba <\/p>\n\n\n\n<p>Un informe publicado por la ONG <strong>Prisoners Defenders&nbsp;<\/strong>revel\u00f3 que la poblaci\u00f3n carcelaria cubana recibe una \"<strong>dieta diaria incompatible con la salud humana<\/strong>\u201c, lo que provoca enfermedades graves, deterioro f\u00edsico y un impacto humanitario de escala masiva.<\/p>\n\n\n\n<p><strong>Javier Larrondo<\/strong>, presidente de la organizaci\u00f3n, advirti\u00f3 en di\u00e1logo con&nbsp;<strong>Infobae<\/strong>&nbsp;sobre la magnitud del drama carcelario en la isla. El reporte, construido a partir de fotograf\u00edas, testimonios y un an\u00e1lisis cient\u00edfico prudente, concluy\u00f3 que&nbsp;<strong>la dieta diaria en las c\u00e1rceles cubanas aporta entre 250 y 353 kilocalor\u00edas<\/strong>, una cantidad que representa solo&nbsp;<strong>entre el 10 y el 14%<\/strong>&nbsp;del requerimiento m\u00ednimo para un adulto sedentario.<\/p>\n\n\n\n<p>\u201cNo hablamos de una mala dieta ni de carencias ordinarias. Hablamos de&nbsp;<strong>infraalimentaci\u00f3n severa<\/strong>, capaz de producir p\u00e9rdida extrema de peso, anemia, inmunodepresi\u00f3n, da\u00f1o neurocognitivo, mala cicatrizaci\u00f3n y vulnerabilidad frente a infecciones en unos pocos meses\u201d, afirm\u00f3 Larrondo a este medio.<\/p>\n\n\n<div class=\"wp-block-image\">\n<figure class=\"aligncenter size-full\"><img decoding=\"async\" loading=\"lazy\" width=\"505\" height=\"461\" src=\"https:\/\/notinor.com\/jujuy\/wp-content\/uploads\/2026\/04\/alimentos.jpg\" alt=\"\" class=\"wp-image-441451\" srcset=\"https:\/\/notinor.com\/jujuy\/wp-content\/uploads\/2026\/04\/alimentos.jpg 505w, https:\/\/notinor.com\/jujuy\/wp-content\/uploads\/2026\/04\/alimentos-400x365.jpg 400w\" sizes=\"(max-width: 505px) 100vw, 505px\" \/><figcaption class=\"wp-element-caption\">Alimento en prisiones de Cuba<\/figcaption><\/figure><\/div>\n\n\n<p><strong>Dieta documentada y consecuencias cl\u00ednicas<\/strong><\/p>\n\n\n\n<p>La investigaci\u00f3n detall\u00f3 que el&nbsp;<strong>desayuno<\/strong>&nbsp;suele consistir en&nbsp;<strong>una pieza de pan blando de 45 a 60 gramos<\/strong>&nbsp;y&nbsp;<strong>una peque\u00f1a taza de t\u00e9<\/strong>&nbsp;sin aporte cal\u00f3rico relevante. El&nbsp;<strong>almuerzo<\/strong>&nbsp;y la&nbsp;<strong>cena<\/strong>&nbsp;repiten&nbsp;<strong>una raci\u00f3n de menos de 30 gramos de arroz, alrededor de 50 gramos de sopa \u00e1cida y una croqueta pastosa de unos 20 gramos<\/strong>.<\/p>\n\n\n\n<p>Sumadas,&nbsp;<strong>estas comidas apenas cubren una fracci\u00f3n m\u00ednima de las necesidades energ\u00e9ticas y nutricionales<\/strong>, con d\u00e9ficits extremos de prote\u00ednas, vitaminas y minerales esenciales como hierro, calcio, vitamina C y \u00e1cido f\u00f3lico. La dieta media estimada aporta entre 6,6 y 10,1 gramos de prote\u00edna al d\u00eda,&nbsp;<strong>menos del 18% del valor de referencia<\/strong>, y el aporte de vitamina C es pr\u00e1cticamente nulo.<\/p>\n\n\n<div class=\"wp-block-image\">\n<figure class=\"aligncenter size-large\"><img decoding=\"async\" loading=\"lazy\" width=\"542\" height=\"480\" src=\"https:\/\/notinor.com\/jujuy\/wp-content\/uploads\/2026\/04\/alimento1-542x480.jpg\" alt=\"\" class=\"wp-image-441452\" srcset=\"https:\/\/notinor.com\/jujuy\/wp-content\/uploads\/2026\/04\/alimento1-542x480.jpg 542w, https:\/\/notinor.com\/jujuy\/wp-content\/uploads\/2026\/04\/alimento1-412x365.jpg 412w, https:\/\/notinor.com\/jujuy\/wp-content\/uploads\/2026\/04\/alimento1.jpg 568w\" sizes=\"(max-width: 542px) 100vw, 542px\" \/><figcaption class=\"wp-element-caption\">Comida del mediod\u00eda en una c\u00e1rcel cubana<\/figcaption><\/figure><\/div>\n\n\n<p>El informe advirti\u00f3 que estas condiciones generan&nbsp;<strong>desnutrici\u00f3n energ\u00e9tico-proteica grave, anemia, deterioro muscular, da\u00f1o neurocognitivo y un aumento cr\u00edtico de la vulnerabilidad frente a infecciones<\/strong>.<\/p>\n\n\n\n<p>La escasez de frutas, hortalizas y alimentos de origen animal deriva en d\u00e9ficits severos de micronutrientes, con s\u00edntomas que van desde sangrado gingival y hematomas hasta escorbuto, beriberi y da\u00f1o neurol\u00f3gico.<\/p>\n\n\n\n<p>\u201cLa permanencia en prisi\u00f3n no solo agrava de forma cr\u00edtica el estado de los reclusos, sino que convierte su encarcelamiento en una amenaza directa para sus vidas y sus familias\u201d, subray\u00f3 el documento.<\/p>\n\n\n\n<p><img decoding=\"async\" loading=\"lazy\" height=\"1040\" width=\"480\" src=\"https:\/\/www.infobae.com\/resizer\/v2\/3VNT77N5B5HBHJIYBY24CPYRDM.jpeg?auth=51dc93c4d527904a5988811d9cbb0dcf5340ba76298b99f4f32f9736c93e3638&amp;smart=true&amp;width=350&amp;height=758&amp;quality=85\" alt=\"Desnutrici\u00f3n en Las Mangas, Bayamo\"><\/p>\n\n\n\n<p>Presos desnutridos en Las Mangas, Bayamo (Prisoners Defenders)<\/p>\n\n\n\n<p><strong>Condiciones insalubres y agravamiento del deterioro<\/strong><\/p>\n\n\n\n<p>A la desnutrici\u00f3n se suma la&nbsp;<strong>insalubridad generalizada<\/strong>. Las celdas, colchones y estructuras de descanso est\u00e1n infestadas de&nbsp;<strong>chinches<\/strong>, lo que provoca&nbsp;<strong>picaduras constantes<\/strong>, insomnio, heridas en la piel y sobreinfecciones, agravando el deterioro f\u00edsico de personas ya debilitadas.<\/p>\n\n\n\n<p>El acceso a la atenci\u00f3n m\u00e9dica es sistem\u00e1ticamente negado o resulta insuficiente, lo que multiplica los riesgos de complicaciones graves y muerte.<\/p>\n\n\n\n<p><strong>Impacto humanitario y casos emblem\u00e1ticos<\/strong><\/p>\n\n\n\n<p><strong>Cuba<\/strong>&nbsp;mantiene cerca de&nbsp;<strong>90.000 personas privadas de libertad<\/strong>, lo que representa aproximadamente el&nbsp;<strong>1% de la poblaci\u00f3n nacional<\/strong>, seg\u00fan datos de World Prison Brief y la Oficina Nacional de Estad\u00edstica e Informaci\u00f3n. Este porcentaje sit\u00faa al pa\u00eds&nbsp;<strong>entre los sistemas penitenciarios m\u00e1s represivos y masivos del mundo<\/strong>, con proporciones fuera de lo habitual en la comparaci\u00f3n internacional.<\/p>\n\n\n\n<p>Prisoners Defenders identific\u00f3&nbsp;<strong>447 presos pol\u00edticos con patolog\u00edas graves<\/strong>&nbsp;provocadas o agravadas por las condiciones de reclusi\u00f3n,&nbsp;<strong>47 con trastornos mentales severos<\/strong>&nbsp;sin tratamiento y&nbsp;<strong>al menos 34 personas en riesgo extremo<\/strong>&nbsp;cuya excarcelaci\u00f3n inmediata constituye una emergencia humanitaria.<\/p>\n\n\n\n<p><img decoding=\"async\" loading=\"lazy\" height=\"480\" width=\"1040\" src=\"https:\/\/www.infobae.com\/resizer\/v2\/LG6ASSZNT5HRXKKYUKGNZZ2UEU.jpeg?auth=c1f6adcfb2632b66285bed9b2cb556a036a7352c3e6af9cb3ae59843f0a380d6&amp;smart=true&amp;width=350&amp;height=162&amp;quality=85\" alt=\"Almuerzo Las Mangas, Bayamo - Febrero 2026\">El almuerzo en Las Mangas, Bayamo (Prisoners Defenders)<\/p>\n\n\n\n<p>Entre ellos, se encuentran personas gravemente enfermas,&nbsp;<strong>menores en prisiones de m\u00e1xima seguridad<\/strong>, madres separadas de sus hijos menores y presos con enfermedades mentales incompatibles con la prisi\u00f3n y con antecedentes de intentos de suicidio.<\/p>\n\n\n\n<p><strong>Violaciones a est\u00e1ndares internacionales<\/strong><\/p>\n\n\n\n<p>El informe remarc\u00f3 que las condiciones documentadas&nbsp;<strong>vulneran los est\u00e1ndares m\u00ednimos del sistema internacional de derechos humanos<\/strong>, incluidas las Reglas Nelson Mandela de Naciones Unidas y los Principios y Buenas Pr\u00e1cticas sobre la Protecci\u00f3n de las Personas Privadas de Libertad en las Am\u00e9ricas de la Comisi\u00f3n Interamericana de Derechos Humanos.<\/p>\n\n\n\n<p>Estas disposiciones exigen&nbsp;<strong>alimentaci\u00f3n suficiente y de calidad<\/strong>, acceso permanente a&nbsp;<strong>agua potable<\/strong>, atenci\u00f3n sanitaria adecuada, condiciones higi\u00e9nicas y respeto a la dignidad humana.<\/p>\n\n\n\n<p>La evidencia recogida confirm\u00f3 que&nbsp;<strong>el Estado cubano incumple de manera sistem\u00e1tica estos est\u00e1ndares<\/strong>, incurriendo en trato cruel, inhumano y degradante, y posibles cr\u00edmenes de lesa humanidad.Arroz con caldo en Kilo 8, Camaguey (Prisoners Defenders)<\/p>\n\n\n\n<p><strong>Llamado internacional<\/strong><\/p>\n\n\n\n<p>En su conversaci\u00f3n con&nbsp;Infobae,&nbsp;<strong>Javier Larrondo<\/strong>&nbsp;insisti\u00f3 en que la pasividad de la comunidad internacional equivale a complicidad. \u201cLa pasividad ya no es neutralidad. La pasividad ante esta evidencia prolonga el sufrimiento y es complicidad. Cada d\u00eda de silencio puede ser un d\u00eda menos de vida para quienes est\u00e1n encerrados, enfermos y abandonados en las prisiones de Cuba\u201d, expres\u00f3.<\/p>\n\n\n\n<p>El informe de&nbsp;<strong>Prisoners Defenders<\/strong>&nbsp;exigi\u00f3 a la comunidad internacional, gobiernos democr\u00e1ticos, Naciones Unidas, el Sistema Interamericano y la Uni\u00f3n Europea la adopci\u00f3n de medidas concretas de protecci\u00f3n, el acceso internacional a las prisiones cubanas y la excarcelaci\u00f3n inmediata de los presos en riesgo extremo y de todos los presos pol\u00edticos.<\/p>\n\n\n\n<p>Por \u00faltimo, subray\u00f3 que la continuidad de la reclusi\u00f3n bajo estas condiciones es insostenible desde cualquier perspectiva humanitaria y jur\u00eddica<\/p>\n","protected":false},"excerpt":{"rendered":"<p>Un informe de la organizaci\u00f3n no gubernamental expuso c\u00f3mo la poblaci\u00f3n carcelaria de la isla recibe una dieta inadecuada, que provoca enfermedades graves y deterioro f\u00edsico 90.000 presos sufren da\u00f1os irreversibles por desnutrici\u00f3n forzosa y condiciones inhumanas en Cuba Un informe publicado por la ONG Prisoners Defenders&nbsp;revel\u00f3 que la poblaci\u00f3n carcelaria cubana recibe una \"dieta [&hellip;]<\/p>\n","protected":false},"author":5,"featured_media":441453,"comment_status":"open","ping_status":"open","sticky":false,"template":"","format":"standard","meta":{"_stopmodifiedupdate":false,"_modified_date":"","inline_featured_image":false,"spay_email":"","jetpack_publicize_message":""},"categories":[6],"tags":[],"jetpack_featured_media_url":"https:\/\/notinor.com\/jujuy\/wp-content\/uploads\/2026\/04\/CARCEL.jpg","jetpack_publicize_connections":[],"_links":{"self":[{"href":"https:\/\/notinor.com\/jujuy\/wp-json\/wp\/v2\/posts\/441450"}],"collection":[{"href":"https:\/\/notinor.com\/jujuy\/wp-json\/wp\/v2\/posts"}],"about":[{"href":"https:\/\/notinor.com\/jujuy\/wp-json\/wp\/v2\/types\/post"}],"author":[{"embeddable":true,"href":"https:\/\/notinor.com\/jujuy\/wp-json\/wp\/v2\/users\/5"}],"replies":[{"embeddable":true,"href":"https:\/\/notinor.com\/jujuy\/wp-json\/wp\/v2\/comments?post=441450"}],"version-history":[{"count":2,"href":"https:\/\/notinor.com\/jujuy\/wp-json\/wp\/v2\/posts\/441450\/revisions"}],"predecessor-version":[{"id":441455,"href":"https:\/\/notinor.com\/jujuy\/wp-json\/wp\/v2\/posts\/441450\/revisions\/441455"}],"wp:featuredmedia":[{"embeddable":true,"href":"https:\/\/notinor.com\/jujuy\/wp-json\/wp\/v2\/media\/441453"}],"wp:attachment":[{"href":"https:\/\/notinor.com\/jujuy\/wp-json\/wp\/v2\/media?parent=441450"}],"wp:term":[{"taxonomy":"category","embeddable":true,"href":"https:\/\/notinor.com\/jujuy\/wp-json\/wp\/v2\/categories?post=441450"},{"taxonomy":"post_tag","embeddable":true,"href":"https:\/\/notinor.com\/jujuy\/wp-json\/wp\/v2\/tags?post=441450"}],"curies":[{"name":"wp","href":"https:\/\/api.w.org\/{rel}","templated":true}]}}