{"id":441442,"date":"2026-04-28T13:23:13","date_gmt":"2026-04-28T16:23:13","guid":{"rendered":"https:\/\/notinor.com\/jujuy\/?p=441442"},"modified":"2026-04-28T13:23:48","modified_gmt":"2026-04-28T16:23:48","slug":"el-gobernador-sadir-inauguro-una-obra-de-iluminacion-clave-en-aguas-calientes","status":"publish","type":"post","link":"https:\/\/notinor.com\/jujuy\/el-gobernador-sadir-inauguro-una-obra-de-iluminacion-clave-en-aguas-calientes\/","title":{"rendered":"El gobernador Sadir inaugur\u00f3 una obra de iluminaci\u00f3n clave en Aguas Calientes"},"content":{"rendered":"\n<p class=\"has-medium-font-size\"><strong><em>Carlos Sadir reafirm\u00f3 el compromiso con las pol\u00edticas p\u00fablicas que mejoran la seguridad, la transitabilidad y la calidad de vida de la gente.<\/em><\/strong><\/p>\n\n\n<div class=\"wp-block-image\">\n<figure class=\"aligncenter size-large\"><img decoding=\"async\" loading=\"lazy\" width=\"720\" height=\"480\" src=\"https:\/\/notinor.com\/jujuy\/wp-content\/uploads\/2026\/04\/AGUAS-720x480.webp\" alt=\"\" class=\"wp-image-441443\" srcset=\"https:\/\/notinor.com\/jujuy\/wp-content\/uploads\/2026\/04\/AGUAS-720x480.webp 720w, https:\/\/notinor.com\/jujuy\/wp-content\/uploads\/2026\/04\/AGUAS-548x365.webp 548w, https:\/\/notinor.com\/jujuy\/wp-content\/uploads\/2026\/04\/AGUAS-768x512.webp 768w, https:\/\/notinor.com\/jujuy\/wp-content\/uploads\/2026\/04\/AGUAS-750x500.webp 750w, https:\/\/notinor.com\/jujuy\/wp-content\/uploads\/2026\/04\/AGUAS-1140x760.webp 1140w, https:\/\/notinor.com\/jujuy\/wp-content\/uploads\/2026\/04\/AGUAS.webp 1200w\" sizes=\"(max-width: 720px) 100vw, 720px\" \/><\/figure><\/div>\n\n\n<p id=\"p-1777332607935-36904\">El Gobierno de Jujuy, a trav\u00e9s de la&nbsp;<strong>Secretar\u00eda de Energ\u00eda&nbsp;<\/strong>y junto al municipio de&nbsp;<strong>Aguas Calientes<\/strong>, dej\u00f3 inaugurada una&nbsp;<strong>obra de iluminaci\u00f3n<\/strong>&nbsp;sobre el acceso a la localidad, en la Ruta Provincial N\u00b0 61, en un acto encabezado por el <strong>gobernador Carlos Sadir <\/strong>y el intendente Gregorio Mamani.<\/p>\n\n\n<div class=\"wp-block-image\">\n<figure class=\"aligncenter size-large\"><img decoding=\"async\" loading=\"lazy\" width=\"720\" height=\"480\" src=\"https:\/\/notinor.com\/jujuy\/wp-content\/uploads\/2026\/04\/AGUAS1-1-720x480.webp\" alt=\"\" class=\"wp-image-441445\" srcset=\"https:\/\/notinor.com\/jujuy\/wp-content\/uploads\/2026\/04\/AGUAS1-1-720x480.webp 720w, https:\/\/notinor.com\/jujuy\/wp-content\/uploads\/2026\/04\/AGUAS1-1-548x365.webp 548w, https:\/\/notinor.com\/jujuy\/wp-content\/uploads\/2026\/04\/AGUAS1-1-768x512.webp 768w, https:\/\/notinor.com\/jujuy\/wp-content\/uploads\/2026\/04\/AGUAS1-1-750x500.webp 750w, https:\/\/notinor.com\/jujuy\/wp-content\/uploads\/2026\/04\/AGUAS1-1-1140x760.webp 1140w, https:\/\/notinor.com\/jujuy\/wp-content\/uploads\/2026\/04\/AGUAS1-1.webp 1200w\" sizes=\"(max-width: 720px) 100vw, 720px\" \/><\/figure><\/div>\n\n\n<p id=\"p-1777332607935-56813\">Durante la inauguraci\u00f3n, Sadir destac\u00f3 la importancia de la intervenci\u00f3n en un contexto complejo a nivel nacional y remarc\u00f3 la decisi\u00f3n de sostener la obra p\u00fablica en la provincia. \u201cEs una obra muy necesaria; la iluminaci\u00f3n es clave para la seguridad y la transitabilidad\u201d, expres\u00f3, y subray\u00f3 que \u201clas obras p\u00fablicas son fundamentales para mejorar la calidad de vida de nuestra gente\u201d.<\/p>\n\n\n<div class=\"wp-block-image\">\n<figure class=\"aligncenter size-large\"><img decoding=\"async\" loading=\"lazy\" width=\"720\" height=\"480\" src=\"https:\/\/notinor.com\/jujuy\/wp-content\/uploads\/2026\/04\/AGUAS1-2-720x480.webp\" alt=\"\" class=\"wp-image-441446\" srcset=\"https:\/\/notinor.com\/jujuy\/wp-content\/uploads\/2026\/04\/AGUAS1-2-720x480.webp 720w, https:\/\/notinor.com\/jujuy\/wp-content\/uploads\/2026\/04\/AGUAS1-2-548x365.webp 548w, https:\/\/notinor.com\/jujuy\/wp-content\/uploads\/2026\/04\/AGUAS1-2-768x512.webp 768w, https:\/\/notinor.com\/jujuy\/wp-content\/uploads\/2026\/04\/AGUAS1-2-750x500.webp 750w, https:\/\/notinor.com\/jujuy\/wp-content\/uploads\/2026\/04\/AGUAS1-2-1140x760.webp 1140w, https:\/\/notinor.com\/jujuy\/wp-content\/uploads\/2026\/04\/AGUAS1-2.webp 1200w\" sizes=\"(max-width: 720px) 100vw, 720px\" \/><\/figure><\/div>\n\n\n<p id=\"p-1777332607935-76552\">Asimismo, el mandatario provincial puso en valor el trabajo conjunto con los gobiernos locales. \u201cCreemos en el trabajo articulado con los intendentes, que son quienes gestionan y representan las necesidades de sus comunidades. Vamos a seguir avanzando con m\u00e1s obras para nuestros vecinos\u201d, afirm\u00f3.<\/p>\n\n\n<div class=\"wp-block-image\">\n<figure class=\"aligncenter size-large\"><img decoding=\"async\" loading=\"lazy\" width=\"720\" height=\"480\" src=\"https:\/\/notinor.com\/jujuy\/wp-content\/uploads\/2026\/04\/AGUAS1-3-720x480.webp\" alt=\"\" class=\"wp-image-441447\" srcset=\"https:\/\/notinor.com\/jujuy\/wp-content\/uploads\/2026\/04\/AGUAS1-3-720x480.webp 720w, https:\/\/notinor.com\/jujuy\/wp-content\/uploads\/2026\/04\/AGUAS1-3-548x365.webp 548w, https:\/\/notinor.com\/jujuy\/wp-content\/uploads\/2026\/04\/AGUAS1-3-768x512.webp 768w, https:\/\/notinor.com\/jujuy\/wp-content\/uploads\/2026\/04\/AGUAS1-3-750x500.webp 750w, https:\/\/notinor.com\/jujuy\/wp-content\/uploads\/2026\/04\/AGUAS1-3-1140x760.webp 1140w, https:\/\/notinor.com\/jujuy\/wp-content\/uploads\/2026\/04\/AGUAS1-3.webp 1200w\" sizes=\"(max-width: 720px) 100vw, 720px\" \/><\/figure><\/div>\n\n\n<p id=\"p-1777332607935-72278\">Por su parte, el intendente Mamani celebr\u00f3 la concreci\u00f3n del proyecto y agradeci\u00f3 el acompa\u00f1amiento del Gobierno provincial. \u201cEs una obra que la comunidad ven\u00eda esperando. Hoy podemos decir que esta avenida queda iluminada, lo que significa m\u00e1s seguridad y mejor calidad de vida para todos\u201d, sostuvo.&nbsp;<\/p>\n\n\n\n<p id=\"p-1777378103240-1561\">Tambi\u00e9n estuvo presente en el acto Carlos Stanic, ministro de Infraestructura, Servicios P\u00fablicos, Tierra y Vivienda, cartera a la que pertenece la Secretar\u00eda de Energ\u00eda.<\/p>\n\n\n\n<p><strong>Obra de iluminaci\u00f3n en Aguas Calientes<\/strong><\/p>\n\n\n\n<p id=\"p-1777332607935-64671\">En cuanto a los aspectos t\u00e9cnicos, la obra contempl\u00f3 la colocaci\u00f3n de 14 columnas de 10 metros de altura con doble pescante sobre el cantero central y otras 6 columnas de iguales caracter\u00edsticas con pescante simple sobre uno de los laterales. Adem\u00e1s, se instalaron 34 luminarias LED de 150 watts, optimizando la visibilidad en un tramo clave del acceso a la localidad.<\/p>\n","protected":false},"excerpt":{"rendered":"<p>Carlos Sadir reafirm\u00f3 el compromiso con las pol\u00edticas p\u00fablicas que mejoran la seguridad, la transitabilidad y la calidad de vida de la gente. El Gobierno de Jujuy, a trav\u00e9s de la&nbsp;Secretar\u00eda de Energ\u00eda&nbsp;y junto al municipio de&nbsp;Aguas Calientes, dej\u00f3 inaugurada una&nbsp;obra de iluminaci\u00f3n&nbsp;sobre el acceso a la localidad, en la Ruta Provincial N\u00b0 61, en [&hellip;]<\/p>\n","protected":false},"author":5,"featured_media":441444,"comment_status":"open","ping_status":"open","sticky":false,"template":"","format":"standard","meta":{"_stopmodifiedupdate":false,"_modified_date":"","inline_featured_image":false,"spay_email":"","jetpack_publicize_message":""},"categories":[2,4],"tags":[],"jetpack_featured_media_url":"https:\/\/notinor.com\/jujuy\/wp-content\/uploads\/2026\/04\/AGUAS1.webp","jetpack_publicize_connections":[],"_links":{"self":[{"href":"https:\/\/notinor.com\/jujuy\/wp-json\/wp\/v2\/posts\/441442"}],"collection":[{"href":"https:\/\/notinor.com\/jujuy\/wp-json\/wp\/v2\/posts"}],"about":[{"href":"https:\/\/notinor.com\/jujuy\/wp-json\/wp\/v2\/types\/post"}],"author":[{"embeddable":true,"href":"https:\/\/notinor.com\/jujuy\/wp-json\/wp\/v2\/users\/5"}],"replies":[{"embeddable":true,"href":"https:\/\/notinor.com\/jujuy\/wp-json\/wp\/v2\/comments?post=441442"}],"version-history":[{"count":2,"href":"https:\/\/notinor.com\/jujuy\/wp-json\/wp\/v2\/posts\/441442\/revisions"}],"predecessor-version":[{"id":441449,"href":"https:\/\/notinor.com\/jujuy\/wp-json\/wp\/v2\/posts\/441442\/revisions\/441449"}],"wp:featuredmedia":[{"embeddable":true,"href":"https:\/\/notinor.com\/jujuy\/wp-json\/wp\/v2\/media\/441444"}],"wp:attachment":[{"href":"https:\/\/notinor.com\/jujuy\/wp-json\/wp\/v2\/media?parent=441442"}],"wp:term":[{"taxonomy":"category","embeddable":true,"href":"https:\/\/notinor.com\/jujuy\/wp-json\/wp\/v2\/categories?post=441442"},{"taxonomy":"post_tag","embeddable":true,"href":"https:\/\/notinor.com\/jujuy\/wp-json\/wp\/v2\/tags?post=441442"}],"curies":[{"name":"wp","href":"https:\/\/api.w.org\/{rel}","templated":true}]}}