{"id":441433,"date":"2026-04-28T11:23:34","date_gmt":"2026-04-28T14:23:34","guid":{"rendered":"https:\/\/notinor.com\/jujuy\/?p=441433"},"modified":"2026-04-28T11:23:37","modified_gmt":"2026-04-28T14:23:37","slug":"ediles-recibieron-proyectos-impulsados-por-el-concejo-deliberante-estudiantil","status":"publish","type":"post","link":"https:\/\/notinor.com\/jujuy\/ediles-recibieron-proyectos-impulsados-por-el-concejo-deliberante-estudiantil\/","title":{"rendered":"Ediles recibieron proyectos impulsados por el Concejo Deliberante Estudiantil"},"content":{"rendered":"\n<p class=\"has-medium-font-size\"><strong><em>Alumnos de diferentes establecimientos educativos, pertenecientes al Concejo Deliberante Estudiantil, visitaron la instituci\u00f3n parlamentaria con el objetivo de hacer entrega de numerosos proyectos abordados en el 2025, para que los mismos puedan ser tratados por los ediles capitalinos en las pr\u00f3ximas sesiones ordinarias.<\/em><\/strong><\/p>\n\n\n<div class=\"wp-block-image\">\n<figure class=\"aligncenter\"><img decoding=\"async\" src=\"https:\/\/cdjujuy.gob.ar\/wp-content\/uploads\/2026\/04\/Concejo-Deliberante-Estudiantil1-1024x683.jpg\" alt=\"\" class=\"wp-image-37855\"\/><figcaption class=\"wp-element-caption\">Comisi\u00f3n Estudiantil,\u00a0Concejo Deliberante Estudiantil<\/figcaption><\/figure><\/div>\n\n\n<p>Los alumnos fueron recibidos por el presidente del Concejo Deliberante de San Salvador de Jujuy, Dr. <strong>Gast\u00f3n Mill\u00f3n<\/strong>, acompa\u00f1ado por el secretario parlamentario, Dr. <strong>Jorge Beller <\/strong>y su equipo t\u00e9cnico. Acompa\u00f1\u00f3 a los estudiantes juje\u00f1os <strong>Flavia Lara,<\/strong> coordinadora de la secretar\u00eda de pol\u00edticas p\u00fablicas, \u00a0adolescencia y juventud de la Municipalidad de la Capital.<\/p>\n\n\n<div class=\"wp-block-image\">\n<figure class=\"aligncenter size-large\"><img decoding=\"async\" loading=\"lazy\" width=\"721\" height=\"480\" src=\"https:\/\/notinor.com\/jujuy\/wp-content\/uploads\/2026\/04\/PROYECTO-1-721x480.jpg\" alt=\"\" class=\"wp-image-441435\" srcset=\"https:\/\/notinor.com\/jujuy\/wp-content\/uploads\/2026\/04\/PROYECTO-1-721x480.jpg 721w, https:\/\/notinor.com\/jujuy\/wp-content\/uploads\/2026\/04\/PROYECTO-1-548x365.jpg 548w, https:\/\/notinor.com\/jujuy\/wp-content\/uploads\/2026\/04\/PROYECTO-1-768x511.jpg 768w, https:\/\/notinor.com\/jujuy\/wp-content\/uploads\/2026\/04\/PROYECTO-1-1536x1022.jpg 1536w, https:\/\/notinor.com\/jujuy\/wp-content\/uploads\/2026\/04\/PROYECTO-1-2048x1363.jpg 2048w, https:\/\/notinor.com\/jujuy\/wp-content\/uploads\/2026\/04\/PROYECTO-1-750x499.jpg 750w, https:\/\/notinor.com\/jujuy\/wp-content\/uploads\/2026\/04\/PROYECTO-1-1140x759.jpg 1140w\" sizes=\"(max-width: 721px) 100vw, 721px\" \/><\/figure><\/div>\n\n\n<blockquote class=\"wp-block-quote\">\n<p>Al respecto, el secretario parlamentario, Dr. Jorge Beller, destac\u00f3: \u201cLo que hicimos fue recepcionar los proyectos que fueron trabajando durante todo el periodo 2025. Fueron m\u00e1s de 28 iniciativas que van a tomar estado parlamentario en la pr\u00f3xima sesi\u00f3n. Hicimos un trabajo durante todo el a\u00f1o con ellos, asesorando desde la secretaria parlamentaria y hoy recepcionando los proyectos para que puedan ser tratados\u201d.<\/p>\n\n\n<div class=\"wp-block-image\">\n<figure class=\"aligncenter size-large\"><img decoding=\"async\" loading=\"lazy\" width=\"720\" height=\"480\" src=\"https:\/\/notinor.com\/jujuy\/wp-content\/uploads\/2026\/04\/PROYECTO-2-720x480.jpg\" alt=\"\" class=\"wp-image-441437\" srcset=\"https:\/\/notinor.com\/jujuy\/wp-content\/uploads\/2026\/04\/PROYECTO-2-720x480.jpg 720w, https:\/\/notinor.com\/jujuy\/wp-content\/uploads\/2026\/04\/PROYECTO-2-547x365.jpg 547w, https:\/\/notinor.com\/jujuy\/wp-content\/uploads\/2026\/04\/PROYECTO-2-768x512.jpg 768w, https:\/\/notinor.com\/jujuy\/wp-content\/uploads\/2026\/04\/PROYECTO-2-1536x1024.jpg 1536w, https:\/\/notinor.com\/jujuy\/wp-content\/uploads\/2026\/04\/PROYECTO-2-2048x1366.jpg 2048w, https:\/\/notinor.com\/jujuy\/wp-content\/uploads\/2026\/04\/PROYECTO-2-750x500.jpg 750w, https:\/\/notinor.com\/jujuy\/wp-content\/uploads\/2026\/04\/PROYECTO-2-1140x760.jpg 1140w\" sizes=\"(max-width: 720px) 100vw, 720px\" \/><\/figure><\/div><\/blockquote>\n\n\n\n<p>En tanto<strong> Joaqu\u00edn Gim\u00e9nez<\/strong>, presidente del Concejo Deliberante Estudiantil, remarc\u00f3 que \u201cvinimos con todas las autoridades del Concejo Deliberante Estudiantil, nos reunimos y aprendimos nuevas cosas, nos recepcionaron todos los proyectos que trabajamos que tienen sus distintas tem\u00e1ticas. Por suerte son un nexo totalmente abierto para nosotros, nos sacamos dudas e incluso nos vamos sabiendo mucho m\u00e1s\u201d.<\/p>\n\n\n\n<p>Asimismo, Gim\u00e9nez a\u00f1adi\u00f3: \u201cSiempre hay dudas, por eso somos el nexo de todos los colegios que integran el Concejo Deliberante Estudiantil, lo que aprendemos ac\u00e1 posteriormente lo volcamos en capacitaciones. En poco tiempo tendremos la apertura de un nuevo a\u00f1o de actividades, el objetivo de los proyectos es mejorar el estado de muchas cosas mediante el ideal que portamos los j\u00f3venes\u201d.<\/p>\n\n\n\n<p>Finalmente, Flavia Lara, coordinadora de pol\u00edticas p\u00fablicas, adolescencia y juventud, resalt\u00f3: \u201cMuy contentos que nos hayan recibido en el Concejo, primero el presidente Dr. Gast\u00f3n Mill\u00f3n y, posteriormente, el Dr. Jorge Beller quien desde la secretaria parlamentaria y con su equipo hemos abordado los proyectos que se est\u00e1n presentando, que son un total de 28 y corresponden al periodo 2025\u201d.<\/p>\n\n\n\n<p>Por \u00faltimo, Flavia Lara enfatiz\u00f3: \u201cLos estudiantes trabajaron con aproximadamente 30 instituciones educativas, donde hay una gran variedad de temas pensando en el contexto que rodea a sus instituciones educativas y tambi\u00e9n en asuntos que involucran a toda la ciudadan\u00eda de San Salvador. Eso es muy importante, porque crece el inter\u00e9s, el involucrarse y proyectarse como ciudadanos que pueden aportar y transformar a la sociedad\u201d.<\/p>\n\n\n\n<figure class=\"wp-block-embed is-type-video is-provider-youtube wp-block-embed-youtube wp-embed-aspect-16-9 wp-has-aspect-ratio\"><div class=\"wp-block-embed__wrapper\">\n<div class=\"jeg_video_container jeg_video_content\"><iframe loading=\"lazy\" title=\"Ediles recibieron numerosos proyectos impulsados por el Concejo Deliberante Estudiantil\" width=\"500\" height=\"281\" src=\"https:\/\/www.youtube.com\/embed\/keafL1ETAfk?feature=oembed\" frameborder=\"0\" allow=\"accelerometer; autoplay; clipboard-write; encrypted-media; gyroscope; picture-in-picture; web-share\" referrerpolicy=\"strict-origin-when-cross-origin\" allowfullscreen><\/iframe><\/div>\n<\/div><\/figure>\n","protected":false},"excerpt":{"rendered":"<p>Alumnos de diferentes establecimientos educativos, pertenecientes al Concejo Deliberante Estudiantil, visitaron la instituci\u00f3n parlamentaria con el objetivo de hacer entrega de numerosos proyectos abordados en el 2025, para que los mismos puedan ser tratados por los ediles capitalinos en las pr\u00f3ximas sesiones ordinarias. Los alumnos fueron recibidos por el presidente del Concejo Deliberante de San [&hellip;]<\/p>\n","protected":false},"author":5,"featured_media":441436,"comment_status":"open","ping_status":"open","sticky":false,"template":"","format":"standard","meta":{"_stopmodifiedupdate":false,"_modified_date":"","inline_featured_image":false,"spay_email":"","jetpack_publicize_message":""},"categories":[514],"tags":[],"jetpack_featured_media_url":"https:\/\/notinor.com\/jujuy\/wp-content\/uploads\/2026\/04\/PROYECTO1.jpg","jetpack_publicize_connections":[],"_links":{"self":[{"href":"https:\/\/notinor.com\/jujuy\/wp-json\/wp\/v2\/posts\/441433"}],"collection":[{"href":"https:\/\/notinor.com\/jujuy\/wp-json\/wp\/v2\/posts"}],"about":[{"href":"https:\/\/notinor.com\/jujuy\/wp-json\/wp\/v2\/types\/post"}],"author":[{"embeddable":true,"href":"https:\/\/notinor.com\/jujuy\/wp-json\/wp\/v2\/users\/5"}],"replies":[{"embeddable":true,"href":"https:\/\/notinor.com\/jujuy\/wp-json\/wp\/v2\/comments?post=441433"}],"version-history":[{"count":1,"href":"https:\/\/notinor.com\/jujuy\/wp-json\/wp\/v2\/posts\/441433\/revisions"}],"predecessor-version":[{"id":441438,"href":"https:\/\/notinor.com\/jujuy\/wp-json\/wp\/v2\/posts\/441433\/revisions\/441438"}],"wp:featuredmedia":[{"embeddable":true,"href":"https:\/\/notinor.com\/jujuy\/wp-json\/wp\/v2\/media\/441436"}],"wp:attachment":[{"href":"https:\/\/notinor.com\/jujuy\/wp-json\/wp\/v2\/media?parent=441433"}],"wp:term":[{"taxonomy":"category","embeddable":true,"href":"https:\/\/notinor.com\/jujuy\/wp-json\/wp\/v2\/categories?post=441433"},{"taxonomy":"post_tag","embeddable":true,"href":"https:\/\/notinor.com\/jujuy\/wp-json\/wp\/v2\/tags?post=441433"}],"curies":[{"name":"wp","href":"https:\/\/api.w.org\/{rel}","templated":true}]}}