{"id":441430,"date":"2026-04-27T23:02:00","date_gmt":"2026-04-28T02:02:00","guid":{"rendered":"https:\/\/notinor.com\/jujuy\/?p=441430"},"modified":"2026-04-27T11:02:13","modified_gmt":"2026-04-27T11:02:13","slug":"capacitacion-en-el-parque-botanico-municipal-al-personal-de-la-municipalidad-de-san-antonio","status":"publish","type":"post","link":"https:\/\/notinor.com\/jujuy\/capacitacion-en-el-parque-botanico-municipal-al-personal-de-la-municipalidad-de-san-antonio\/","title":{"rendered":"Capacitaci\u00f3n en el Parque Bot\u00e1nico Municipal al personal de la Municipalidad de San Antonio"},"content":{"rendered":"\n<p class=\"has-medium-font-size\"><strong><em>El equipo profesional del Parque Bot\u00e1nico Municipal recibi\u00f3 al equipo t\u00e9cnico de la Direcci\u00f3n de Turismo y Cultura de la Municipalidad de San Antonio, en el marco de las acciones que se desarrollan para la puesta en valor del \u201cSendero Interpretativo San Antonio Natural\u201d.<\/em><\/strong><\/p>\n\n\n<div class=\"wp-block-image\">\n<figure class=\"aligncenter\"><img decoding=\"async\" src=\"https:\/\/www.sansalvadordejujuy.gob.ar\/wp-content\/uploads\/2026\/04\/Parque-botanico-1024x576.jpeg\" alt=\"\" class=\"wp-image-103157\"\/><\/figure><\/div>\n\n\n<p>Este trabajo se realiza de manera colaborativa entre los municipios que integran el Gran Jujuy para el fortalecimiento del desarrollo de propuestas conjuntas en la regi\u00f3n, el intercambio de experiencias, contribuyendo al desarrollo de propuestas tur\u00edsticas y educativas sostenibles en la regi\u00f3n.<\/p>\n\n\n<div class=\"wp-block-image\">\n<figure class=\"aligncenter\"><img decoding=\"async\" src=\"https:\/\/www.sansalvadordejujuy.gob.ar\/wp-content\/uploads\/2026\/04\/Parque-botanico-3-1024x576.jpeg\" alt=\"\" class=\"wp-image-103152\"\/><\/figure><\/div>\n\n\n<p>Esta capacitaci\u00f3n tuvo como objetivo fortalecer los conocimientos y capacidades del equipo invitado, tomando como referencia la experiencia del Parque Bot\u00e1nico en aspectos vinculados al dise\u00f1o y planificaci\u00f3n de los senderos interpretativos, el montaje y funcionamiento de la sala de interpretaci\u00f3n, la se\u00f1al\u00e9tica, la carteler\u00eda, las estrategias de educaci\u00f3n ambiental y atenci\u00f3n al visitante.<\/p>\n\n\n<div class=\"wp-block-image\">\n<figure class=\"aligncenter\"><img decoding=\"async\" src=\"https:\/\/www.sansalvadordejujuy.gob.ar\/wp-content\/uploads\/2026\/04\/Parque-botanico-1-1024x576.jpeg\" alt=\"\" class=\"wp-image-103150\"\/><\/figure><\/div>\n\n\n<p>Durante el encuentro, se cont\u00f3 con la presentaci\u00f3n de la Directora del Parque Bot\u00e1nico, Marcela Gaspar, junto al Ing. Agr\u00f3nomo Ricardo Joaqu\u00edn, quienes compartieron la experiencia de gesti\u00f3n, las l\u00edneas de trabajo y las propuestas en el \u00e1rea protegida ubicada en el barrio Los Perales.<\/p>\n\n\n<div class=\"wp-block-image\">\n<figure class=\"aligncenter\"><img decoding=\"async\" src=\"https:\/\/www.sansalvadordejujuy.gob.ar\/wp-content\/uploads\/2026\/04\/Parque-botanico-2-1024x576.jpeg\" alt=\"\" class=\"wp-image-103151\"\/><\/figure><\/div>\n\n\n<p>Seguidamente se realiz\u00f3 un recorrido por la sala de interpretaci\u00f3n y la galer\u00eda, abordando los criterios de dise\u00f1o expositivo y comunicaci\u00f3n ambiental. La visita continu\u00f3 en el taller, donde el equipo t\u00e9cnico del Parque explic\u00f3 los procesos de elaboraci\u00f3n de carteler\u00eda, las tareas de mantenimiento de los senderos y las acciones vinculadas a la recolecci\u00f3n y separaci\u00f3n de residuos para su reciclaje.<\/p>\n\n\n<div class=\"wp-block-image\">\n<figure class=\"aligncenter\"><img decoding=\"async\" src=\"https:\/\/www.sansalvadordejujuy.gob.ar\/wp-content\/uploads\/2026\/04\/Parque-botanico-4-1024x576.jpeg\" alt=\"\" class=\"wp-image-103154\"\/><\/figure><\/div>\n\n\n<p>Para finalizar, se realiz\u00f3 un recorrido por los senderos del \u00e1rea protegida, analizando aspectos como la se\u00f1al\u00e9tica, el dise\u00f1o de los caminos, los espacios de descanso, los miradores, el equipamiento disponible y la identificaci\u00f3n de \u00e1rboles y arbustos, culminando en el mirador.<\/p>\n","protected":false},"excerpt":{"rendered":"<p>El equipo profesional del Parque Bot\u00e1nico Municipal recibi\u00f3 al equipo t\u00e9cnico de la Direcci\u00f3n de Turismo y Cultura de la Municipalidad de San Antonio, en el marco de las acciones que se desarrollan para la puesta en valor del \u201cSendero Interpretativo San Antonio Natural\u201d. Este trabajo se realiza de manera colaborativa entre los municipios que [&hellip;]<\/p>\n","protected":false},"author":5,"featured_media":441431,"comment_status":"open","ping_status":"open","sticky":false,"template":"","format":"standard","meta":{"_stopmodifiedupdate":false,"_modified_date":"","inline_featured_image":false,"spay_email":"","jetpack_publicize_message":""},"categories":[514],"tags":[],"jetpack_featured_media_url":"https:\/\/notinor.com\/jujuy\/wp-content\/uploads\/2026\/04\/CAPACITACION-2.jpg","jetpack_publicize_connections":[],"_links":{"self":[{"href":"https:\/\/notinor.com\/jujuy\/wp-json\/wp\/v2\/posts\/441430"}],"collection":[{"href":"https:\/\/notinor.com\/jujuy\/wp-json\/wp\/v2\/posts"}],"about":[{"href":"https:\/\/notinor.com\/jujuy\/wp-json\/wp\/v2\/types\/post"}],"author":[{"embeddable":true,"href":"https:\/\/notinor.com\/jujuy\/wp-json\/wp\/v2\/users\/5"}],"replies":[{"embeddable":true,"href":"https:\/\/notinor.com\/jujuy\/wp-json\/wp\/v2\/comments?post=441430"}],"version-history":[{"count":1,"href":"https:\/\/notinor.com\/jujuy\/wp-json\/wp\/v2\/posts\/441430\/revisions"}],"predecessor-version":[{"id":441432,"href":"https:\/\/notinor.com\/jujuy\/wp-json\/wp\/v2\/posts\/441430\/revisions\/441432"}],"wp:featuredmedia":[{"embeddable":true,"href":"https:\/\/notinor.com\/jujuy\/wp-json\/wp\/v2\/media\/441431"}],"wp:attachment":[{"href":"https:\/\/notinor.com\/jujuy\/wp-json\/wp\/v2\/media?parent=441430"}],"wp:term":[{"taxonomy":"category","embeddable":true,"href":"https:\/\/notinor.com\/jujuy\/wp-json\/wp\/v2\/categories?post=441430"},{"taxonomy":"post_tag","embeddable":true,"href":"https:\/\/notinor.com\/jujuy\/wp-json\/wp\/v2\/tags?post=441430"}],"curies":[{"name":"wp","href":"https:\/\/api.w.org\/{rel}","templated":true}]}}