{"id":441427,"date":"2026-04-27T22:28:00","date_gmt":"2026-04-28T01:28:00","guid":{"rendered":"https:\/\/notinor.com\/jujuy\/?p=441427"},"modified":"2026-04-27T10:28:25","modified_gmt":"2026-04-27T10:28:25","slug":"celebraran-el-dia-internacional-del-jazz-con-una-noche-de-lujo-en-el-cine-select","status":"publish","type":"post","link":"https:\/\/notinor.com\/jujuy\/celebraran-el-dia-internacional-del-jazz-con-una-noche-de-lujo-en-el-cine-select\/","title":{"rendered":"Celebrar\u00e1n el D\u00eda Internacional del Jazz con una noche de lujo en el Cine Select"},"content":{"rendered":"\n<p class=\"has-medium-font-size\"><strong><em>La Municipalidad de San Salvador de Jujuy, en conjunto con Jazz Club Jujuy, invita a la familia a disfrutar de una velada para conmemorar el D\u00eda Internacional del Jazz, a trav\u00e9s de un espect\u00e1culo de primer nivel que reunir\u00e1 a destacados referentes del g\u00e9nero y talentos locales. La cita ser\u00e1 el d\u00eda jueves 30 de abril a las 21 horas en el Cine Teatro Municipal Select (Alvear 665).<\/em><\/strong><\/p>\n\n\n<div class=\"wp-block-image\">\n<figure class=\"aligncenter\"><img decoding=\"async\" src=\"https:\/\/www.sansalvadordejujuy.gob.ar\/wp-content\/uploads\/2026\/04\/jazz-1-819x1024.jpg\" alt=\"\" class=\"wp-image-103250\"\/><\/figure><\/div>\n\n\n<p>Desde la administraci\u00f3n del Cine Select, se destac\u00f3 que en el escenario brillar\u00e1n dos figuras indiscutidas del jazz argentino: Oscar Giunta y Juan Cruz de Urquiza, reconocidos por su amplia trayectoria junto a grandes exponentes del g\u00e9nero y su proyecci\u00f3n internacional.<\/p>\n\n\n\n<p>Los m\u00fasicos mencionados, estar\u00e1n acompa\u00f1ados por un seleccionado de m\u00fasicos de excelencia como Leo Goldstein, Elisa Stella, Mat\u00edas Saluzzi y Alom\u00edas Liz\u00e1rraga.<\/p>\n\n\n\n<p>La noche tambi\u00e9n contar\u00e1 con una presentaci\u00f3n especial del D\u00fao Batallanos Marcos, ganadores del Festival Nacional de Folklore de Cosqu\u00edn, quienes aportar\u00e1n una propuesta innovadora de fusi\u00f3n jazz-folk, combinando talento y ra\u00edces en un mismo escenario.<\/p>\n\n\n\n<p>Como broche de oro, se sumar\u00e1n grandes invitados; Ismael Jord\u00e1, Juanjo D\u00edaz, Cristian Torres, Julio Rocha, M\u00e1ximo S\u00e1nchez de Bustamante y Luis Escalera, quienes garantizar\u00e1n una experiencia art\u00edstica diversa y de alto nivel.<\/p>\n\n\n\n<p>Finalmente, el evento cuenta con el acompa\u00f1amiento de \u201cEl Arte de la Mezcla\u201d, equipo t\u00e9cnico de Jazz Club Jujuy, que aportar\u00e1 calidad sonora a una noche que promete ser vibrante, emotiva y cargada de magia. Las entradas estar\u00e1n disponibles en puerta.<\/p>\n","protected":false},"excerpt":{"rendered":"<p>La Municipalidad de San Salvador de Jujuy, en conjunto con Jazz Club Jujuy, invita a la familia a disfrutar de una velada para conmemorar el D\u00eda Internacional del Jazz, a trav\u00e9s de un espect\u00e1culo de primer nivel que reunir\u00e1 a destacados referentes del g\u00e9nero y talentos locales. La cita ser\u00e1 el d\u00eda jueves 30 de [&hellip;]<\/p>\n","protected":false},"author":5,"featured_media":441428,"comment_status":"open","ping_status":"open","sticky":false,"template":"","format":"standard","meta":{"_stopmodifiedupdate":false,"_modified_date":"","inline_featured_image":false,"spay_email":"","jetpack_publicize_message":""},"categories":[21],"tags":[],"jetpack_featured_media_url":"https:\/\/notinor.com\/jujuy\/wp-content\/uploads\/2026\/04\/JAZZ.jpg","jetpack_publicize_connections":[],"_links":{"self":[{"href":"https:\/\/notinor.com\/jujuy\/wp-json\/wp\/v2\/posts\/441427"}],"collection":[{"href":"https:\/\/notinor.com\/jujuy\/wp-json\/wp\/v2\/posts"}],"about":[{"href":"https:\/\/notinor.com\/jujuy\/wp-json\/wp\/v2\/types\/post"}],"author":[{"embeddable":true,"href":"https:\/\/notinor.com\/jujuy\/wp-json\/wp\/v2\/users\/5"}],"replies":[{"embeddable":true,"href":"https:\/\/notinor.com\/jujuy\/wp-json\/wp\/v2\/comments?post=441427"}],"version-history":[{"count":1,"href":"https:\/\/notinor.com\/jujuy\/wp-json\/wp\/v2\/posts\/441427\/revisions"}],"predecessor-version":[{"id":441429,"href":"https:\/\/notinor.com\/jujuy\/wp-json\/wp\/v2\/posts\/441427\/revisions\/441429"}],"wp:featuredmedia":[{"embeddable":true,"href":"https:\/\/notinor.com\/jujuy\/wp-json\/wp\/v2\/media\/441428"}],"wp:attachment":[{"href":"https:\/\/notinor.com\/jujuy\/wp-json\/wp\/v2\/media?parent=441427"}],"wp:term":[{"taxonomy":"category","embeddable":true,"href":"https:\/\/notinor.com\/jujuy\/wp-json\/wp\/v2\/categories?post=441427"},{"taxonomy":"post_tag","embeddable":true,"href":"https:\/\/notinor.com\/jujuy\/wp-json\/wp\/v2\/tags?post=441427"}],"curies":[{"name":"wp","href":"https:\/\/api.w.org\/{rel}","templated":true}]}}