{"id":441424,"date":"2026-04-27T22:18:00","date_gmt":"2026-04-28T01:18:00","guid":{"rendered":"https:\/\/notinor.com\/jujuy\/?p=441424"},"modified":"2026-04-27T10:18:57","modified_gmt":"2026-04-27T10:18:57","slug":"concluyo-el-torneo-fundacion-de-jujuy-con-una-masiva-jornada-de-deporte-infantil-y-recreacion-familiar","status":"publish","type":"post","link":"https:\/\/notinor.com\/jujuy\/concluyo-el-torneo-fundacion-de-jujuy-con-una-masiva-jornada-de-deporte-infantil-y-recreacion-familiar\/","title":{"rendered":"Concluy\u00f3 el Torneo Fundaci\u00f3n de Jujuy con una masiva jornada de deporte infantil y recreaci\u00f3n familiar"},"content":{"rendered":"\n<p class=\"has-medium-font-size\"><strong><em>Con una gran convocatoria de familias, concluy\u00f3 el Torneo Fundaci\u00f3n de Jujuy de f\u00fatbol infantil organizado por la Direcci\u00f3n General de Deportes y Recreaci\u00f3n de la Municipalidad de San Salvador de Jujuy, en el marco de un fin de semana colmado de actividades deportivas y recreativas en la ciudad. El cierre se vivi\u00f3 con entusiasmo en el Centro Deportivo N\u00b01, donde m\u00e1s de 400 ni\u00f1os participaron de esta propuesta que promovi\u00f3 h\u00e1bitos saludables y fortaleci\u00f3 el encuentro comunitari<\/em><\/strong>o.<\/p>\n\n\n<div class=\"wp-block-image\">\n<figure class=\"aligncenter\"><img decoding=\"async\" src=\"https:\/\/www.sansalvadordejujuy.gob.ar\/wp-content\/uploads\/2026\/04\/entrega-premios-torneo-futbol-4-1024x674.jpg\" alt=\"\" class=\"wp-image-103226\"\/><\/figure><\/div>\n\n\n<p>El subsecretario de Gobierno.<strong> Rodrigo Altea<\/strong> enfatiz\u00f3 el dinamismo del equipo de la Direcci\u00f3n General de Deportes y Recreaci\u00f3n, se\u00f1alando que \u201cestas acciones, como el Torneo Fundaci\u00f3n son fundaentales para que el disfrute familiar y el crecimiento de la ciudad vayan de la mano\u201d. Adem\u00e1s del torneo de f\u00fatbol infantil celebrado en el marco de las actividades por la Fundaci\u00f3n de San Salvador de Jujuy, el funcionario destac\u00f3 la presencia institucional en otros puntos estrat\u00e9gicos: \u201cEstuvimos en Alto Comedero con una marat\u00f3n acompa\u00f1ando el d\u00eda de los Veteranos de Malvinas en Alto Comedero\u201d.<\/p>\n\n\n<div class=\"wp-block-image\">\n<figure class=\"aligncenter\"><img decoding=\"async\" src=\"https:\/\/www.sansalvadordejujuy.gob.ar\/wp-content\/uploads\/2026\/04\/entrega-premios-torneo-futbol-10-1024x690.jpg\" alt=\"\" class=\"wp-image-103230\"\/><\/figure><\/div>\n\n\n<p>Para Altea, el acompa\u00f1amiento de los padres es un pilar clave en este tipo de pol\u00edticas p\u00fablicas: \u201cA todos los padres nos gusta acompa\u00f1ar a nuestro hijo no solo en su crecimiento deportivo, sino en su divertimiento\u201d, concluy\u00f3 el subecretario, reafirmando el compromiso del municipio de seguir creando espacios donde el sol y el deporte sean los protagonistas de la vida social en Jujuy.<\/p>\n\n\n<div class=\"wp-block-image\">\n<figure class=\"aligncenter\"><img decoding=\"async\" src=\"https:\/\/www.sansalvadordejujuy.gob.ar\/wp-content\/uploads\/2026\/04\/entrega-premios-torneo-futbol-12-1024x680.jpg\" alt=\"\" class=\"wp-image-103229\"\/><\/figure><\/div>\n\n\n<p>A su turno, el director general de Deportes y Recreaci\u00f3n, Gustavo Hiruela, explic\u00f3 que, bajo los lineamientos del intendente \u201cChuli\u201d Jorge, se busc\u00f3 que los ni\u00f1os vivieran una experiencia formativa m\u00e1s all\u00e1 del resultado, \u201cfue un torneo bien completo donde los chicos vinieron a participar y divertirse\u201d. Asimismo, subray\u00f3 la filosof\u00eda del encuentro, \u201chay ganadores y ganadores, nunca perdedores, porque ac\u00e1 todos ganan participando y, sobre todo, demostrando lo que practican durante la semana\u201d.<\/p>\n\n\n\n<p>Hiruela sostuvo que el Torneo Fundaci\u00f3n no se limit\u00f3 solo al \u00e1mbito municipal, sino que \u201cfue un torneo abierto que cont\u00f3 con la participaci\u00f3n de diversas escuelitas privadas\u201d, y asegur\u00f3 que, dado el \u00e9xito y la gran concurrencia, esta iniciativa \u201cse va a repetir m\u00e1s adelante con el objetivo de seguir ampliando la participaci\u00f3n de los ni\u00f1os juje\u00f1os\u201d.<\/p>\n\n\n<div class=\"wp-block-image\">\n<figure class=\"aligncenter\"><img decoding=\"async\" src=\"https:\/\/www.sansalvadordejujuy.gob.ar\/wp-content\/uploads\/2026\/04\/entrega-premios-torneo-futbol-15-1024x680.jpg\" alt=\"\" class=\"wp-image-103231\"\/><\/figure><\/div>\n\n\n<p>Brindando detalles sobre el Torneo Fundaci\u00f3n, el profesor Gustavo Coronel, inform\u00f3 que la convocatoria super\u00f3 las expectativas iniciales, \u201cel abarc\u00f3 las categor\u00edas de chicos de 6 a 13 a\u00f1os; cerca de 400 ni\u00f1os\u201d. El instructor destac\u00f3 la alegr\u00eda de los participantes, el marco de p\u00fablico, y resumi\u00f3 el resultado de la jornada, \u201clos chicos han venido y han disfrutado, y los padres como siempre acompa\u00f1ando, as\u00ed que fue una muy linda ma\u00f1ana\u201d.<\/p>\n\n\n\n<p><strong>Nota audiovisual:<\/strong><a href=\"https:\/\/youtu.be\/v-CNmfrR6ls\">&nbsp;https:\/\/youtu.be\/v-CNmfrR6ls<\/a><\/p>\n","protected":false},"excerpt":{"rendered":"<p>Con una gran convocatoria de familias, concluy\u00f3 el Torneo Fundaci\u00f3n de Jujuy de f\u00fatbol infantil organizado por la Direcci\u00f3n General de Deportes y Recreaci\u00f3n de la Municipalidad de San Salvador de Jujuy, en el marco de un fin de semana colmado de actividades deportivas y recreativas en la ciudad. El cierre se vivi\u00f3 con entusiasmo [&hellip;]<\/p>\n","protected":false},"author":5,"featured_media":441425,"comment_status":"open","ping_status":"open","sticky":false,"template":"","format":"standard","meta":{"_stopmodifiedupdate":false,"_modified_date":"","inline_featured_image":false,"spay_email":"","jetpack_publicize_message":""},"categories":[7],"tags":[],"jetpack_featured_media_url":"https:\/\/notinor.com\/jujuy\/wp-content\/uploads\/2026\/04\/deporte-1.jpg","jetpack_publicize_connections":[],"_links":{"self":[{"href":"https:\/\/notinor.com\/jujuy\/wp-json\/wp\/v2\/posts\/441424"}],"collection":[{"href":"https:\/\/notinor.com\/jujuy\/wp-json\/wp\/v2\/posts"}],"about":[{"href":"https:\/\/notinor.com\/jujuy\/wp-json\/wp\/v2\/types\/post"}],"author":[{"embeddable":true,"href":"https:\/\/notinor.com\/jujuy\/wp-json\/wp\/v2\/users\/5"}],"replies":[{"embeddable":true,"href":"https:\/\/notinor.com\/jujuy\/wp-json\/wp\/v2\/comments?post=441424"}],"version-history":[{"count":1,"href":"https:\/\/notinor.com\/jujuy\/wp-json\/wp\/v2\/posts\/441424\/revisions"}],"predecessor-version":[{"id":441426,"href":"https:\/\/notinor.com\/jujuy\/wp-json\/wp\/v2\/posts\/441424\/revisions\/441426"}],"wp:featuredmedia":[{"embeddable":true,"href":"https:\/\/notinor.com\/jujuy\/wp-json\/wp\/v2\/media\/441425"}],"wp:attachment":[{"href":"https:\/\/notinor.com\/jujuy\/wp-json\/wp\/v2\/media?parent=441424"}],"wp:term":[{"taxonomy":"category","embeddable":true,"href":"https:\/\/notinor.com\/jujuy\/wp-json\/wp\/v2\/categories?post=441424"},{"taxonomy":"post_tag","embeddable":true,"href":"https:\/\/notinor.com\/jujuy\/wp-json\/wp\/v2\/tags?post=441424"}],"curies":[{"name":"wp","href":"https:\/\/api.w.org\/{rel}","templated":true}]}}