{"id":441421,"date":"2026-04-27T22:06:00","date_gmt":"2026-04-28T01:06:00","guid":{"rendered":"https:\/\/notinor.com\/jujuy\/?p=441421"},"modified":"2026-04-27T10:06:14","modified_gmt":"2026-04-27T10:06:14","slug":"el-municipio-avanza-en-la-implementacion-de-un-programa-territorial-de-salud-mental","status":"publish","type":"post","link":"https:\/\/notinor.com\/jujuy\/el-municipio-avanza-en-la-implementacion-de-un-programa-territorial-de-salud-mental\/","title":{"rendered":"El Municipio avanza en la implementaci\u00f3n de un programa territorial de salud mental"},"content":{"rendered":"\n<p class=\"has-medium-font-size\"><strong><em>Con el objetivo de coordinar acciones y comenzar a implementar un programa municipal de salud mental con fuerte presencia en los barrios, se llev\u00f3 a cabo una reuni\u00f3n entre autoridades municipales y provinciales, en la que se destac\u00f3 la importancia del trabajo articulado y en territorio para abordar de manera integral las problem\u00e1ticas que atraviesan a la comunidad.<\/em><\/strong><\/p>\n\n\n<div class=\"wp-block-image\">\n<figure class=\"aligncenter\"><img decoding=\"async\" src=\"https:\/\/www.sansalvadordejujuy.gob.ar\/wp-content\/uploads\/2026\/04\/MURO-REUNION-1-1024x472.jpg\" alt=\"\" class=\"wp-image-103261\"\/><\/figure><\/div>\n\n\n<p>En este marco, <strong>Gustavo Muro<\/strong>, secretario de Desarrollo Humano expres\u00f3, \u201cagradecemos el acompa\u00f1amiento del secretario de Salud Mental y Adicciones, de la provincia, <strong>Agust\u00edn Y\u00e9cora<\/strong>, a la secretaria de Equidad y Promoci\u00f3n de Derechos del Concejo Provincial de la Mujer, <strong>Victoria Murillo,<\/strong> as\u00ed como a la Directora de Pol\u00edticas P\u00fablicas de Alto Comedero, <strong>Patricia Moya.<\/strong> Tenemos una preocupaci\u00f3n com\u00fan, m\u00e1s que una preocupaci\u00f3n, una ocupaci\u00f3n sobre los temas de salud mental en nuestra comunidad\u201d.<\/p>\n\n\n\n<p>Asimismo, destac\u00f3 la coincidencia de lineamientos entre el municipio y la provincia al se\u00f1alar, \u201cestamos trabajando en un programa: Comunidad Saludable, y que coincide con los principios que est\u00e1 planteando el Ministerio de Salud de la provincia. Entonces, esta reuni\u00f3n trata b\u00e1sicamente de apropiarnos ambos de lo que estamos haciendo y trabajarlo en forma conjunta\u201d.<\/p>\n\n\n\n<p>En esa l\u00ednea, remarc\u00f3 la importancia de priorizar la acci\u00f3n concreta por sobre las formalidades administrativas, \u201cse acostumbra normalmente a firmar convenios, a darle una formalidad, m\u00e1s all\u00e1 de eso, nosotros lo que queremos es avanzar en el territorio, donde hay una inserci\u00f3n por parte de la municipalidad en todos los barrios de la ciudad. El ministerio tiene una inserci\u00f3n muy importante a partir de los Centros de Atenci\u00f3n Primaria de la Salud (CAPS), y queremos en forma conjunta, trabajar un programa desde comunidad saludable y de salud mental\u201d.<\/p>\n\n\n\n<p>Por su parte, el secretario de Salud Mental y Adicciones, Agust\u00edn Y\u00e9cora, valor\u00f3 la apertura del municipio para avanzar en una agenda com\u00fan, \u201cagradecer a la municipalidad que nos abri\u00f3 las puertas, nosotros, como comisi\u00f3n interministerial en pol\u00edticas p\u00fablicas en salud mental, venimos trabajando, no solo como ministerio de salud, sino como ejecutivo, en poder trabajar con los municipios en herramientas que trabajan la prevenci\u00f3n y la promoci\u00f3n de la salud mental. Para eso es muy importante trabajar codo a codo como un solo equipo con los municipios, en este caso, el municipio de San Salvador nos abri\u00f3 r\u00e1pidamente las puertas y coincidimos en muchas miradas de c\u00f3mo buscar realmente llegar a territorio\u201d.<\/p>\n\n\n\n<p>Adem\u00e1s, puso el acento en la necesidad de superar la fragmentaci\u00f3n de esfuerzos y avanzar hacia una construcci\u00f3n colectiva con la comunidad, \u201cse hacen much\u00edsimos esfuerzos de forma aislada, fragmentada, y no termina teniendo el impacto que uno quiere o que la poblaci\u00f3n demanda, entonces, lo que proponemos es trabajar codo a codo con la comunidad en diagn\u00f3sticos participativos, en construcci\u00f3n de posibles soluciones, y acompa\u00f1ar en ese proceso de ejecuci\u00f3n desde lo inmediato, no solo desde lo normativo, sino desde lo que realmente se trabaja en el barrio, en el terreno, con la gente, en cara a cara, y a partir de ah\u00ed la propuesta va a ir fluyendo de acuerdo a las necesidades locales de cada sector de la ciudad\u201d.<\/p>\n\n\n\n<p><strong>Nota audiovisual:<\/strong>&nbsp;<a href=\"https:\/\/youtu.be\/jk4qqIlDZsw\">https:\/\/youtu.be\/jk4qqIlDZsw<\/a><\/p>\n","protected":false},"excerpt":{"rendered":"<p>Con el objetivo de coordinar acciones y comenzar a implementar un programa municipal de salud mental con fuerte presencia en los barrios, se llev\u00f3 a cabo una reuni\u00f3n entre autoridades municipales y provinciales, en la que se destac\u00f3 la importancia del trabajo articulado y en territorio para abordar de manera integral las problem\u00e1ticas que atraviesan [&hellip;]<\/p>\n","protected":false},"author":5,"featured_media":441422,"comment_status":"open","ping_status":"open","sticky":false,"template":"","format":"standard","meta":{"_stopmodifiedupdate":false,"_modified_date":"","inline_featured_image":false,"spay_email":"","jetpack_publicize_message":""},"categories":[828],"tags":[],"jetpack_featured_media_url":"https:\/\/notinor.com\/jujuy\/wp-content\/uploads\/2026\/04\/comunidad.jpg","jetpack_publicize_connections":[],"_links":{"self":[{"href":"https:\/\/notinor.com\/jujuy\/wp-json\/wp\/v2\/posts\/441421"}],"collection":[{"href":"https:\/\/notinor.com\/jujuy\/wp-json\/wp\/v2\/posts"}],"about":[{"href":"https:\/\/notinor.com\/jujuy\/wp-json\/wp\/v2\/types\/post"}],"author":[{"embeddable":true,"href":"https:\/\/notinor.com\/jujuy\/wp-json\/wp\/v2\/users\/5"}],"replies":[{"embeddable":true,"href":"https:\/\/notinor.com\/jujuy\/wp-json\/wp\/v2\/comments?post=441421"}],"version-history":[{"count":1,"href":"https:\/\/notinor.com\/jujuy\/wp-json\/wp\/v2\/posts\/441421\/revisions"}],"predecessor-version":[{"id":441423,"href":"https:\/\/notinor.com\/jujuy\/wp-json\/wp\/v2\/posts\/441421\/revisions\/441423"}],"wp:featuredmedia":[{"embeddable":true,"href":"https:\/\/notinor.com\/jujuy\/wp-json\/wp\/v2\/media\/441422"}],"wp:attachment":[{"href":"https:\/\/notinor.com\/jujuy\/wp-json\/wp\/v2\/media?parent=441421"}],"wp:term":[{"taxonomy":"category","embeddable":true,"href":"https:\/\/notinor.com\/jujuy\/wp-json\/wp\/v2\/categories?post=441421"},{"taxonomy":"post_tag","embeddable":true,"href":"https:\/\/notinor.com\/jujuy\/wp-json\/wp\/v2\/tags?post=441421"}],"curies":[{"name":"wp","href":"https:\/\/api.w.org\/{rel}","templated":true}]}}