{"id":441418,"date":"2026-04-28T09:56:18","date_gmt":"2026-04-28T12:56:18","guid":{"rendered":"https:\/\/notinor.com\/jujuy\/?p=441418"},"modified":"2026-04-28T09:56:20","modified_gmt":"2026-04-28T12:56:20","slug":"ejesa-realizara-tareas-programadas-para-mejoras-en-el-servicio-electrico-este-miercoles-en-lozano-y-zonas-aledanas","status":"publish","type":"post","link":"https:\/\/notinor.com\/jujuy\/ejesa-realizara-tareas-programadas-para-mejoras-en-el-servicio-electrico-este-miercoles-en-lozano-y-zonas-aledanas\/","title":{"rendered":"EJESA realizar\u00e1 tareas programadas para mejoras en el servicio el\u00e9ctrico, este mi\u00e9rcoles en Lozano y zonas aleda\u00f1as"},"content":{"rendered":"\n<p class=\"has-medium-font-size\"><strong><em>Les informamos que, con el objetivo de\u00a0elevar la calidad del servicio el\u00e9ctrico, se llevar\u00e1n adelante\u00a0tareas programadas de mantenimiento y mejoras \u00a0destinadas a fortalecer la calidad y confiabilidad del servicio el\u00e9ctrico.<\/em> <em>Para su correcta ejecuci\u00f3n, ser\u00e1 necesario realizar\u00a0una interrupci\u00f3n programada del suministro\u00a0en las siguientes zonas y horar<\/em><\/strong><em>ios:<\/em><\/p>\n\n\n<div class=\"wp-block-image\">\n<figure class=\"aligncenter size-large\"><img decoding=\"async\" loading=\"lazy\" width=\"840\" height=\"379\" src=\"https:\/\/notinor.com\/jujuy\/wp-content\/uploads\/2026\/04\/LOZANO-840x379.jpg\" alt=\"\" class=\"wp-image-441419\" srcset=\"https:\/\/notinor.com\/jujuy\/wp-content\/uploads\/2026\/04\/LOZANO-840x379.jpg 840w, https:\/\/notinor.com\/jujuy\/wp-content\/uploads\/2026\/04\/LOZANO-660x298.jpg 660w, https:\/\/notinor.com\/jujuy\/wp-content\/uploads\/2026\/04\/LOZANO-768x346.jpg 768w, https:\/\/notinor.com\/jujuy\/wp-content\/uploads\/2026\/04\/LOZANO-750x338.jpg 750w, https:\/\/notinor.com\/jujuy\/wp-content\/uploads\/2026\/04\/LOZANO.jpg 920w\" sizes=\"(max-width: 840px) 100vw, 840px\" \/><\/figure><\/div>\n\n\n<p>\ud83d\udcc5\u00a0<strong>MI\u00c9RCOLES 29 de Abril 2026<\/strong><\/p>\n\n\n\n<p>\ud83d\udccd <strong>YALA: Lozano y zonas aleda\u00f1as<\/strong>.<\/p>\n\n\n\n<p>\ud83d\udd50\u00a0<strong>Horario estimado:<\/strong> de 08:00 a 14:00 Hs. aproximadamente.<\/p>\n\n\n\n<p>Les agradecemos&nbsp;<strong>la difusi\u00f3n de esta informaci\u00f3n a la comunidad<\/strong>, para que los\/as usuarios\/as puedan&nbsp;<strong>tomar las precauciones necesarias<\/strong>&nbsp;durante el per\u00edodo mencionado. Ante cualquier duda o requerimiento, recordamos que la comunidad puede comunicarse a trav\u00e9s de nuestros&nbsp;<strong>canales oficiales de atenci\u00f3n disponibles las 24 horas<\/strong>:<br>&nbsp;\ud83d\udd17&nbsp;<a href=\"https:\/\/linktr.ee\/ejesaSUS\" target=\"_blank\" rel=\"noreferrer noopener\"><u>https:\/\/linktr.ee\/ejesaSUS<\/u><\/a><\/p>\n","protected":false},"excerpt":{"rendered":"<p>Les informamos que, con el objetivo de\u00a0elevar la calidad del servicio el\u00e9ctrico, se llevar\u00e1n adelante\u00a0tareas programadas de mantenimiento y mejoras \u00a0destinadas a fortalecer la calidad y confiabilidad del servicio el\u00e9ctrico. Para su correcta ejecuci\u00f3n, ser\u00e1 necesario realizar\u00a0una interrupci\u00f3n programada del suministro\u00a0en las siguientes zonas y horarios: \ud83d\udcc5\u00a0MI\u00c9RCOLES 29 de Abril 2026 \ud83d\udccd YALA: Lozano y [&hellip;]<\/p>\n","protected":false},"author":5,"featured_media":441419,"comment_status":"open","ping_status":"open","sticky":false,"template":"","format":"standard","meta":{"_stopmodifiedupdate":false,"_modified_date":"","inline_featured_image":false,"spay_email":"","jetpack_publicize_message":""},"categories":[514],"tags":[],"jetpack_featured_media_url":"https:\/\/notinor.com\/jujuy\/wp-content\/uploads\/2026\/04\/LOZANO.jpg","jetpack_publicize_connections":[],"_links":{"self":[{"href":"https:\/\/notinor.com\/jujuy\/wp-json\/wp\/v2\/posts\/441418"}],"collection":[{"href":"https:\/\/notinor.com\/jujuy\/wp-json\/wp\/v2\/posts"}],"about":[{"href":"https:\/\/notinor.com\/jujuy\/wp-json\/wp\/v2\/types\/post"}],"author":[{"embeddable":true,"href":"https:\/\/notinor.com\/jujuy\/wp-json\/wp\/v2\/users\/5"}],"replies":[{"embeddable":true,"href":"https:\/\/notinor.com\/jujuy\/wp-json\/wp\/v2\/comments?post=441418"}],"version-history":[{"count":1,"href":"https:\/\/notinor.com\/jujuy\/wp-json\/wp\/v2\/posts\/441418\/revisions"}],"predecessor-version":[{"id":441420,"href":"https:\/\/notinor.com\/jujuy\/wp-json\/wp\/v2\/posts\/441418\/revisions\/441420"}],"wp:featuredmedia":[{"embeddable":true,"href":"https:\/\/notinor.com\/jujuy\/wp-json\/wp\/v2\/media\/441419"}],"wp:attachment":[{"href":"https:\/\/notinor.com\/jujuy\/wp-json\/wp\/v2\/media?parent=441418"}],"wp:term":[{"taxonomy":"category","embeddable":true,"href":"https:\/\/notinor.com\/jujuy\/wp-json\/wp\/v2\/categories?post=441418"},{"taxonomy":"post_tag","embeddable":true,"href":"https:\/\/notinor.com\/jujuy\/wp-json\/wp\/v2\/tags?post=441418"}],"curies":[{"name":"wp","href":"https:\/\/api.w.org\/{rel}","templated":true}]}}