{"id":441413,"date":"2026-04-27T23:50:00","date_gmt":"2026-04-28T02:50:00","guid":{"rendered":"https:\/\/notinor.com\/jujuy\/?p=441413"},"modified":"2026-04-27T23:50:00","modified_gmt":"2026-04-27T23:50:00","slug":"javier-milei-lo-peor-ya-paso-a-pesar-del-ataque-de-la-politica-que-no-se-pudo-llevar-puesto-el-programa","status":"publish","type":"post","link":"https:\/\/notinor.com\/jujuy\/javier-milei-lo-peor-ya-paso-a-pesar-del-ataque-de-la-politica-que-no-se-pudo-llevar-puesto-el-programa\/","title":{"rendered":"Javier Milei: \u201cLo peor ya pas\u00f3 a pesar del ataque de la pol\u00edtica que no se pudo llevar puesto el programa\u201d"},"content":{"rendered":"\n<p class=\"has-medium-font-size\"><strong><em>En la Fundaci\u00f3n Libertad, el Presidente repudi\u00f3 \u201cel intento de asesinato\u201d contra Donald Trump y lo vincul\u00f3 a la Izquerida. Luego hizo una fuerte defensa a su plan econ\u00f3mico, dijo que la inflaci\u00f3n bajar\u00e1 y ratific\u00f3: \u201cNo nos vamos a apartar un \u00e1pice de nuestra ortodoxia\u201d.<\/em><\/strong><\/p>\n\n\n\n<p><\/p>\n\n\n<div class=\"wp-block-image\">\n<figure class=\"aligncenter size-full\"><img decoding=\"async\" loading=\"lazy\" width=\"800\" height=\"450\" src=\"https:\/\/notinor.com\/jujuy\/wp-content\/uploads\/2026\/04\/javier-milei-3.jpg\" alt=\"\" class=\"wp-image-441414\" srcset=\"https:\/\/notinor.com\/jujuy\/wp-content\/uploads\/2026\/04\/javier-milei-3.jpg 800w, https:\/\/notinor.com\/jujuy\/wp-content\/uploads\/2026\/04\/javier-milei-3-649x365.jpg 649w, https:\/\/notinor.com\/jujuy\/wp-content\/uploads\/2026\/04\/javier-milei-3-500x280.jpg 500w, https:\/\/notinor.com\/jujuy\/wp-content\/uploads\/2026\/04\/javier-milei-3-768x432.jpg 768w, https:\/\/notinor.com\/jujuy\/wp-content\/uploads\/2026\/04\/javier-milei-3-750x422.jpg 750w\" sizes=\"(max-width: 800px) 100vw, 800px\" \/><\/figure><\/div>\n\n\n<p><\/p>\n\n\n\n<p>Javier Milei inici\u00f3 su discurso en la Fundaci\u00f3n Libertad repudiendo el ataque contra Donald Trump durante el fin de semana y lo vincul\u00f3 directamente a la Izquierda.<\/p>\n\n\n\n<p>\u201cMi m\u00e1s en\u00e9rgico repudio al nuevo intento de asesinato sufrido por el presidente Donald Trump. Estamos frente a un nuevo auge de la violencia pol\u00edtica, muy en particular de la izquierda, en todo el mundo libre que debe ser detenido en sus inicios. Estamos ante un nuevo auge de la violencia pol\u00edtica. No aceptan perder en la batalla por las ideas y en las urnas. No son compatibles con la democracia y deben ser castigados con todo el peso de la ley\u201d, afirm\u00f3 el Presidente.<\/p>\n\n\n\n<p>Y agreg\u00f3: \u201cLos liberales cometimos un grave error luego de la ca\u00edda del Muro de Berl\u00edn de creer que la mera evidencia alcanzaba. La realidad demostr\u00f3 que no. Lo que hizo el marxismo fue reconstruirse y dar la batalla cultural y trasladar la lucha de clases en otro tipo de debate en la sociedad y terminaron tomando la escena. Por eso es tan importante esta fundaci\u00f3n para dar la batalla cultural\u201d.<\/p>\n\n\n\n<p>En ese sentido, dijo que por eso instituciones como la Fundaci\u00f3n Libertad \u201cest\u00e1n para dar la batalla cultural\u201d. \u201cLos avances que hemos estado haciendo han sido tan grandes que no s\u00f3lo hemos empezado a ganarles los debates porque tambi\u00e9n tuvimos que aprender a debatir con ellos, sino que comenzamos a ganarles en las urnas y eso los tiene profundamente violentos. No tienen problemas en recurrir a la violencia\u201d, asegur\u00f3.<\/p>\n\n\n\n<p><\/p>\n\n\n\n<p class=\"has-medium-font-size\"><strong>El premio que recibi\u00f3 el Presidente<\/strong><\/p>\n\n\n\n<p>\u201cPara ellos lo importante es su idea de colectivo. Para ellos los humanos son meras piezas en un tablero de ajedrez y no tienen problema en matarnos si lo ven necesario. Tenemos que dejarlos en evidencia. El objetivo de la charla de hoy es mostrar las ideas de la libertad funcionan\u201d, complet\u00f3 al respecto.<\/p>\n\n\n\n<p>Luego, el mandatario comenzo con un repaso de su gesti\u00f3n econ\u00f3mica y defendi\u00f3 todos los puntos, adem\u00e1s de vincular los malos \u00edndices a la pol\u00edtica.<\/p>\n\n\n\n<p>\u201cLa actividad se fren\u00f3 en seco y dej\u00f3 de crecer la econom\u00eda y dej\u00f3 de crecer el salario. Si la gente tiene una sensaci\u00f3n de frustraci\u00f3n en los \u00faltimos seis meses no es casualidad, es el efecto de haber destrozado el capital de trabajo. Hoy todo eso se est\u00e1 reconstituyendo, el cr\u00e9dito empez\u00f3 a crecer nuevamente, en marzo la econom\u00eda parece haber mostrado los peores n\u00fameros y en abril empieza a mostrar signos de recuperaci\u00f3n, se puede ver mirando la recaudaci\u00f3n\u201d, comenz\u00f3.<\/p>\n\n\n\n<p>Y ratific\u00f3 el rumbo: \u201cNo nos vamos a apartar un \u00e1pice de nuestra ortodoxia. No vamos a dejar de mirar la evidencia emp\u00edrica\u201d.<\/p>\n\n\n\n<p>\u201cLo peor ya pas\u00f3 a pesar del ataque violento de la pol\u00edtica que no se pudo llevar puesto el programa, y que adem\u00e1s la gente apoy\u00f3 en las elecciones. Los datos est\u00e1n mostrando que somos el mejor gobierno de la historia a pesar de que no le guste a la Izquierda. La cantidad de empleo subi\u00f3. Cayeron los formales y crecieron los informales. La econom\u00eda cre\u00f3 empleos, son informales, mandamos la ley de modernizaci\u00f3n laboral para que sean absorbidos\u201d, continu\u00f3.<\/p>\n\n\n\n<p><\/p>\n\n\n\n<p class=\"has-medium-font-size\"><strong>Milei defendi\u00f3 el rumbo econ\u00f3mico y lanz\u00f3 duras cr\u00edticas a la oposici\u00f3n<\/strong><\/p>\n\n\n\n<p>Ademas, dijo que \u201ces mentira que se destruyen puestos de trabajo\u201d y que \u201clos salarios que verdaderamente se est\u00e1n desplomando son los del sector p\u00fablico\u201d. Sobre esto, expres\u00f3: \u201c\u00bfSaben al que peor le fue con esta econom\u00eda en t\u00e9rminos reales? A mi, que fui el \u00fanico que no se subi\u00f3 el sueldo. De hecho, soy el presidente que menos gana en Am\u00e9rica\".<\/p>\n\n\n\n<p>Sobre la generaci\u00f3n de empleo en el sector privado, advirti\u00f3: \u201cEst\u00e1 pr\u00e1cticamente empatada. Los no registrado vienen ganando por goleada, por eso crece. No les sorprende c\u00f3mo florece la econom\u00eda del conocimiento. Ahora se exporta 10 mil millones de d\u00f3lares cuando antes no se exportaba nada. Es deshonesto omitir el dato de los no registrados cuando son m\u00e1s de la mitad de los que trabajan\u201d.<\/p>\n\n\n\n<p>\u201cNo nos dejemos psicopatear por los kukas, no les demos lugar para que vuelvan, no les voy a dejar pasar nada del discurso mentiroso que tienen\u201d, sentenci\u00f3.<\/p>\n\n\n\n<p>Milei tambi\u00e9n dijo que el consumo est\u00e1 en un \u201cpico hist\u00f3rico\u201d porque \u201ccambi\u00f3 la forma en que se consume\u201d. Aqu\u00ed se refiri\u00f3 a las compras en plataformas digitales y nombr\u00f3 a Mercado Libre: \u201c\u00bfPor qu\u00e9 no miran el balance y ven lo que est\u00e1 pasando con otras formas de consumo que est\u00e1n volando? \u00bfNo ser\u00e1 que est\u00e1 cambiando la forma de consumo?\u201c.<\/p>\n\n\n\n<p>El otro punto que el jefe de Estado intent\u00f3 refutar fue el del atraso cambiario: \u201cEs otra mentira. Es el atraso cambiario m\u00e1s loco del mundo, vamos a llegar a 100 mil millones de d\u00f3lares de exportaciones. El an\u00e1lisis del atraso cambiario mirando s\u00f3lo el tipo de cambio real es muy precario. Si viene el diluvio universal el ticket del arca se llama d\u00f3lares. Si hay confianza en la moneda, tiende a apreciarse\u201d.<\/p>\n\n\n\n<p>Y a\u00f1adi\u00f3: \u201cAdem\u00e1s omiten un peque\u00f1o dato: hicimos una correcci\u00f3n de 15 puntos del PBI. Claramente va a generar una moneda m\u00e1s apreciada. Si a eso se suma el RIGI, el shock exportador, el campo, el gas, es obvio que los d\u00f3lares nos van a salir por las orejas y la moneda se va a apreciar. A los que est\u00e1n pataleando les preguntamos entonces qu\u00e9 hay que hacer\".<\/p>\n\n\n\n<p>Sobre el final volvi\u00f3 a arremeter contra los empresarios Javier Madanes Quintanilla, de FATE y Aluar, y Paolo Rocca, de Techint: \u201c\u00bfPor qu\u00e9 yo deber\u00eda beneficiar a tres corruptos ineficientes en contra de 48 millones de argentinos? \u00bfO acaso es justo pagar los neum\u00e1ticos 4 veces m\u00e1s caros? \u00bfO acaso es justo pagar los tubos de acero tres veces m\u00e1s caros? Me parece que no\".<\/p>\n\n\n\n<p>\u201cS\u00e1lvador Di Stefano dijo \u2018vieron que ahora todo el mundo come huevos\u2019. La pregunta es \u00bfa los huevos le ponen mermelada en la tostada? No. \u00bfEst\u00e1n mandando a la quiebra a los productores de mermelada? \u00bfPor qu\u00e9 si le pasa al productor de mermelada nadie se queja pero si le pasa a Don Chatarr\u00edn todo el mundo pone el grito en el cielo? \u00bfPorque tiene m\u00e1s poder?\u201c.<\/p>\n","protected":false},"excerpt":{"rendered":"<p>En la Fundaci\u00f3n Libertad, el Presidente repudi\u00f3 \u201cel intento de asesinato\u201d contra Donald Trump y lo vincul\u00f3 a la Izquerida. Luego hizo una fuerte defensa a su plan econ\u00f3mico, dijo que la inflaci\u00f3n bajar\u00e1 y ratific\u00f3: \u201cNo nos vamos a apartar un \u00e1pice de nuestra ortodoxia\u201d. Javier Milei inici\u00f3 su discurso en la Fundaci\u00f3n Libertad [&hellip;]<\/p>\n","protected":false},"author":49,"featured_media":441414,"comment_status":"open","ping_status":"open","sticky":false,"template":"","format":"standard","meta":{"_stopmodifiedupdate":false,"_modified_date":"","inline_featured_image":false,"spay_email":"","jetpack_publicize_message":""},"categories":[2,501],"tags":[],"jetpack_featured_media_url":"https:\/\/notinor.com\/jujuy\/wp-content\/uploads\/2026\/04\/javier-milei-3.jpg","jetpack_publicize_connections":[],"_links":{"self":[{"href":"https:\/\/notinor.com\/jujuy\/wp-json\/wp\/v2\/posts\/441413"}],"collection":[{"href":"https:\/\/notinor.com\/jujuy\/wp-json\/wp\/v2\/posts"}],"about":[{"href":"https:\/\/notinor.com\/jujuy\/wp-json\/wp\/v2\/types\/post"}],"author":[{"embeddable":true,"href":"https:\/\/notinor.com\/jujuy\/wp-json\/wp\/v2\/users\/49"}],"replies":[{"embeddable":true,"href":"https:\/\/notinor.com\/jujuy\/wp-json\/wp\/v2\/comments?post=441413"}],"version-history":[{"count":1,"href":"https:\/\/notinor.com\/jujuy\/wp-json\/wp\/v2\/posts\/441413\/revisions"}],"predecessor-version":[{"id":441415,"href":"https:\/\/notinor.com\/jujuy\/wp-json\/wp\/v2\/posts\/441413\/revisions\/441415"}],"wp:featuredmedia":[{"embeddable":true,"href":"https:\/\/notinor.com\/jujuy\/wp-json\/wp\/v2\/media\/441414"}],"wp:attachment":[{"href":"https:\/\/notinor.com\/jujuy\/wp-json\/wp\/v2\/media?parent=441413"}],"wp:term":[{"taxonomy":"category","embeddable":true,"href":"https:\/\/notinor.com\/jujuy\/wp-json\/wp\/v2\/categories?post=441413"},{"taxonomy":"post_tag","embeddable":true,"href":"https:\/\/notinor.com\/jujuy\/wp-json\/wp\/v2\/tags?post=441413"}],"curies":[{"name":"wp","href":"https:\/\/api.w.org\/{rel}","templated":true}]}}