{"id":441404,"date":"2026-04-27T16:09:31","date_gmt":"2026-04-27T19:09:31","guid":{"rendered":"https:\/\/notinor.com\/jujuy\/?p=441404"},"modified":"2026-04-27T16:09:33","modified_gmt":"2026-04-27T19:09:33","slug":"el-gobernador-encabezo-la-conmemoracion-del-205o-aniversario-de-la-batalla-de-leon","status":"publish","type":"post","link":"https:\/\/notinor.com\/jujuy\/el-gobernador-encabezo-la-conmemoracion-del-205o-aniversario-de-la-batalla-de-leon\/","title":{"rendered":"El gobernador encabez\u00f3 la conmemoraci\u00f3n del 205\u00ba aniversario de la Batalla de Le\u00f3n"},"content":{"rendered":"\n<p class=\"has-medium-font-size\"><strong><em>La ceremonia, desarrollada en Le\u00f3n, record\u00f3 la heroica victoria de los gauchos juje\u00f1os frente a las fuerzas realistas el 27 de abril de 1821, un hito fundamental en las guerras de independencia conocido popularmente como el \"D\u00eda Grande de Jujuy\".<\/em><\/strong><\/p>\n\n\n\n<p><\/p>\n\n\n<div class=\"wp-block-image\">\n<figure class=\"aligncenter size-full\"><img decoding=\"async\" loading=\"lazy\" width=\"800\" height=\"450\" src=\"https:\/\/notinor.com\/jujuy\/wp-content\/uploads\/2026\/04\/dia-grande-de-jujuy.jpg\" alt=\"\" class=\"wp-image-441405\" srcset=\"https:\/\/notinor.com\/jujuy\/wp-content\/uploads\/2026\/04\/dia-grande-de-jujuy.jpg 800w, https:\/\/notinor.com\/jujuy\/wp-content\/uploads\/2026\/04\/dia-grande-de-jujuy-649x365.jpg 649w, https:\/\/notinor.com\/jujuy\/wp-content\/uploads\/2026\/04\/dia-grande-de-jujuy-500x280.jpg 500w, https:\/\/notinor.com\/jujuy\/wp-content\/uploads\/2026\/04\/dia-grande-de-jujuy-768x432.jpg 768w, https:\/\/notinor.com\/jujuy\/wp-content\/uploads\/2026\/04\/dia-grande-de-jujuy-750x422.jpg 750w\" sizes=\"(max-width: 800px) 100vw, 800px\" \/><\/figure><\/div>\n\n\n<p><\/p>\n\n\n\n<p>En una jornada marcada por el fervor patri\u00f3tico y el reconocimiento hist\u00f3rico, el gobernador de la provincia, Carlos Sadir, encabez\u00f3 este lunes los actos centrales por el 205\u00ba aniversario de la Batalla de Le\u00f3n.<\/p>\n\n\n\n<p>En ese marco, el mandatario destac\u00f3 la importancia de mantener viva la memoria de aquellos paisanos que, bajo el mando del coronel Jos\u00e9 Ignacio Gorriti, lograron derrotar a las tropas realistas del coronel Juan Guillermo Marquiegui.<\/p>\n\n\n\n<p>\"Es una manera de honrar su memoria y acompa\u00f1ar a toda la comunidad de Le\u00f3n. Es un d\u00eda muy importante porque se trata de una gesta libertadora que hoy nos permite disfrutar de esta Argentina\", expres\u00f3 el gobernador.<\/p>\n\n\n\n<p>Sadir subray\u00f3 adem\u00e1s la particularidad hist\u00f3rica de la regi\u00f3n, recordando que, incluso despu\u00e9s de la Declaraci\u00f3n de la Independencia, el territorio juje\u00f1o continu\u00f3 siendo un escenario de combate crucial para sostener la integridad nacional frente al avance espa\u00f1ol.<\/p>\n\n\n\n<p><\/p>\n\n\n\n<p class=\"has-medium-font-size\"><strong>Presencias institucionales y autoridades<\/strong><\/p>\n\n\n\n<p>La conmemoraci\u00f3n cont\u00f3 con una amplia representaci\u00f3n de los tres poderes del Estado y diversas instituciones civiles, destac\u00e1ndose entre las autoridades presentes el vicepresidente de la Corte Suprema de Justicia, Mariano Miranda, y la jueza Mar\u00eda Mercedes Arias, por el Poder Judicial.<\/p>\n\n\n\n<p>Representando al Gabinete Provincial, asistieron los ministros Normando \u00c1lvarez Garc\u00eda, de Gobierno, Justicia, Trabajo y Derechos Humanos; Daniela Teseira, de Educaci\u00f3n; y Marta Russo Arriola, de Desarrollo Humano; junto al intendente de Yala, Santiago Tiz\u00f3n. Asimismo, participaron del evento funcionarios legislativos, jefes de fuerzas de seguridad nacional y provincial, y autoridades militares.<\/p>\n\n\n\n<p><\/p>\n\n\n\n<p class=\"has-medium-font-size\"><strong>Desfile c\u00edvico, militar y gaucho<\/strong><\/p>\n\n\n\n<p>Tras las alocuciones oficiales, la localidad de Le\u00f3n fue escenario del tradicional desfile que reuni\u00f3 a la comunidad educativa y civil. Participaron alumnos de instituciones de Le\u00f3n, Yala, Lozano y San Salvador, quienes marcharon junto a efectivos de las fuerzas armadas y de seguridad.<\/p>\n\n\n\n<p>El cierre de la jornada estuvo protagonizado por las asociaciones gauchas, cuyo paso reafirm\u00f3 el v\u00ednculo cultural y el legado de los hombres y mujeres que, hace m\u00e1s de dos siglos, defendieron la soberan\u00eda en las tierras del norte argentino.<\/p>\n","protected":false},"excerpt":{"rendered":"<p>La ceremonia, desarrollada en Le\u00f3n, record\u00f3 la heroica victoria de los gauchos juje\u00f1os frente a las fuerzas realistas el 27 de abril de 1821, un hito fundamental en las guerras de independencia conocido popularmente como el \"D\u00eda Grande de Jujuy\". En una jornada marcada por el fervor patri\u00f3tico y el reconocimiento hist\u00f3rico, el gobernador de [&hellip;]<\/p>\n","protected":false},"author":49,"featured_media":441405,"comment_status":"open","ping_status":"open","sticky":false,"template":"","format":"standard","meta":{"_stopmodifiedupdate":false,"_modified_date":"","inline_featured_image":false,"spay_email":"","jetpack_publicize_message":""},"categories":[2,4,514],"tags":[],"jetpack_featured_media_url":"https:\/\/notinor.com\/jujuy\/wp-content\/uploads\/2026\/04\/dia-grande-de-jujuy.jpg","jetpack_publicize_connections":[],"_links":{"self":[{"href":"https:\/\/notinor.com\/jujuy\/wp-json\/wp\/v2\/posts\/441404"}],"collection":[{"href":"https:\/\/notinor.com\/jujuy\/wp-json\/wp\/v2\/posts"}],"about":[{"href":"https:\/\/notinor.com\/jujuy\/wp-json\/wp\/v2\/types\/post"}],"author":[{"embeddable":true,"href":"https:\/\/notinor.com\/jujuy\/wp-json\/wp\/v2\/users\/49"}],"replies":[{"embeddable":true,"href":"https:\/\/notinor.com\/jujuy\/wp-json\/wp\/v2\/comments?post=441404"}],"version-history":[{"count":1,"href":"https:\/\/notinor.com\/jujuy\/wp-json\/wp\/v2\/posts\/441404\/revisions"}],"predecessor-version":[{"id":441406,"href":"https:\/\/notinor.com\/jujuy\/wp-json\/wp\/v2\/posts\/441404\/revisions\/441406"}],"wp:featuredmedia":[{"embeddable":true,"href":"https:\/\/notinor.com\/jujuy\/wp-json\/wp\/v2\/media\/441405"}],"wp:attachment":[{"href":"https:\/\/notinor.com\/jujuy\/wp-json\/wp\/v2\/media?parent=441404"}],"wp:term":[{"taxonomy":"category","embeddable":true,"href":"https:\/\/notinor.com\/jujuy\/wp-json\/wp\/v2\/categories?post=441404"},{"taxonomy":"post_tag","embeddable":true,"href":"https:\/\/notinor.com\/jujuy\/wp-json\/wp\/v2\/tags?post=441404"}],"curies":[{"name":"wp","href":"https:\/\/api.w.org\/{rel}","templated":true}]}}