{"id":441398,"date":"2026-04-27T12:27:19","date_gmt":"2026-04-27T15:27:19","guid":{"rendered":"https:\/\/notinor.com\/jujuy\/?p=441398"},"modified":"2026-04-27T12:27:21","modified_gmt":"2026-04-27T15:27:21","slug":"el-dia-grande-de-jujuy-y-de-nuestra-independencia","status":"publish","type":"post","link":"https:\/\/notinor.com\/jujuy\/el-dia-grande-de-jujuy-y-de-nuestra-independencia\/","title":{"rendered":"El D\u00eda Grande de Jujuy y de nuestra Independencia"},"content":{"rendered":"\n<p class=\"has-medium-font-size\"><strong><em>El pueblo juje\u00f1o enfrenta a los invasores realistas en la batalla de Le\u00f3n<\/em>.<\/strong><\/p>\n\n\n\n<p><strong>Por Jorge Delf\u00edn Calvetti<\/strong><\/p>\n\n\n\n<p><\/p>\n\n\n<div class=\"wp-block-image\">\n<figure class=\"aligncenter size-full\"><img decoding=\"async\" loading=\"lazy\" width=\"800\" height=\"450\" src=\"https:\/\/notinor.com\/jujuy\/wp-content\/uploads\/2026\/04\/batalla-de-leon.jpg\" alt=\"\" class=\"wp-image-441399\" srcset=\"https:\/\/notinor.com\/jujuy\/wp-content\/uploads\/2026\/04\/batalla-de-leon.jpg 800w, https:\/\/notinor.com\/jujuy\/wp-content\/uploads\/2026\/04\/batalla-de-leon-649x365.jpg 649w, https:\/\/notinor.com\/jujuy\/wp-content\/uploads\/2026\/04\/batalla-de-leon-500x280.jpg 500w, https:\/\/notinor.com\/jujuy\/wp-content\/uploads\/2026\/04\/batalla-de-leon-768x432.jpg 768w, https:\/\/notinor.com\/jujuy\/wp-content\/uploads\/2026\/04\/batalla-de-leon-750x422.jpg 750w\" sizes=\"(max-width: 800px) 100vw, 800px\" \/><\/figure><\/div>\n\n\n<p><\/p>\n\n\n\n<p>En el a\u00f1o 1821 cuando los conflictos en el pa\u00eds recrudecieron, Mart\u00edn Miguel de G\u00fcemes s\u00e9 concentr\u00f3 en una lucha interna contra el gobernador de Tucum\u00e1n, Bernab\u00e9 Ar\u00e1oz, que ten\u00eda como uno de los jefes de su tropa al humahuaque\u00f1o Manuel Eduardo Arias, desobedeciendo la orden de San Mart\u00edn de avanzar hacia el Alto Per\u00fa.<\/p>\n\n\n\n<p>Sosteniendo que Ar\u00e1oz apoyaba a los espa\u00f1oles, el caudillo norte\u00f1o movilizo sus tropas para enfrentarlo en las batallas de Trancas, Acequiones y Rinc\u00f3n de Marlopa. G\u00fcemes, que no particip\u00f3 de los combates fue derrotado y, desmoralizado, volvi\u00f3 a Salta para perseguir a quienes se hab\u00edan revelado contra su gobierno, provocando que varias familias salte\u00f1as buscaran auxilio en Tucum\u00e1n y Jujuy, donde fueron bien recibidas. &nbsp;<\/p>\n\n\n\n<p>El historiador salte\u00f1o Bernardo Fr\u00edas, al referirse al hecho, se\u00f1al\u00f3:&nbsp;\"quizo esta vez reprimir m\u00e1s seriamente la obsecaci\u00f3n de sus adversarios; y notando en estos que los hombres del comercio hab\u00edan sido quienes por esta vez hab\u00edan formado lo principal y m\u00e1s arrojado del movimiento, determin\u00f3 para su castigo, dar licencia a sus gauchos (Los Infernales) para que entraran al saqueo de las tiendas y casas de sus conocidos enemigos\".<\/p>\n\n\n\n<p>Por su parte, Jos\u00e9 Ignacio Gorriti, general juje\u00f1o que hab\u00eda quedado a cargo de la Gobernaci\u00f3n de Salta durante la campa\u00f1a a Tucum\u00e1n, fue convocado de manera urgente por el Cabildo juje\u00f1o ante la amenaza de una nueva invasi\u00f3n realista.<\/p>\n\n\n\n<p>En este contexto, los espa\u00f1oles, dirigidos por el general Pedro Antonio de Ola\u00f1eta, vieron la posibilidad de una nueva oportunidad y avanzaron por el norte, desde el 10 de marzo, con las dificultades que les causaban los ataques padecidos por los gauchos quebrade\u00f1os al mando del coronel Manuel \u00c1lvarez Prado, en Humahuaca, Laguna Colorada, San Lucas, Valle Grande, Uqu\u00eda y Tilcara.<\/p>\n\n\n\n<p>Los juje\u00f1os Guillermo y Felipe Marquiegui, cu\u00f1ados de Ola\u00f1eta a cargo de la vanguardia espa\u00f1ola, invadieron la ciudad de San Salvador de Jujuy el 15 de abril de 1821. Ante la hostilidad del pueblo, los hermanos decidieron retroceder hasta la localidad de Le\u00f3n, donde esperar\u00edan a las tropas realistas que avanzaban con m\u00e1s de 3000 soldados que se encontraban en las cercan\u00edas de Tumbaya, a unos 25 kil\u00f3metros, aproximadamente.<\/p>\n\n\n\n<p>Gorriti convoc\u00f3 a los jefes gauchos que no hab\u00edan acompa\u00f1ado a G\u00fcemes en su lucha contra Araoz, delegando el mando en el Cabildo, para hacerse cargo de las escasas tropas pr\u00f3ximas a la ciudad, sumando, tambi\u00e9n, a gauchos de Palpal\u00e1, Los Alisos y Perico. As\u00ed, el 27 de abril, atacaron y sorprendieron a los invasores que se encontraban descansando en el pueblo de Le\u00f3n.<\/p>\n\n\n\n<p>El combate se inici\u00f3 en la madrugada y se desarroll\u00f3 durante todo el d\u00eda. Como resultado las tropas juje\u00f1as tomaron prisioneros a los hermanos Marquiegui y a cuatro jefes, doce oficiales y a m\u00e1s de cuatrocientos soldados; tambi\u00e9n, el ej\u00e9rcito realista perdi\u00f3 armamentos y cabalgaduras. &nbsp;Entre los oficiales que participaron de este combate, bajo las \u00f3rdenes de Gorriti, se destacaron Agust\u00edn D\u00e1vila, Eustaquio Medina, Jos\u00e9 &nbsp;Mariano Iturbe, Francisco Pastor, Domingo de Iriarte, &nbsp;entre otros. Parad\u00f3gicamente, Iriarte, con el grado de Comandante General &nbsp;de Avanzadas, participa del combate de Tumusla donde es muerto Ola\u00f1eta en 1824.<\/p>\n\n\n\n<p>El sacerdote Juan Ignacio Gorriti, hermano de Jos\u00e9, que bendijo por primera vez la Bandera Argentina en manos de Belgrano, se\u00f1al\u00f3 que tambi\u00e9n se recuper\u00f3 \u201ctodo el ganado vacuno que hab\u00eda robado desde Ocloyas y eran 1000 cabezas de ganado vacuno y considerable cantidad de caballos, yeguas, etc\u00e9tra, que todo fue restituido a sus due\u00f1os\u201d.<\/p>\n\n\n\n<p>Enterado de la derrota de sus cu\u00f1ados, Ola\u00f1eta planific\u00f3 un ataque por la Quebrada de Tiraxi para sorprender por la retaguardia a Gorriti y as\u00ed poder recuperar a su tropa. El general juje\u00f1o, conociendo los planes del espa\u00f1ol, amenaz\u00f3 con fusilar a los Marquiegui y al resto de los prisioneros, provocando el retiro inmediato de los realistas a la localidad de Mojos en Bolivia. La esposa de Ola\u00f1eta, Pepita Marquiegui, seg\u00fan se\u00f1al\u00f3 Frias, \u201cpla\u00f1\u00eda a su o\u00eddo a toda hora reclamando salvara a sus hermanos que yac\u00edan prisioneros y heridos\u201d, ya que Guillermo, adem\u00e1s de encontrarse cautivo, hab\u00eda perdido un brazo en batalla y se encontraba en apariencia moribundo.<\/p>\n\n\n\n<p>Lo destacado de esta batalla, tambi\u00e9n, fue la participaci\u00f3n del pueblo juje\u00f1o y de los emigrados salte\u00f1os que participaron del combate en reemplazo de las tropas regladas que, dejando desprotegida la ciudad, fueron trasladadas a Salta para acompa\u00f1ar al ej\u00e9rcito de G\u00fcemes. Tambi\u00e9n hay que resaltar la labor desempe\u00f1ada por el coronel \u00c1lvarez Prado y sus gauchos, que, con sus constantes ataques, retrasaron el avance de Ola\u00f1eta impidiendo que se uniera con sus cu\u00f1ados. Sin esta ayuda, hubiese sido imposible que Gorriti se enfrentase a la vanguardia espa\u00f1ola que estaba a punto de recibir el apoyo de los 3.000 soldados del ej\u00e9rcito espa\u00f1ol.<\/p>\n\n\n\n<p>El historiador Emilio Bidondo describi\u00f3 el D\u00eda Grande de Jujuy resaltando:&nbsp;\" es el resultado espont\u00e1neo, individual y colectivo de la voluntad de un pueblo que, abandonado por el poder central, envuelto en la vor\u00e1gine de la guerra civil, sin recursos, diezmado por a\u00f1os de continuo batallar, resuelve afrontar la dura empresa de la lucha contra los enemigos de la libertad y sale triunfante de las pruebas a las que se somete. Este es un digno ejemplo para las generaciones posteriores\".<\/p>\n\n\n\n<p>M\u00e1s adelante, Bidondo se\u00f1al\u00f3: \"en medio de las luchas intestinas, Jujuy saca fuerzas de donde no hay nada, e impulsado por el esp\u00edritu de la Revoluci\u00f3n, bate a tropas regulares veteranas, con milicias, hombres, mujeres y ni\u00f1os. Tal es la raz\u00f3n por la cual esta acci\u00f3n (una m\u00e1s del centenar libradas en esta provincia) merece pasar a la historia con el nobil\u00edsimo t\u00edtulo del \u2019D\u00eda Grande de Jujuy\u2019,&nbsp;aunque, a mi parecer, no solo es un d\u00eda grande para la provincia, sino para nuestra Independencia\".<\/p>\n\n\n\n<p>En Yavi, Ola\u00f1eta dej\u00f3 un destacamento de 300 hombres a cargo del comandante Jos\u00e9 Mar\u00eda \u2018Barbarucho\u2019 Valdez. En Mojos, los espa\u00f1oles esperaron un recrudecimiento del conflicto entre Salta y Tucum\u00e1n, lo que les brindar\u00eda una nueva oportunidad para invadir el norte argentino.<\/p>\n\n\n\n<p><\/p>\n\n\n\n<p class=\"has-medium-font-size\"><strong>Las consecuencias<\/strong><\/p>\n\n\n\n<p>No debemos quedarnos solo con este triunfo, sino que tenemos que analizar las consecuencias que tuvo para el futuro de nuestro pa\u00eds.<\/p>\n\n\n\n<p>\u2018Barbarucho\u2019 Valdez ten\u00eda como misi\u00f3n recuperar a los hermanos Marquiegui y al resto de las tropas que se encontraban en manos de los juje\u00f1os. El plan era bajar por el camino del \u2018despoblado\u2019, ingresar desde Purmamarca a San Salvador y recuperar a los prisioneros. Al enterarse que Gorriti hab\u00eda trasladado a los cautivos a Salta, continu\u00f3 por el antiguo camino hasta toparse con Mariano Ben\u00edtez, un comerciante espa\u00f1ol que hu\u00eda de los maltratos de G\u00fcemes y al que seguramente conoc\u00eda, ya que ambos residieron en Salta antes de 1810. \u00c9ste le cont\u00f3 sobre el caos que se viv\u00eda en la ciudad de Salta y planificaron caer por sorpresa a las tropas patriotas.<\/p>\n\n\n\n<p>El 7 de junio de 1821, Gorriti aisl\u00f3 a los prisioneros en una finca salte\u00f1a propiedad de la familia Costas. Por su parte, Vald\u00e9z descendi\u00f3 de \u2018las cumbres del cerro Nevado\u2019, pasando por la Quebrada de los Yacones hasta llegar al Campo de la Cruz, lugar donde Belgrano triunf\u00f3 en la Batalla de Salta, sorprendiendo y atentando contra G\u00fcemes en el \u201cpuente que daba paso al tagarete de tineo\u201d, en el centro salte\u00f1o.<\/p>\n\n\n\n<p>Bernardo Fr\u00edas relat\u00f3 que Vald\u00e9z pudo herir mortalmente a G\u00fcemes al penetrarlo con una bala en el \u201cespinazo por la parte inferior y desgarr\u00e1ndole la ingle derecha\u201d. Cuenta &nbsp;Juana Manuela Gorriti que su padre (Jos\u00e9 Ignacio) le relat\u00f3 que se hallaban con G\u00fcemes y Whit en El Chamical, cuando arrib\u00f3 un mensajero que dijo venir de parte de su hermana y que lo necesitaba de forma urgente para \u201ccomunicarle noticias de la m\u00e1s alta importancia\u201d.<\/p>\n\n\n\n<p>G\u00fcemes acudi\u00f3 en forma inmediata y al llegar a Salta y al entrevistarse con ella, le dijo sorprendida que no lo hab\u00eda convocado. En ese &nbsp;instante se dieron cuenta de la celada. Junto a su escolta se enfrentaron a los godos, que ya hab\u00edan rodeado la manzana, logrando pasar, solo el, el cerco que le hab\u00edan tendido, pero \u201cuna de las mil balas que destrozaron sus vestidos, su sombrero y hasta los tiros de su espada, hab\u00eda atravesado su cuerpo\u201d. &nbsp;<\/p>\n\n\n\n<p>El pr\u00f3cer de la independencia fue trasladado a la Estancia de la Cruz, que era de su propiedad, donde junto a Whit \u201clo recibimos al amanecer, p\u00e1lido, cubierto de sangre, casi ex\u00e1nime\u201d, mientras le realizaban las primeras curaciones se\u00f1ala Gorriti. Continuando con su relato, destaca, que en un momento cuando estuvieron solos, junto a Whit les dijo \u201ctraigo la muerte en m\u00ed seno; pero no es ella la que en este momento me aqueja, sino la idea de abandonar la vida sin haber cumplido la promesa de libertad que hice a la Patria\u201d, mientras afuera solo se sent\u00eda el llanto de sus Infernales.<\/p>\n\n\n\n<p>Ola\u00f1eta, al enterarse, retorn\u00f3 presuroso y tom\u00f3 posesi\u00f3n de Jujuy y Salta el 22 de junio de 1821. Poco despu\u00e9s, el general espa\u00f1ol asumi\u00f3 la gobernaci\u00f3n de Salta sin el apoyo del pueblo, ni de Bernab\u00e9 Ar\u00e1oz, ni de Manuel Eduardo Arias, hundiendo las teor\u00edas que los se\u00f1alaban como colaboradores de los realistas. Los deseos de Ola\u00f1eta, ante el descontento popular, se fueron esfumando y negoci\u00f3 el retiro de su ej\u00e9rcito a cambio de la vida de los hermanos Marquiegui y del resto de los prisioneros.<\/p>\n\n\n\n<p>G\u00fcemes, antes de morir, hab\u00eda designado al coronel Jorge Enrique Vidt o Whit al frente de las tropas que lo acompa\u00f1aban. Sin embargo, esta solicitud no se cumpli\u00f3 y el coronel Antonio Fern\u00e1ndez Cornejo, uno de los que hab\u00edan provocado la destituci\u00f3n de G\u00fcemes como gobernador, fue elegido por unanimidad comandante de las tropas patriotas y siti\u00f3 Salta para provocar la ca\u00edda de Ola\u00f1eta. El 14 de julio de 1821 se firm\u00f3 un armisticio en el cabildo salte\u00f1o entre los representantes de Fern\u00e1ndez Cornejo, flamante gobernador, y los representantes de Ola\u00f1eta, que se hab\u00eda retirado a Tupiza (Bolivia).<\/p>\n\n\n\n<p>Entre los puntos destacados se resalt\u00f3 que \u201ctodos los prisioneros ser\u00e1n canjeados, en lo posible, dentro de los ocho d\u00edas\u201d y se retirar\u00e1n hacia el norte siendo la frontera el pueblo de Purmamarca. La duraci\u00f3n del armisticio era de cuatro meses. De no haber tomado prisioneros en la Batalla de Le\u00f3n a los Marquiegui, cu\u00f1ados del general espa\u00f1ol, como as\u00ed tambi\u00e9n a los oficiales y soldados, otro hubiese sido el destino de Salta y Jujuy.<\/p>\n\n\n\n<p>Por otra parte, hay que se\u00f1alar que el presidente del Tucum\u00e1n, Bernab\u00e9 Araoz, con la promesa de continuar sumando tropas, envi\u00f3 cuatrocientos soldados al mando del coronel Eduardo Arias para combatir a los espa\u00f1oles. Estas no entraron en combate por la firma del armisticio. Saturnino Saravia, entonces, al mando del gobierno de Salta, resalt\u00f3 \u201cse considera por ahora inoficiosa la salida de las tropas de esa rep\u00fablica, al menos hasta el resultado que tuviesen los nuevos tratados\u201d.<\/p>\n\n\n\n<p>Luego del retiro, los espa\u00f1oles no regresaron a Salta, aunque continuaron atacando Jujuy hasta 1824, cuando se produjo la muerte del general Don Pedro Antonio de Ola\u00f1eta en Tumusla (Bolivia).<\/p>\n\n\n\n<p><strong>*Fragmento del libro \u201c\u00bfG\u00fcemes es juje\u00f1o?\u201d, a\u00f1o 2023.<\/strong><\/p>\n","protected":false},"excerpt":{"rendered":"<p>El pueblo juje\u00f1o enfrenta a los invasores realistas en la batalla de Le\u00f3n. Por Jorge Delf\u00edn Calvetti En el a\u00f1o 1821 cuando los conflictos en el pa\u00eds recrudecieron, Mart\u00edn Miguel de G\u00fcemes s\u00e9 concentr\u00f3 en una lucha interna contra el gobernador de Tucum\u00e1n, Bernab\u00e9 Ar\u00e1oz, que ten\u00eda como uno de los jefes de su tropa [&hellip;]<\/p>\n","protected":false},"author":49,"featured_media":441399,"comment_status":"open","ping_status":"open","sticky":false,"template":"","format":"standard","meta":{"_stopmodifiedupdate":false,"_modified_date":"","inline_featured_image":false,"spay_email":"","jetpack_publicize_message":""},"categories":[2,514,13],"tags":[],"jetpack_featured_media_url":"https:\/\/notinor.com\/jujuy\/wp-content\/uploads\/2026\/04\/batalla-de-leon.jpg","jetpack_publicize_connections":[],"_links":{"self":[{"href":"https:\/\/notinor.com\/jujuy\/wp-json\/wp\/v2\/posts\/441398"}],"collection":[{"href":"https:\/\/notinor.com\/jujuy\/wp-json\/wp\/v2\/posts"}],"about":[{"href":"https:\/\/notinor.com\/jujuy\/wp-json\/wp\/v2\/types\/post"}],"author":[{"embeddable":true,"href":"https:\/\/notinor.com\/jujuy\/wp-json\/wp\/v2\/users\/49"}],"replies":[{"embeddable":true,"href":"https:\/\/notinor.com\/jujuy\/wp-json\/wp\/v2\/comments?post=441398"}],"version-history":[{"count":1,"href":"https:\/\/notinor.com\/jujuy\/wp-json\/wp\/v2\/posts\/441398\/revisions"}],"predecessor-version":[{"id":441400,"href":"https:\/\/notinor.com\/jujuy\/wp-json\/wp\/v2\/posts\/441398\/revisions\/441400"}],"wp:featuredmedia":[{"embeddable":true,"href":"https:\/\/notinor.com\/jujuy\/wp-json\/wp\/v2\/media\/441399"}],"wp:attachment":[{"href":"https:\/\/notinor.com\/jujuy\/wp-json\/wp\/v2\/media?parent=441398"}],"wp:term":[{"taxonomy":"category","embeddable":true,"href":"https:\/\/notinor.com\/jujuy\/wp-json\/wp\/v2\/categories?post=441398"},{"taxonomy":"post_tag","embeddable":true,"href":"https:\/\/notinor.com\/jujuy\/wp-json\/wp\/v2\/tags?post=441398"}],"curies":[{"name":"wp","href":"https:\/\/api.w.org\/{rel}","templated":true}]}}