{"id":441395,"date":"2026-04-27T11:03:09","date_gmt":"2026-04-27T14:03:09","guid":{"rendered":"https:\/\/notinor.com\/jujuy\/?p=441395"},"modified":"2026-04-27T11:03:10","modified_gmt":"2026-04-27T14:03:10","slug":"papa-leon-xiv-a-argentina-peru-y-uruguay-el-cardenal-de-montevideo-estimo-el-porcentaje-de-probabilidad-del-viaje","status":"publish","type":"post","link":"https:\/\/notinor.com\/jujuy\/papa-leon-xiv-a-argentina-peru-y-uruguay-el-cardenal-de-montevideo-estimo-el-porcentaje-de-probabilidad-del-viaje\/","title":{"rendered":"Papa Le\u00f3n XIV a Argentina, Per\u00fa y Uruguay: el cardenal de Montevideo estim\u00f3 el porcentaje de probabilidad del viaje"},"content":{"rendered":"\n<p class=\"has-medium-font-size\"><strong><em>Un comentario del Sumo Pont\u00edfice en el regreso de la gira por \u00c1frica renov\u00f3 la expectativa de la Iglesia Uruguaya de una visita por la regi\u00f3n.<\/em><\/strong><\/p>\n\n\n\n<p><\/p>\n\n\n<div class=\"wp-block-image\">\n<figure class=\"aligncenter size-full\"><img decoding=\"async\" loading=\"lazy\" width=\"800\" height=\"450\" src=\"https:\/\/notinor.com\/jujuy\/wp-content\/uploads\/2026\/04\/papa-leon-XIV.jpg\" alt=\"\" class=\"wp-image-441396\" srcset=\"https:\/\/notinor.com\/jujuy\/wp-content\/uploads\/2026\/04\/papa-leon-XIV.jpg 800w, https:\/\/notinor.com\/jujuy\/wp-content\/uploads\/2026\/04\/papa-leon-XIV-649x365.jpg 649w, https:\/\/notinor.com\/jujuy\/wp-content\/uploads\/2026\/04\/papa-leon-XIV-500x280.jpg 500w, https:\/\/notinor.com\/jujuy\/wp-content\/uploads\/2026\/04\/papa-leon-XIV-768x432.jpg 768w, https:\/\/notinor.com\/jujuy\/wp-content\/uploads\/2026\/04\/papa-leon-XIV-750x422.jpg 750w\" sizes=\"(max-width: 800px) 100vw, 800px\" \/><\/figure><\/div>\n\n\n<p><\/p>\n\n\n\n<p>La llegada del papa Le\u00f3n XIV a Argentina, Per\u00fa y Uruguay en noviembre tiene un 80% de probabilidades de concretarse, estim\u00f3 este domingo el cardenal Daniel Sturla, arzobispo de Montevideo.<\/p>\n\n\n\n<p>\u201c80% que viene\u201d, dijo Sturla entrevistado en el noticiero Subrayado de Canal 10. \u201cEn noviembre, esperemos\u201d, detall\u00f3.<\/p>\n\n\n\n<p>La ilusi\u00f3n del arzobispo de Montevideo est\u00e1 dada por una respuesta del propio Le\u00f3n XIV, en su regreso a Roma tras la gira por \u00c1frica. \u201cLe preguntaron expresamente y dijo: \u2018Vamos a ver si se confirma\u2019. As\u00ed que \u00e9l mismo tiene que hacerlo\u201d, asegur\u00f3 Sturla. Agreg\u00f3 que el viaje se har\u00eda por Per\u00fa, Argentina y Uruguay, aunque esto tampoco est\u00e1 confirmado.<\/p>\n\n\n\n<p>Si bien no coment\u00f3 cu\u00e1ntos d\u00edas se extender\u00eda la gira, detall\u00f3 que la recorrida incluir\u00eda alguna visita al interior del pa\u00eds.<\/p>\n\n\n\n<p>Por su parte, entrevistado en Telemundo de Canal 12, el cardenal expres\u00f3: \u201cLa novedad es que podemos decir que en un 80% el papa viene en noviembre. Vamos a ver. Esperemos que ese 80% termine siendo un 100%\u201d.<\/p>\n\n\n\n<p>\u201cFalta que otros pa\u00edses, en los que el Papa har\u00eda la gira, tengan ya su gobierno electo y por lo tanto la invitaci\u00f3n bien concreta. Hasta ah\u00ed es d\u00f3nde yo s\u00e9 y donde espero que pronto se pueda saber\u201d, expres\u00f3.<\/p>\n\n\n\n<p>Sobre el itinerario en Uruguay, dijo que \u201chay varias propuestas\u201d para que el Papa recorra.<\/p>\n\n\n\n<p>La \u00faltima vez que el arzobispo de Montevideo se encontr\u00f3 con el papa Le\u00f3n XIV en el Vaticano, el l\u00edder de la Iglesia Cat\u00f3lica se despidi\u00f3 con una sugestiva frase: \u201cNos vemos en Uruguay\u201d. El comentario desat\u00f3 entusiasmo en los fieles cat\u00f3licos uruguayos, al tiempo que comenz\u00f3 el dise\u00f1o de un posible itinerario del pont\u00edfice. Adem\u00e1s, un grupo de legisladores se sum\u00f3 a los pedidos de visita.<\/p>\n\n\n\n<p>A su vez, lo que alienta la posibilidad es que ahora en Argentina est\u00e1n buscando un nuncio que tenga experiencia en viajes papales, seg\u00fan pudo saber Infobae. Esto luego de que el titular de la Nunciatura Apost\u00f3lica en Argentina, Miroslaw Adamczyk, arzobispo titular de Otricoli, fuera designado por el papa Le\u00f3n XIV como nuevo nuncio en Albania.<\/p>\n\n\n\n<p>Adamczyk hab\u00eda sido designado en 2020 como embajador de la iglesia en el pa\u00eds, tras el fallecimiento del congole\u00f1o Le\u00f3n Kalenga.<\/p>\n\n\n\n<p>Hay otro elemento que se suma a las consideraciones para la posible llegada del papa: las elecciones presidenciales de Per\u00fa. Seg\u00fan ha expresado Sturla en otras ocasiones, la intenci\u00f3n del pont\u00edfice es esperar a que se instale un nuevo gobierno en ese pa\u00eds \u2013en el que fue obispo durante muchos a\u00f1os.<\/p>\n\n\n\n<p>Durante la \u00faltima Semana Santa, el cardenal Sturla habl\u00f3 varias veces sobre esta posibilidad. \u201cEs muy probable que el papa visite Uruguay, junto con Argentina y Per\u00fa, a fines de noviembre o principios de diciembre\u201d, dijo, durante una rueda de prensa.\u201cDepende de muchas realidades. Entre otras, que en Per\u00fa hay elecciones este a\u00f1o. Y, por lo tanto, tendr\u00e1 que esperar a que se establezca el gobierno en Per\u00fa. El presidente (de Uruguay, Yamand\u00fa) Orsi, fue personalmente y lo invit\u00f3 en el Vaticano al Santo Padre, as\u00ed que confiamos que vendr\u00e1 este a\u00f1o\u201d, se\u00f1al\u00f3.<\/p>\n\n\n\n<p>Los viajes del papa se avisan, siempre, con seis meses de antelaci\u00f3n a los gobiernos involucrados. Por este motivo, si la visita es en noviembre, en mayo ya deber\u00eda saberse.<\/p>\n\n\n\n<p>\u00bfC\u00f3mo ser\u00eda esa visita? Sturla ha detallado que la iglesia uruguaya est\u00e1 trabajando en distintos planes para la eventual visita. La llegada del Papa incluir\u00eda instancias protocolares y pastorales. \u201cHabr\u00e1 una actividad m\u00e1s de Estado: encuentro del Papa con el gobierno, con los diplom\u00e1ticos. Siempre el Papa se encuentra con los sacerdotes consagrados y consagradas\u201d, se\u00f1al\u00f3 el arzobispo de Montevideo esa vez.<\/p>\n\n\n\n<p>Tambi\u00e9n est\u00e1 previsto que Le\u00f3n XIV celebre una misa multitudinaria. Para este caso, la Iglesia Cat\u00f3lica analiza distintos espacios que tengan una capacidad suficiente en Montevideo. Sturla manej\u00f3 como posibilidad el Estadio Centenario y la Avenida del Libertador, una de las principales de Montevideo y que llega al Palacio Legislativo.<\/p>\n","protected":false},"excerpt":{"rendered":"<p>Un comentario del Sumo Pont\u00edfice en el regreso de la gira por \u00c1frica renov\u00f3 la expectativa de la Iglesia Uruguaya de una visita por la regi\u00f3n. La llegada del papa Le\u00f3n XIV a Argentina, Per\u00fa y Uruguay en noviembre tiene un 80% de probabilidades de concretarse, estim\u00f3 este domingo el cardenal Daniel Sturla, arzobispo de [&hellip;]<\/p>\n","protected":false},"author":49,"featured_media":441396,"comment_status":"open","ping_status":"open","sticky":false,"template":"","format":"standard","meta":{"_stopmodifiedupdate":false,"_modified_date":"","inline_featured_image":false,"spay_email":"","jetpack_publicize_message":""},"categories":[2,5,13],"tags":[],"jetpack_featured_media_url":"https:\/\/notinor.com\/jujuy\/wp-content\/uploads\/2026\/04\/papa-leon-XIV.jpg","jetpack_publicize_connections":[],"_links":{"self":[{"href":"https:\/\/notinor.com\/jujuy\/wp-json\/wp\/v2\/posts\/441395"}],"collection":[{"href":"https:\/\/notinor.com\/jujuy\/wp-json\/wp\/v2\/posts"}],"about":[{"href":"https:\/\/notinor.com\/jujuy\/wp-json\/wp\/v2\/types\/post"}],"author":[{"embeddable":true,"href":"https:\/\/notinor.com\/jujuy\/wp-json\/wp\/v2\/users\/49"}],"replies":[{"embeddable":true,"href":"https:\/\/notinor.com\/jujuy\/wp-json\/wp\/v2\/comments?post=441395"}],"version-history":[{"count":1,"href":"https:\/\/notinor.com\/jujuy\/wp-json\/wp\/v2\/posts\/441395\/revisions"}],"predecessor-version":[{"id":441397,"href":"https:\/\/notinor.com\/jujuy\/wp-json\/wp\/v2\/posts\/441395\/revisions\/441397"}],"wp:featuredmedia":[{"embeddable":true,"href":"https:\/\/notinor.com\/jujuy\/wp-json\/wp\/v2\/media\/441396"}],"wp:attachment":[{"href":"https:\/\/notinor.com\/jujuy\/wp-json\/wp\/v2\/media?parent=441395"}],"wp:term":[{"taxonomy":"category","embeddable":true,"href":"https:\/\/notinor.com\/jujuy\/wp-json\/wp\/v2\/categories?post=441395"},{"taxonomy":"post_tag","embeddable":true,"href":"https:\/\/notinor.com\/jujuy\/wp-json\/wp\/v2\/tags?post=441395"}],"curies":[{"name":"wp","href":"https:\/\/api.w.org\/{rel}","templated":true}]}}