{"id":441385,"date":"2026-04-26T22:27:54","date_gmt":"2026-04-27T01:27:54","guid":{"rendered":"https:\/\/notinor.com\/jujuy\/?p=441385"},"modified":"2026-04-26T22:27:56","modified_gmt":"2026-04-27T01:27:56","slug":"colectivo-embistio-a-un-rebano-de-ovejas-en-la-quiaca","status":"publish","type":"post","link":"https:\/\/notinor.com\/jujuy\/colectivo-embistio-a-un-rebano-de-ovejas-en-la-quiaca\/","title":{"rendered":"Colectivo embisti\u00f3 a un reba\u00f1o\u00a0de ovejas en La Quiaca"},"content":{"rendered":"\n<p class=\"has-medium-font-size\"><strong><em>Durante la tarde del s\u00e1bado se produjo un ins\u00f3lito accidente sobre la Ruta Nacional 9, en inmediaciones de La Quiaca. Un colectivo que hab\u00eda partido desde la terminal se encontr\u00f3 de manera repentina con un reba\u00f1o de ovejas que cruzaba la calzada y termin\u00f3 impactando contra los animales.<\/em><\/strong><\/p>\n\n\n\n<p><\/p>\n\n\n<div class=\"wp-block-image\">\n<figure class=\"aligncenter size-full\"><img decoding=\"async\" loading=\"lazy\" width=\"800\" height=\"450\" src=\"https:\/\/notinor.com\/jujuy\/wp-content\/uploads\/2026\/04\/ovejas-colectivo-ruta.jpg\" alt=\"\" class=\"wp-image-441386\" srcset=\"https:\/\/notinor.com\/jujuy\/wp-content\/uploads\/2026\/04\/ovejas-colectivo-ruta.jpg 800w, https:\/\/notinor.com\/jujuy\/wp-content\/uploads\/2026\/04\/ovejas-colectivo-ruta-649x365.jpg 649w, https:\/\/notinor.com\/jujuy\/wp-content\/uploads\/2026\/04\/ovejas-colectivo-ruta-500x280.jpg 500w, https:\/\/notinor.com\/jujuy\/wp-content\/uploads\/2026\/04\/ovejas-colectivo-ruta-768x432.jpg 768w, https:\/\/notinor.com\/jujuy\/wp-content\/uploads\/2026\/04\/ovejas-colectivo-ruta-750x422.jpg 750w\" sizes=\"(max-width: 800px) 100vw, 800px\" \/><\/figure><\/div>\n\n\n<p><\/p>\n\n\n\n<p>El chofer no logr\u00f3 esquivar la maniobra y varios ejemplares murieron en el lugar. Afortunadamente, ninguno de los pasajeros ni el personal de la unidad sufri\u00f3 lesiones.<\/p>\n\n\n\n<p>Tras el episodio, la empresa de transporte inform\u00f3 que compensar\u00e1 econ\u00f3micamente a la propietaria de los animales afectados.<\/p>\n","protected":false},"excerpt":{"rendered":"<p>Durante la tarde del s\u00e1bado se produjo un ins\u00f3lito accidente sobre la Ruta Nacional 9, en inmediaciones de La Quiaca. Un colectivo que hab\u00eda partido desde la terminal se encontr\u00f3 de manera repentina con un reba\u00f1o de ovejas que cruzaba la calzada y termin\u00f3 impactando contra los animales. El chofer no logr\u00f3 esquivar la maniobra [&hellip;]<\/p>\n","protected":false},"author":49,"featured_media":441386,"comment_status":"open","ping_status":"open","sticky":false,"template":"","format":"standard","meta":{"_stopmodifiedupdate":false,"_modified_date":"","inline_featured_image":false,"spay_email":"","jetpack_publicize_message":""},"categories":[2,4,3],"tags":[],"jetpack_featured_media_url":"https:\/\/notinor.com\/jujuy\/wp-content\/uploads\/2026\/04\/ovejas-colectivo-ruta.jpg","jetpack_publicize_connections":[],"_links":{"self":[{"href":"https:\/\/notinor.com\/jujuy\/wp-json\/wp\/v2\/posts\/441385"}],"collection":[{"href":"https:\/\/notinor.com\/jujuy\/wp-json\/wp\/v2\/posts"}],"about":[{"href":"https:\/\/notinor.com\/jujuy\/wp-json\/wp\/v2\/types\/post"}],"author":[{"embeddable":true,"href":"https:\/\/notinor.com\/jujuy\/wp-json\/wp\/v2\/users\/49"}],"replies":[{"embeddable":true,"href":"https:\/\/notinor.com\/jujuy\/wp-json\/wp\/v2\/comments?post=441385"}],"version-history":[{"count":1,"href":"https:\/\/notinor.com\/jujuy\/wp-json\/wp\/v2\/posts\/441385\/revisions"}],"predecessor-version":[{"id":441387,"href":"https:\/\/notinor.com\/jujuy\/wp-json\/wp\/v2\/posts\/441385\/revisions\/441387"}],"wp:featuredmedia":[{"embeddable":true,"href":"https:\/\/notinor.com\/jujuy\/wp-json\/wp\/v2\/media\/441386"}],"wp:attachment":[{"href":"https:\/\/notinor.com\/jujuy\/wp-json\/wp\/v2\/media?parent=441385"}],"wp:term":[{"taxonomy":"category","embeddable":true,"href":"https:\/\/notinor.com\/jujuy\/wp-json\/wp\/v2\/categories?post=441385"},{"taxonomy":"post_tag","embeddable":true,"href":"https:\/\/notinor.com\/jujuy\/wp-json\/wp\/v2\/tags?post=441385"}],"curies":[{"name":"wp","href":"https:\/\/api.w.org\/{rel}","templated":true}]}}