{"id":441382,"date":"2026-04-26T21:29:36","date_gmt":"2026-04-27T00:29:36","guid":{"rendered":"https:\/\/notinor.com\/jujuy\/?p=441382"},"modified":"2026-04-26T21:29:38","modified_gmt":"2026-04-27T00:29:38","slug":"la-municipalidad-presento-el-calendario-ambiental-2026-y-premio-la-formacion-docente-en-sustentabilidad","status":"publish","type":"post","link":"https:\/\/notinor.com\/jujuy\/la-municipalidad-presento-el-calendario-ambiental-2026-y-premio-la-formacion-docente-en-sustentabilidad\/","title":{"rendered":"La Municipalidad present\u00f3 el Calendario Ambiental 2026 y premi\u00f3 la formaci\u00f3n docente en sustentabilidad"},"content":{"rendered":"\n<p class=\"has-medium-font-size\"><strong><em>Con la colaboraci\u00f3n estrat\u00e9gica de la empresa Ecoaxion, la Secretar\u00eda de Planificaci\u00f3n y Ambiente lanz\u00f3 una herramienta pedag\u00f3gica innovadora y entreg\u00f3 los certificados del ciclo \u201cEl Eco de la Sabidur\u00eda\u201d, consolidando una pol\u00edtica p\u00fablica de educaci\u00f3n ambiental y econom\u00eda circular.<\/em><\/strong><\/p>\n\n\n\n<p><\/p>\n\n\n<div class=\"wp-block-image\">\n<figure class=\"aligncenter size-full\"><img decoding=\"async\" loading=\"lazy\" width=\"800\" height=\"450\" src=\"https:\/\/notinor.com\/jujuy\/wp-content\/uploads\/2026\/04\/calendario-ambiental-2026.jpg\" alt=\"\" class=\"wp-image-441383\" srcset=\"https:\/\/notinor.com\/jujuy\/wp-content\/uploads\/2026\/04\/calendario-ambiental-2026.jpg 800w, https:\/\/notinor.com\/jujuy\/wp-content\/uploads\/2026\/04\/calendario-ambiental-2026-649x365.jpg 649w, https:\/\/notinor.com\/jujuy\/wp-content\/uploads\/2026\/04\/calendario-ambiental-2026-500x280.jpg 500w, https:\/\/notinor.com\/jujuy\/wp-content\/uploads\/2026\/04\/calendario-ambiental-2026-768x432.jpg 768w, https:\/\/notinor.com\/jujuy\/wp-content\/uploads\/2026\/04\/calendario-ambiental-2026-750x422.jpg 750w\" sizes=\"(max-width: 800px) 100vw, 800px\" \/><\/figure><\/div>\n\n\n<p><\/p>\n\n\n\n<p>En un acto celebrado en el Centro Cultural H\u00e9ctor Tiz\u00f3n, la Secretar\u00eda de Planificaci\u00f3n y Ambiente de nuestra ciudad capital realiz\u00f3 la presentaci\u00f3n oficial del Calendario Ambiental 2026 y la entrega de certificados a los docentes que completaron el programa de capacitaci\u00f3n \u201cEl Eco de la Sabidur\u00eda\u201d. El evento destac\u00f3 la importancia de la sinergia entre el sector p\u00fablico, el privado y la comunidad educativa para enfrentar los desaf\u00edos ecol\u00f3gicos actuales.<\/p>\n\n\n\n<p>La capacitaci\u00f3n \u201cEcos de Sabidur\u00eda\u201d, que se desarroll\u00f3 durante dos meses en el Nido Cuyaya, cont\u00f3 con la participaci\u00f3n de entre 40 y 50 docentes de toda la provincia. El programa busc\u00f3 brindar herramientas t\u00e9cnicas para que los educadores act\u00faen como multiplicadores de conciencia en las aulas.<\/p>\n\n\n\n<p>Silvina Gonz\u00e1lez Diez, directora general de Ambiente, explic\u00f3 el alcance de esta iniciativa, \u201cel objetivo principal es capacitar a los docentes para que ellos sean agentes reproductores de esta tarea de la capacitaci\u00f3n ambiental y para que puedan impartir todos esos conocimientos a los chicos en cada una de sus escuelas\u201d.<\/p>\n\n\n\n<p>A diferencia de ediciones anteriores, el Calendario 2026 ha sido dise\u00f1ado no solo como un registro de efem\u00e9rides, sino como un recurso interactivo. El material incluye c\u00f3digos QR que dirigen a los usuarios a propuestas de acciones y actividades espec\u00edficas para realizar en el \u00e1mbito escolar y social. &nbsp;En este sentido, Gonz\u00e1lez Diez, adem\u00e1s de agradecer al personal y colaboradores que trabajaron en el dise\u00f1o y elaboraci\u00f3n del calendario, destac\u00f3 que el equipo lo concibe \u201cm\u00e1s como una herramienta de trabajo que un recordatorio de fechas\u201d.<\/p>\n\n\n\n<p>Por su parte, el director de Econom\u00eda Circular, Marcelo Molina, inst\u00f3 a la comunidad a involucrarse de manera proactiva, \u201ces para reflexionar en cuanto al cuidado del ambiente, tomar alguna participaci\u00f3n activa en este sentido y poder tomar como referencia estas propuestas que hicieron ellos y poderlas impartir a los alumnos o cualquier otro particular\u201d.<\/p>\n\n\n\n<p><\/p>\n\n\n\n<p class=\"has-medium-font-size\"><strong>Alianza con el sector privado: El rol de Ecoacci\u00f3n<\/strong><\/p>\n\n\n\n<p>La confecci\u00f3n de este material cont\u00f3 con el apoyo fundamental de Ecoaxion, una empresa juje\u00f1a con 11 a\u00f1os de trayectoria en la prestaci\u00f3n de servicios ambientales. Su gerente, Pedro Rey Campero, subray\u00f3 el compromiso de la firma con la econom\u00eda circular y la gesti\u00f3n responsable de residuos.<\/p>\n\n\n\n<p>\u201cTrabajamos con el Municipio hace muchos a\u00f1os y en este caso quer\u00edamos apoyar nuevamente esta iniciativa; necesitamos mucho la comunicaci\u00f3n a toda la sociedad para que el ciudadano com\u00fan sepa d\u00f3nde tiene que entregar sus residuos\u201d, afirm\u00f3 Rey Campero. Asimismo, resalt\u00f3 que la educaci\u00f3n ambiental es hoy un \u201cvalor fundamental\u201d para la provincia.<\/p>\n\n\n\n<p>Para finalizar, el empresario invit\u00f3 a la ciudadan\u00eda a utilizar los recursos disponibles en la red de la empresa: \u201cRevisen siempre nuestra p\u00e1gina donde tenemos los puntos limpios de acopio de aceites vegetales que est\u00e1n en los mercados y en distintos puntos de toda la provincia\u201d.<\/p>\n","protected":false},"excerpt":{"rendered":"<p>Con la colaboraci\u00f3n estrat\u00e9gica de la empresa Ecoaxion, la Secretar\u00eda de Planificaci\u00f3n y Ambiente lanz\u00f3 una herramienta pedag\u00f3gica innovadora y entreg\u00f3 los certificados del ciclo \u201cEl Eco de la Sabidur\u00eda\u201d, consolidando una pol\u00edtica p\u00fablica de educaci\u00f3n ambiental y econom\u00eda circular. En un acto celebrado en el Centro Cultural H\u00e9ctor Tiz\u00f3n, la Secretar\u00eda de Planificaci\u00f3n y [&hellip;]<\/p>\n","protected":false},"author":49,"featured_media":441383,"comment_status":"open","ping_status":"open","sticky":false,"template":"","format":"standard","meta":{"_stopmodifiedupdate":false,"_modified_date":"","inline_featured_image":false,"spay_email":"","jetpack_publicize_message":""},"categories":[2,514],"tags":[],"jetpack_featured_media_url":"https:\/\/notinor.com\/jujuy\/wp-content\/uploads\/2026\/04\/calendario-ambiental-2026.jpg","jetpack_publicize_connections":[],"_links":{"self":[{"href":"https:\/\/notinor.com\/jujuy\/wp-json\/wp\/v2\/posts\/441382"}],"collection":[{"href":"https:\/\/notinor.com\/jujuy\/wp-json\/wp\/v2\/posts"}],"about":[{"href":"https:\/\/notinor.com\/jujuy\/wp-json\/wp\/v2\/types\/post"}],"author":[{"embeddable":true,"href":"https:\/\/notinor.com\/jujuy\/wp-json\/wp\/v2\/users\/49"}],"replies":[{"embeddable":true,"href":"https:\/\/notinor.com\/jujuy\/wp-json\/wp\/v2\/comments?post=441382"}],"version-history":[{"count":1,"href":"https:\/\/notinor.com\/jujuy\/wp-json\/wp\/v2\/posts\/441382\/revisions"}],"predecessor-version":[{"id":441384,"href":"https:\/\/notinor.com\/jujuy\/wp-json\/wp\/v2\/posts\/441382\/revisions\/441384"}],"wp:featuredmedia":[{"embeddable":true,"href":"https:\/\/notinor.com\/jujuy\/wp-json\/wp\/v2\/media\/441383"}],"wp:attachment":[{"href":"https:\/\/notinor.com\/jujuy\/wp-json\/wp\/v2\/media?parent=441382"}],"wp:term":[{"taxonomy":"category","embeddable":true,"href":"https:\/\/notinor.com\/jujuy\/wp-json\/wp\/v2\/categories?post=441382"},{"taxonomy":"post_tag","embeddable":true,"href":"https:\/\/notinor.com\/jujuy\/wp-json\/wp\/v2\/tags?post=441382"}],"curies":[{"name":"wp","href":"https:\/\/api.w.org\/{rel}","templated":true}]}}