{"id":441367,"date":"2026-04-24T23:12:15","date_gmt":"2026-04-25T02:12:15","guid":{"rendered":"https:\/\/notinor.com\/jujuy\/?p=441367"},"modified":"2026-04-24T23:12:17","modified_gmt":"2026-04-25T02:12:17","slug":"el-gobierno-le-respondio-al-reino-unido-y-se-tensiona-la-discusion-por-malvinas-fueron-son-y-seran-argentinas","status":"publish","type":"post","link":"https:\/\/notinor.com\/jujuy\/el-gobierno-le-respondio-al-reino-unido-y-se-tensiona-la-discusion-por-malvinas-fueron-son-y-seran-argentinas\/","title":{"rendered":"El Gobierno le respondi\u00f3 al Reino Unido y se tensiona la discusi\u00f3n por Malvinas: \u201cFueron, son y ser\u00e1n argentinas\u201d"},"content":{"rendered":"\n<p class=\"has-medium-font-size\"><strong><em>Javier Milei y Pablo Quirno defendieron la soberan\u00eda de las islas tras la versi\u00f3n de que Estados Unidos podr\u00eda apoyar el reclamo, lo que gener\u00f3 una reacci\u00f3n de la administraci\u00f3n brit\u00e1nica.<\/em><\/strong><\/p>\n\n\n\n<p><\/p>\n\n\n<div class=\"wp-block-image\">\n<figure class=\"aligncenter size-full\"><img decoding=\"async\" loading=\"lazy\" width=\"800\" height=\"450\" src=\"https:\/\/notinor.com\/jujuy\/wp-content\/uploads\/2026\/04\/javier-milei-y-pablo-quirno.jpg\" alt=\"\" class=\"wp-image-441368\" srcset=\"https:\/\/notinor.com\/jujuy\/wp-content\/uploads\/2026\/04\/javier-milei-y-pablo-quirno.jpg 800w, https:\/\/notinor.com\/jujuy\/wp-content\/uploads\/2026\/04\/javier-milei-y-pablo-quirno-649x365.jpg 649w, https:\/\/notinor.com\/jujuy\/wp-content\/uploads\/2026\/04\/javier-milei-y-pablo-quirno-500x280.jpg 500w, https:\/\/notinor.com\/jujuy\/wp-content\/uploads\/2026\/04\/javier-milei-y-pablo-quirno-768x432.jpg 768w, https:\/\/notinor.com\/jujuy\/wp-content\/uploads\/2026\/04\/javier-milei-y-pablo-quirno-750x422.jpg 750w\" sizes=\"(max-width: 800px) 100vw, 800px\" \/><figcaption class=\"wp-element-caption\">Javier Milei y Pablo Quirno defendieron la soberan\u00eda argentina sobre las Islas Malvinas<\/figcaption><\/figure><\/div>\n\n\n<p><\/p>\n\n\n\n<p>En un contexto internacional marcado por nuevas tensiones diplom\u00e1ticas en torno a la soberan\u00eda de las Islas Malvinas, el presidente Javier Milei y el canciller argentino, Pablo Quirno, reafirmaron este jueves la hist\u00f3rica posici\u00f3n del pa\u00eds respecto de sus derechos sobre las Islas Malvinas, Georgias del Sur, Sandwich del Sur y los espacios mar\u00edtimos circundantes.<\/p>\n\n\n\n<p>\u201cLas Malvinas fueron, son y siempre ser\u00e1n argentinas\u201d, expres\u00f3 Milei en la red social X, replicando un texto compartido por su funcionario.<\/p>\n\n\n\n<p>El pronunciamiento, lleg\u00f3 tras recientes declaraciones de altos funcionarios brit\u00e1nicos y versiones period\u00edsticas que suger\u00edan que Estados Unidos podr\u00eda modificar su tradicional neutralidad sobre el conflicto y expresar alg\u00fan tipo de apoyo al reclamo argentino.<\/p>\n\n\n\n<p>En su comunicado, Quirno sostuvo que la Argentina \u201creafirma sus derechos soberanos sobre las Islas Malvinas, Georgias del Sur y Sandwich del Sur y los espacios mar\u00edtimos circundantes\u201d. Record\u00f3 que la ocupaci\u00f3n brit\u00e1nica de 1833 constituy\u00f3 \u201cun acto de fuerza contrario al derecho internacional de la \u00e9poca que vulner\u00f3 nuestra integridad territorial y dio inicio a una situaci\u00f3n colonial que persiste\u201d. El canciller subray\u00f3 que la Asamblea General de las Naciones Unidas reconoci\u00f3 la existencia de una disputa de soberan\u00eda y, mediante la Resoluci\u00f3n 2065 (XX), inst\u00f3 a la Argentina y al Reino Unido a resolverla por la v\u00eda de negociaciones bilaterales.<\/p>\n\n\n\n<p>Quirno remarc\u00f3 que ese llamado de la ONU fue reiterado por organismos multilaterales y regionales como el Comit\u00e9 Especial de Descolonizaci\u00f3n de las Naciones Unidas (C24), la OEA, el Mercosur, la CELAC, el Consenso de Brasilia y el Grupo de los 77 y China. El mensaje reiter\u00f3 as\u00ed la posici\u00f3n argentina de que la comunidad internacional respalda la necesidad de encontrar una soluci\u00f3n pac\u00edfica y definitiva a la disputa.<\/p>\n\n\n\n<p>El canciller rechaz\u00f3 expresamente la argumentaci\u00f3n brit\u00e1nica basada en el principio de libre determinaci\u00f3n de los pueblos, se\u00f1alando que \u201clos actuales habitantes de las Islas Malvinas no han sido nunca reconocidos como un \u2018pueblo\u2019 por las Naciones Unidas\u201d. Desde la perspectiva argentina, \u201cno resulta aceptable que los habitantes de las islas se conviertan en \u00e1rbitros de una disputa territorial en la que su propio pa\u00eds, como poblaci\u00f3n implantada, es parte\u201d, por lo que carece de validez el refer\u00e9ndum celebrado en las islas en 2013.<\/p>\n\n\n\n<p>Es que m\u00e1s temprano, el vocero del primer ministro del Reino Unido, Keir Starmer, hab\u00eda manifestado: \u201cLas Islas Falkland han votado abrumadoramente a favor de seguir siendo un territorio brit\u00e1nico de ultramar, y siempre hemos apoyado el derecho de los isle\u00f1os a la autodeterminaci\u00f3n y el hecho de que la soberan\u00eda reside en el Reino Unido\".<\/p>\n\n\n\n<p>En otro tramo de su mensaje, Quirno denunci\u00f3 las actividades ilegales de exploraci\u00f3n y explotaci\u00f3n de recursos naturales en la zona, en particular la llamada \u201cDecisi\u00f3n Final de Inversi\u00f3n\u201d anunciada por las empresas Rockhopper Exploration Plc y Navitas Petroleum Lp para el desarrollo del yacimiento \u201cSea Lion\u201d. Advirti\u00f3 que estas acciones buscan desconocer los derechos soberanos argentinos y violan resoluciones de las Naciones Unidas.<\/p>\n\n\n\n<p>El canciller concluy\u00f3 el mensaje reiterando la disposici\u00f3n de la Argentina a reanudar las negociaciones bilaterales con el Reino Unido para dar fin a la disputa y a la situaci\u00f3n colonial, y agradeci\u00f3 el apoyo recibido de la comunidad internacional en defensa de la soberan\u00eda nacional sobre las islas y los espacios mar\u00edtimos.<\/p>\n\n\n\n<p>El pronunciamiento se produjo despu\u00e9s de que versiones period\u00edsticas sugirieran que la administraci\u00f3n estadounidense estar\u00eda analizando \u2014en el marco de la recomposici\u00f3n de la relaci\u00f3n bilateral con la Argentina bajo el gobierno de Javier Milei\u2014 un gesto pol\u00edtico hacia el reclamo nacional, aunque sin confirmaciones oficiales por parte de Washington. En paralelo, funcionarios brit\u00e1nicos reiteraron la posici\u00f3n hist\u00f3rica de Londres de considerar \u201cresuelta\u201d la cuesti\u00f3n de soberan\u00eda y de sostener el principio de autodeterminaci\u00f3n para los isle\u00f1os, lo que fue categ\u00f3ricamente rechazado por la diplomacia argentina.<\/p>\n\n\n\n<p>Todo comenz\u00f3 con un correo electr\u00f3nico del Pent\u00e1gono que fue filtrado y reproducido por la agencia de noticias Reuters. En el mismo, se mencionaba que, ante la negativa del Reino Unido a colaborar con Estados Unidos en la guerra en Ir\u00e1n, el gobierno del pa\u00eds norteamericano eval\u00faa la revisi\u00f3n del apoyo diplom\u00e1tico estadounidense a las reclamaciones europeas sobre \u201cposesiones imperiales\u201d, en particular las Islas Malvinas.<\/p>\n\n\n\n<p>El mensaje de Quirno, concluye: \u201cPor historia, por derecho y por convicci\u00f3n: las Malvinas son argentinas\u201d.<\/p>\n","protected":false},"excerpt":{"rendered":"<p>Javier Milei y Pablo Quirno defendieron la soberan\u00eda de las islas tras la versi\u00f3n de que Estados Unidos podr\u00eda apoyar el reclamo, lo que gener\u00f3 una reacci\u00f3n de la administraci\u00f3n brit\u00e1nica. En un contexto internacional marcado por nuevas tensiones diplom\u00e1ticas en torno a la soberan\u00eda de las Islas Malvinas, el presidente Javier Milei y el [&hellip;]<\/p>\n","protected":false},"author":49,"featured_media":441368,"comment_status":"open","ping_status":"open","sticky":false,"template":"","format":"standard","meta":{"_stopmodifiedupdate":false,"_modified_date":"","inline_featured_image":false,"spay_email":"","jetpack_publicize_message":""},"categories":[2,501],"tags":[],"jetpack_featured_media_url":"https:\/\/notinor.com\/jujuy\/wp-content\/uploads\/2026\/04\/javier-milei-y-pablo-quirno.jpg","jetpack_publicize_connections":[],"_links":{"self":[{"href":"https:\/\/notinor.com\/jujuy\/wp-json\/wp\/v2\/posts\/441367"}],"collection":[{"href":"https:\/\/notinor.com\/jujuy\/wp-json\/wp\/v2\/posts"}],"about":[{"href":"https:\/\/notinor.com\/jujuy\/wp-json\/wp\/v2\/types\/post"}],"author":[{"embeddable":true,"href":"https:\/\/notinor.com\/jujuy\/wp-json\/wp\/v2\/users\/49"}],"replies":[{"embeddable":true,"href":"https:\/\/notinor.com\/jujuy\/wp-json\/wp\/v2\/comments?post=441367"}],"version-history":[{"count":1,"href":"https:\/\/notinor.com\/jujuy\/wp-json\/wp\/v2\/posts\/441367\/revisions"}],"predecessor-version":[{"id":441369,"href":"https:\/\/notinor.com\/jujuy\/wp-json\/wp\/v2\/posts\/441367\/revisions\/441369"}],"wp:featuredmedia":[{"embeddable":true,"href":"https:\/\/notinor.com\/jujuy\/wp-json\/wp\/v2\/media\/441368"}],"wp:attachment":[{"href":"https:\/\/notinor.com\/jujuy\/wp-json\/wp\/v2\/media?parent=441367"}],"wp:term":[{"taxonomy":"category","embeddable":true,"href":"https:\/\/notinor.com\/jujuy\/wp-json\/wp\/v2\/categories?post=441367"},{"taxonomy":"post_tag","embeddable":true,"href":"https:\/\/notinor.com\/jujuy\/wp-json\/wp\/v2\/tags?post=441367"}],"curies":[{"name":"wp","href":"https:\/\/api.w.org\/{rel}","templated":true}]}}