{"id":440722,"date":"2026-04-09T22:50:00","date_gmt":"2026-04-10T01:50:00","guid":{"rendered":"https:\/\/notinor.com\/jujuy\/?p=440722"},"modified":"2026-04-09T10:50:01","modified_gmt":"2026-04-09T10:50:01","slug":"reinauguran-la-glorieta-de-plaza-belgrano-con-un-espectaculo-y-el-inicio-de-la-semana-de-la-ciudad","status":"publish","type":"post","link":"https:\/\/notinor.com\/jujuy\/reinauguran-la-glorieta-de-plaza-belgrano-con-un-espectaculo-y-el-inicio-de-la-semana-de-la-ciudad\/","title":{"rendered":"Reinauguran la Glorieta de Plaza Belgrano con un espect\u00e1culo y el inicio de la Semana de la Ciudad"},"content":{"rendered":"\n<p class=\"has-medium-font-size\"><strong><em>Con la inauguraci\u00f3n de la obra de puesta en valor de la tradicional \u201cGlorieta\u201d de Plaza Belgrano, prevista para este domingo 12 de abril a las 19.30hs., el intendente Ra\u00fal \u201cChuli\u201d Jorge dar\u00e1 inicio a los actos oficiales de la \u201cSemana de la Ciudad\u201d, en el marco del 433\u00b0 aniversario de la fundaci\u00f3n de San Salvador de Jujuy, que se conmemorar\u00e1 el pr\u00f3ximo 19 de abril. En este contexto, la renovada glorieta volver\u00e1 a cobrar vida con un espect\u00e1culo art\u00edstico especialmente dise\u00f1ado para su reinauguraci\u00f3n, marcando un momento significativo de encuentro y celebraci\u00f3n para vecinos y visitantes.<\/em><\/strong><\/p>\n\n\n<div class=\"wp-block-image\">\n<figure class=\"aligncenter\"><img decoding=\"async\" src=\"https:\/\/www.sansalvadordejujuy.gob.ar\/wp-content\/uploads\/2026\/04\/DJI_0991-1024x683.jpg\" alt=\"\" class=\"wp-image-102354\"\/><figcaption class=\"wp-element-caption\">Glorieta Plaza Belgrano<\/figcaption><\/figure><\/div>\n\n\n<p>En ese contexto, el intendente Jorge expres\u00f3, \u201cva a ser un d\u00eda de fiesta, porque comenzamos la Semana de la Ciudad, durante la cual habr\u00e1 grandes eventos. Queremos invitar a toda la familia a congregarse este domingo en Plaza Belgrano, para participar de un evento de alt\u00edsimo nivel y descubrir nuevos servicios que se brindar\u00e1n en este sector de la ex Plaza de Armas, hoy Plaza Belgrano, un espacio de gran valor hist\u00f3rico\u201d.<\/p>\n\n\n\n<p>Asimismo, destac\u00f3 la relevancia del lugar al se\u00f1alar que \u201cprobablemente sea una de las plazas del pa\u00eds con mayor contenido en la lucha por la independencia, con la presencia del General Belgrano, un Cabildo que hoy es una joya para vivenciar, junto al Paseo Sarmiento y muchos otros atractivos para celebrar esta nueva conmemoraci\u00f3n\u201d.<\/p>\n\n\n<div class=\"wp-block-image\">\n<figure class=\"aligncenter\"><img decoding=\"async\" src=\"https:\/\/www.sansalvadordejujuy.gob.ar\/wp-content\/uploads\/2026\/04\/glorieta-1024x629.jpg\" alt=\"\" class=\"wp-image-102369\"\/><\/figure><\/div>\n\n\n<p>En relaci\u00f3n a la obra de repotenciaci\u00f3n de la Glorieta, el jefe comunal explic\u00f3 que \u201cfue el resultado de un proceso que incluy\u00f3 un concurso abierto a profesionales de la arquitectura, con el objetivo de generar ideas y propuestas de servicios\u201d. En este sentido, detall\u00f3 que \u201cse incorpor\u00f3 un espacio en el subsuelo destinado a ba\u00f1os p\u00fablicos inclusivos, con instalaciones para personas con discapacidad, caballeros y damas, equipados con todos los servicios\u201d.<\/p>\n\n\n<div class=\"wp-block-image\">\n<figure class=\"aligncenter\"><img decoding=\"async\" src=\"https:\/\/www.sansalvadordejujuy.gob.ar\/wp-content\/uploads\/2026\/04\/DJI_0997-1-1024x683.jpg\" alt=\"\" class=\"wp-image-102357\"\/><\/figure><\/div>\n\n\n<p>Adem\u00e1s, agreg\u00f3, \u201chabr\u00e1 atenci\u00f3n personalizada y limpieza permanente, en un sector tan importante y concurrido como este, que integra la Plaza, el Cabildo y toda la urbanizaci\u00f3n circundante, muy utilizada especialmente por los j\u00f3venes. En la parte superior, se realizaron modificaciones orientadas a la realizaci\u00f3n de espect\u00e1culos y expresiones art\u00edsticas de nivel\u201d.<\/p>\n\n\n\n<p>Por su parte, Luciano C\u00f3rdoba invit\u00f3 a la comunidad juje\u00f1a a participar del evento: \u201cLos esperamos este domingo a partir de las 19.30 para disfrutar de un espect\u00e1culo muy bonito, en el marco de la apertura y puesta en valor de la Glorieta en Plaza Belgrano\u201d.<\/p>\n\n\n\n<p><strong>Nota audiovisual:<\/strong>&nbsp;<a href=\"https:\/\/youtu.be\/7mbZoyCZtbI\">https:\/\/youtu.be\/7mbZoyCZtbI<\/a><\/p>\n","protected":false},"excerpt":{"rendered":"<p>Con la inauguraci\u00f3n de la obra de puesta en valor de la tradicional \u201cGlorieta\u201d de Plaza Belgrano, prevista para este domingo 12 de abril a las 19.30hs., el intendente Ra\u00fal \u201cChuli\u201d Jorge dar\u00e1 inicio a los actos oficiales de la \u201cSemana de la Ciudad\u201d, en el marco del 433\u00b0 aniversario de la fundaci\u00f3n de San [&hellip;]<\/p>\n","protected":false},"author":5,"featured_media":440723,"comment_status":"open","ping_status":"open","sticky":false,"template":"","format":"standard","meta":{"_stopmodifiedupdate":false,"_modified_date":"","inline_featured_image":false,"spay_email":"","jetpack_publicize_message":""},"categories":[514],"tags":[],"jetpack_featured_media_url":"https:\/\/notinor.com\/jujuy\/wp-content\/uploads\/2026\/04\/GLORIETA.jpg","jetpack_publicize_connections":[],"_links":{"self":[{"href":"https:\/\/notinor.com\/jujuy\/wp-json\/wp\/v2\/posts\/440722"}],"collection":[{"href":"https:\/\/notinor.com\/jujuy\/wp-json\/wp\/v2\/posts"}],"about":[{"href":"https:\/\/notinor.com\/jujuy\/wp-json\/wp\/v2\/types\/post"}],"author":[{"embeddable":true,"href":"https:\/\/notinor.com\/jujuy\/wp-json\/wp\/v2\/users\/5"}],"replies":[{"embeddable":true,"href":"https:\/\/notinor.com\/jujuy\/wp-json\/wp\/v2\/comments?post=440722"}],"version-history":[{"count":1,"href":"https:\/\/notinor.com\/jujuy\/wp-json\/wp\/v2\/posts\/440722\/revisions"}],"predecessor-version":[{"id":440724,"href":"https:\/\/notinor.com\/jujuy\/wp-json\/wp\/v2\/posts\/440722\/revisions\/440724"}],"wp:featuredmedia":[{"embeddable":true,"href":"https:\/\/notinor.com\/jujuy\/wp-json\/wp\/v2\/media\/440723"}],"wp:attachment":[{"href":"https:\/\/notinor.com\/jujuy\/wp-json\/wp\/v2\/media?parent=440722"}],"wp:term":[{"taxonomy":"category","embeddable":true,"href":"https:\/\/notinor.com\/jujuy\/wp-json\/wp\/v2\/categories?post=440722"},{"taxonomy":"post_tag","embeddable":true,"href":"https:\/\/notinor.com\/jujuy\/wp-json\/wp\/v2\/tags?post=440722"}],"curies":[{"name":"wp","href":"https:\/\/api.w.org\/{rel}","templated":true}]}}