{"id":44051,"date":"2015-09-15T00:47:57","date_gmt":"2015-09-15T03:47:57","guid":{"rendered":"http:\/\/notinor.com\/jujuy\/?p=44051"},"modified":"2015-09-15T13:25:36","modified_gmt":"2015-09-15T16:25:36","slug":"natalia-morales-si-hablan-de-etica-en-ningun-momento-mencionan-o-critican-que-los-legisladores-provinciales-no-legislan-desde-el-11-de-junio","status":"publish","type":"post","link":"https:\/\/notinor.com\/jujuy\/natalia-morales-si-hablan-de-etica-en-ningun-momento-mencionan-o-critican-que-los-legisladores-provinciales-no-legislan-desde-el-11-de-junio\/","title":{"rendered":"Natalia Morales: \"hablan de \u00e9tica, pero no de los legisladores que hace meses no legislan\""},"content":{"rendered":"<p>La candidata a Gobernadora por el Frente de Izquierda de los Trabajadores, Natalia Morales, convers\u00f3 con NOTINOR.COM sobre las listas de candidatos para octubre, y las cr\u00edticas de las que el Frente de Izquierda ha sido foco en relaci\u00f3n a los nombres repetidos en los cargos.<\/p>\n<p><b>\u00bfC\u00f3mo fue el proceso\u00a0de armado de la lista de candidatos con vistas a Octubre?<\/b><\/p>\n<p>Nuestra lista de candidatos, que de hecho son m\u00e1s de 100 en la provincia, y que est\u00e1 compuesta por un %70 de trabajadores, de la cual un %40 somos mujeres y el resto son estudiantes; se conform\u00f3 a partir de discusiones sobre el programa del Frente de Izquierda, y est\u00e1 ligada al lema de nuestra lista (Uno A) cuando fuimos internas en la conformaci\u00f3n del propio Frente, que para nosotros exig\u00eda renovar y fortalecer el Frente.<\/p>\n<p>Nosotros entendemos que la renovaci\u00f3n y el fortalecimiento est\u00e1 muy vinculado a los procesos de organizaci\u00f3n que vienen llevando adelante los trabajadores, las mujeres y la juventud en los espacios laborales, estudiantiles, en los barrios; en esos lugares nosotros venimos proponiendo no s\u00f3lo intervenir en la vida sindical, estudiantil o barrial sino intervenir en el plano pol\u00edtico.<\/p>\n<p>En ese sentido es que hoy por hoy las candidaturas van en funci\u00f3n de eso, de experiencias con trabajadores, estudiantes o referentes de la lucha por los derechos humanos donde hubo una pr\u00e1ctica en com\u00fan en funci\u00f3n de acuerdos pol\u00edticos determinados.<\/p>\n<p>Entonces la propuesta fue avanzar y que puedan ser candidatos, que puedan expresar y llevar adelante lo que es el Frente de Izquierda, con su programa de independencia pol\u00edtica, de los partidos patronales.<\/p>\n<p>Dicho programa da, adem\u00e1s, una propuesta concreta al ajuste que van a instalar todos los dem\u00e1s candidatos, para que el ajuste no lo paguemos los trabajadores y los sectores populares sino quienes hoy se siguen enriqueciendo en el pa\u00eds y en la provincia.<\/p>\n<p>Para dar ejemplos concretos, hay m\u00e1s de diez trabajadores de recolecci\u00f3n de residuos, que avanzaron y conquistaron la lucha por el pase a planta permanente. Eso es una muestra de c\u00f3mo lo sindical puede estar unido con la pol\u00edtica para que no quede escindida de la vida de esos trabajadores, o de aquellas compa\u00f1eras docentes que vinieron a hacer una experiencia de organizaci\u00f3n en las Escuelas y con quienes seguimos avanzando para construir una alternativa pol\u00edtica, porque no solamente toman los reclamos sindicales, sino que tambi\u00e9n llevan adelante la organizaci\u00f3n de las mujeres en los lugares de trabajo y la lucha de mujeres ac\u00e1 en la provincia.<\/p>\n<p>Por ejemplo, Sandra Luna que es candidata a Diputada o Romina Cabana que es primera candidata a Concejal por la ciudad de Palpal\u00e1, tambi\u00e9n integran la lista docentes rurales, como Marcelo Calisaya o Maximiliano Cristafort por dar algunos ejemplos porque hay muchos docentes en las candidaturas.<\/p>\n<p>Todos fueron parte de la campa\u00f1a del F.I.T. en las PASO pero tambi\u00e9n de los procesos que se vienen llevando a cabo anteriormente. Cabe desatacar tambi\u00e9n el caso de Agustina Cruz que es una compa\u00f1era que es hermana de Haydee Cruz, una v\u00edctima de femicidio en la provincia que es parte integrante de Pan y Rosas y que viene desarrollando la pol\u00edtica de la mujer en conjunto con nosotras, lo cual nos llena de orgullo y a la vez es producto de estos procesos.<\/p>\n<p>Tambi\u00e9n el caso de Eduardo Mart\u00ednez que es un ex obrero de Ledesma que luch\u00f3 con sus compa\u00f1eros por las condiciones de insalubridad, la jubilaci\u00f3n pero tambi\u00e9n denunciando a Blaquier y su responsabilidad pol\u00edtica y civil en la dictadura militar.<\/p>\n<p>La integraci\u00f3n de la lista no tiene que ver con un inter\u00e9s de mejorar la condici\u00f3n personal si no todo lo contrario, es asumir la responsabilidad de poder hacer pol\u00edtica, como figura p\u00fablica seguir entusiasmando a todos los trabajadores, las mujeres y los j\u00f3venes \u00a0en que se puede forjar uan forma distinta de hacer pol\u00edtica y desde una fuerza pol\u00edtica y social que se viene construyendo, que es este Frente de Izquierda.<\/p>\n<p><strong>\u00bfQu\u00e9 opina de las cr\u00edticas de las que estuvieron siendo blanco, en algunos medios, por el hecho de repetir nombres en altos cargos en la lista provincial?<\/strong><\/p>\n<p>No nos preocupa eso, porque en realidad son tres casos: el m\u00edo y el de dos compa\u00f1eros m\u00e1s. Entendemos que venimos construyendo una referencia dentro del Frente y el hecho mismo de ser \"cara p\u00fablica\" nos permite llegar a m\u00e1s personas y esa referencia teniendo en cuanta que no hay un beneficio personal ni lucrativo, tiene que ver m\u00e1s bien con seguir consolidando esta fuerza que viene creciendo. De hecho hay muchos compa\u00f1eros y compa\u00f1eras que no integraron la lista y la podr\u00edan haber integrado pero entendemos que sirve para consolidar e instar a que m\u00e1s mujeres y hombres participen en el accionar pol\u00edtico en defensa de nuestro intereses.<\/p>\n<p>Competimos en una elecci\u00f3n muy polarizada y totalmente desigual, nuestras y nuestros compa\u00f1eros definieron el armado que m\u00e1s nos fortalece para dar esta pelea, y eso es lo que presentamos a la justicia electoral. Pero sin recurrir a las trampas y maniobras de los partidos del r\u00e9gimen sino a la representatividad de nuestros candidatos que llevan adelante todos los d\u00edas lo que planteamos en la campa\u00f1a.<\/p>\n<p>Es muy distinto de lo que pasa en los partidos del mismo r\u00e9gimen\u00a0que defienden un r\u00e9gimen pol\u00edtico electoral que los favorece, venimos denunciando lo que provoca este r\u00e9gimen proscriptivo, adem\u00e1s est\u00e1n financiados por sectores empresariales \u00a0que los respaldan, y encima utilizan para sus campa\u00f1as fondos estatales.<\/p>\n<p>Son condiciones muy distintas y desiguales a las que nosotros debemos enfrentarnos para poder llegar a m\u00e1s personas, desde los medios de comunicaci\u00f3n, con la campa\u00f1a.<\/p>\n<p>Desmerecemos esas opiniones. Nosotros no tendremos mayores privilegios, ni sobresueldos, ni ning\u00fan tipo de garant\u00eda, de hecho los combatimos y es parte concreta de nuestra campa\u00f1a.<\/p>\n<p>Por eso mismo, Nicol\u00e1s del Ca\u00f1o que es nuestro candidato a Presidente, es un diputado nacional que cobra lo mismo que otro trabajador. Salvo los diputados y legisladores del Frente de Izquierda, ning\u00fan otro diputado hace eso ni apoya esa propuesta.<\/p>\n<p>Si hablan de \u00e9tica, en ning\u00fan momento mencionan o critican que los legisladores provinciales no legislan desde el 11 de junio de este a\u00f1o y se cree que no van a legislar hasta pasadas las elecciones. En ese sentido me parecen totalmente desequilibradas las opiniones sobre c\u00f3mo nosotros utilizamos la referencia para poder seguir consolidando nuestras propuestas en relaci\u00f3n a lo que sucede con las otras fuerzas.<\/p>\n<p>Es completamente cuestionable y deber\u00eda generar mucha m\u00e1s bronca e indignaci\u00f3n de los mismos periodistas u otros sectores que critican al Frente de Izquierda que Alberto Matuk, ex funcionario de la Dictadura Militar sea candidato a Diputado, o que Gerardo Morales, funcionario del Gobierno de la Alianza, un gobierno que tiene muertos (y en asesinatos) no haya sido juzgado.<\/p>\n<p>Y estos atropellos no generan ning\u00fan tipo de cuestionamiento.<\/p>\n<p>A nosotros nos deja tranquilos que claramente lo que llevamos adelante cotidianamente como fuerza pol\u00edtica es consecuente a las ideas que proponemos.<\/p>\n<p><a href=\"http:\/\/notinor.com\/jujuy\/wp-content\/uploads\/2015\/06\/NataliaMorales.2jpg.jpg\"><img decoding=\"async\" loading=\"lazy\" class=\"alignnone  wp-image-29860\" src=\"http:\/\/notinor.com\/jujuy\/wp-content\/uploads\/2015\/06\/NataliaMorales.2jpg-192x300.jpg\" alt=\"NataliaMorales.2jpg\" width=\"551\" height=\"861\" \/><\/a><\/p>\n<p>&nbsp;<\/p>\n<p>&nbsp;<\/p>\n<p>&nbsp;<\/p>\n<p>&nbsp;<\/p>\n<p>&nbsp;<\/p>\n","protected":false},"excerpt":{"rendered":"<p>La candidata a Gobernadora por el Frente de Izquierda de los Trabajadores, Natalia Morales, convers\u00f3 con NOTINOR.COM sobre las listas de candidatos para octubre, y las cr\u00edticas de las que el Frente de Izquierda ha sido foco en relaci\u00f3n a los nombres repetidos en los cargos. \u00bfC\u00f3mo fue el proceso\u00a0de armado de la lista de [&hellip;]<\/p>\n","protected":false},"author":1,"featured_media":44172,"comment_status":"open","ping_status":"open","sticky":false,"template":"","format":"standard","meta":{"_stopmodifiedupdate":false,"_modified_date":"","inline_featured_image":false},"categories":[493],"tags":[],"jetpack_featured_media_url":"https:\/\/notinor.com\/jujuy\/wp-content\/uploads\/2015\/09\/nati-2.jpg","_links":{"self":[{"href":"https:\/\/notinor.com\/jujuy\/wp-json\/wp\/v2\/posts\/44051"}],"collection":[{"href":"https:\/\/notinor.com\/jujuy\/wp-json\/wp\/v2\/posts"}],"about":[{"href":"https:\/\/notinor.com\/jujuy\/wp-json\/wp\/v2\/types\/post"}],"author":[{"embeddable":true,"href":"https:\/\/notinor.com\/jujuy\/wp-json\/wp\/v2\/users\/1"}],"replies":[{"embeddable":true,"href":"https:\/\/notinor.com\/jujuy\/wp-json\/wp\/v2\/comments?post=44051"}],"version-history":[{"count":7,"href":"https:\/\/notinor.com\/jujuy\/wp-json\/wp\/v2\/posts\/44051\/revisions"}],"predecessor-version":[{"id":44210,"href":"https:\/\/notinor.com\/jujuy\/wp-json\/wp\/v2\/posts\/44051\/revisions\/44210"}],"wp:featuredmedia":[{"embeddable":true,"href":"https:\/\/notinor.com\/jujuy\/wp-json\/wp\/v2\/media\/44172"}],"wp:attachment":[{"href":"https:\/\/notinor.com\/jujuy\/wp-json\/wp\/v2\/media?parent=44051"}],"wp:term":[{"taxonomy":"category","embeddable":true,"href":"https:\/\/notinor.com\/jujuy\/wp-json\/wp\/v2\/categories?post=44051"},{"taxonomy":"post_tag","embeddable":true,"href":"https:\/\/notinor.com\/jujuy\/wp-json\/wp\/v2\/tags?post=44051"}],"curies":[{"name":"wp","href":"https:\/\/api.w.org\/{rel}","templated":true}]}}