{"id":440334,"date":"2026-03-31T22:32:38","date_gmt":"2026-04-01T01:32:38","guid":{"rendered":"https:\/\/notinor.com\/jujuy\/?p=440334"},"modified":"2026-03-31T22:32:40","modified_gmt":"2026-04-01T01:32:40","slug":"otra-vez-sin-mundial-los-20-anos-infames-de-italia","status":"publish","type":"post","link":"https:\/\/notinor.com\/jujuy\/otra-vez-sin-mundial-los-20-anos-infames-de-italia\/","title":{"rendered":"Otra vez sin Mundial: los 20 a\u00f1os infames de Italia"},"content":{"rendered":"\n<p class=\"has-medium-font-size\"><strong><em>La Azzurra cay\u00f3 ante Bosnia por penales, como visitante por el repechaje, y no pudo clasificarse a la Copa del Mundo por tercera edici\u00f3n consecutiva.<\/em><\/strong><\/p>\n\n\n\n<p><\/p>\n\n\n<div class=\"wp-block-image\">\n<figure class=\"aligncenter size-full\"><img decoding=\"async\" loading=\"lazy\" width=\"800\" height=\"450\" src=\"https:\/\/notinor.com\/jujuy\/wp-content\/uploads\/2026\/03\/italia.jpg\" alt=\"\" class=\"wp-image-440335\" srcset=\"https:\/\/notinor.com\/jujuy\/wp-content\/uploads\/2026\/03\/italia.jpg 800w, https:\/\/notinor.com\/jujuy\/wp-content\/uploads\/2026\/03\/italia-649x365.jpg 649w, https:\/\/notinor.com\/jujuy\/wp-content\/uploads\/2026\/03\/italia-500x280.jpg 500w, https:\/\/notinor.com\/jujuy\/wp-content\/uploads\/2026\/03\/italia-768x432.jpg 768w, https:\/\/notinor.com\/jujuy\/wp-content\/uploads\/2026\/03\/italia-750x422.jpg 750w\" sizes=\"(max-width: 800px) 100vw, 800px\" \/><\/figure><\/div>\n\n\n<p><\/p>\n\n\n\n<p>La Selecci\u00f3n de Italia, que es tetracampeona del mundo y fue potencia global, perdi\u00f3 la memoria y parece ser perseguida por una in\u00e9dita maldici\u00f3n: se qued\u00f3 sin clasificarse al Mundial por tercera vez consecutiva.<\/p>\n\n\n\n<p>La Azzurra cay\u00f3 ante Bosnia por penales, tras la igualdad en 1-1 como visitante por el repechaje, y no pudo clasificarse a la Copa del Mundo 2026 (de Estados Unidos, M\u00e9xico y Canad\u00e1). Los fallos de Pio Esposito y Cristante condenaron al conjunto que comanda Gennaro Gattuso.<\/p>\n\n\n\n<p>La Selecci\u00f3n de Italia no va al Mundial desde 2014 y no supera una fase de grupos desde Alemania 2006, cuando se consagraron campeones. Por lo tanto, pasar\u00e1n al menos 16 a\u00f1os hasta que la tetracampeona del mundo vuelva a la gran cita (si es que se clasifican para la edici\u00f3n de 2030).<\/p>\n\n\n\n<p>Bosnia, cuya \u00fanica participaci\u00f3n en un Mundial data de 2014, viajar\u00e1 a Estados Unidos, M\u00e9xico y Canad\u00e1: integrar\u00e1 el Grupo B del Mundial junto a Canad\u00e1, Qatar y Suiza.<\/p>\n\n\n\n<p>Italia fue potencia a nivel global por d\u00e9cadas. Su Selecci\u00f3n fue campeona en 1934 (como local), Francia 1938, Espa\u00f1a 1982 y Alemania 2006. En otras dos oportunidades, fueron subcampeones, en M\u00e9xico 1970 y Estados Unidos 1994 (en ambas finales perdieron con Brasil).<\/p>\n\n\n\n<p>Las tempranas e incre\u00edbles eliminaciones en fase de grupos en los Mundiales de Sud\u00e1frica 2010 (en un grupo en el que pasaron Paraguay y Eslovaquia) y Brasil 2014 (Costa Rica y Uruguay dieron el golpe y eliminaron tambi\u00e9n a Inglaterra) fueron los primeros cap\u00edtulos de la crisis que llegar\u00eda despu\u00e9s.<\/p>\n\n\n\n<p>Italia no logr\u00f3 clasificarse a la Copa del Mundo de Rusia 2018. M\u00e1s adelante, parec\u00eda que la Azzurra recuperaba la memoria con la hist\u00f3rica consagraci\u00f3n en la Eurocopa 2021, pero despu\u00e9s recibi\u00f3 otro golpazo y tampoco se meti\u00f3 en Qatar 2022 (en el medio, la Selecci\u00f3n Argentina la aplast\u00f3 en la Finalissima 2022 en Wembley).<\/p>\n\n\n\n<p>Gennaro Gattuso -campe\u00f3n en Alemania 2006- hab\u00eda asumido en junio de 2025 con la ilusi\u00f3n de devolverle el protagonismo al seleccionado italiano y so\u00f1aba con la clasificaci\u00f3n al Mundial 2026. Incluso, en octubre hizo una fuert\u00edsima promesa, con total confianza: \"Me atribuir\u00e9 el m\u00e9rito si logro mi objetivo; si no, me ir\u00e9 a vivir lejos de Italia\".<\/p>\n\n\n\n<p>Tras este cachetazo contra Bosnia, el t\u00e9cnico dej\u00f3 en claro su decepci\u00f3n por no lograr el objetivo: \"No quiero hablar de nada, pero hoy es injusto. Llevo a\u00f1os en el mundo del f\u00fatbol, a veces me he alegrado, y hoy estoy sufriendo un duro golpe. Es dif\u00edcil de asimilar; me sorprendieron incluso a m\u00ed con la pasi\u00f3n que le pusieron los chicos. Estamos hablando de no ir al Mundial por en\u00e9sima vez. Lamento no poder asistir, pero los chicos me impresionaron hoy\".Italia tiene cuatro t\u00edtulos y se ausent\u00f3 en cinco Mundiales (no jug\u00f3 en la primera edici\u00f3n de Uruguay 1930 y no logr\u00f3 clasificarse al de Suecia 1958, adem\u00e1s de los \u00faltimos tres).<\/p>\n","protected":false},"excerpt":{"rendered":"<p>La Azzurra cay\u00f3 ante Bosnia por penales, como visitante por el repechaje, y no pudo clasificarse a la Copa del Mundo por tercera edici\u00f3n consecutiva. La Selecci\u00f3n de Italia, que es tetracampeona del mundo y fue potencia global, perdi\u00f3 la memoria y parece ser perseguida por una in\u00e9dita maldici\u00f3n: se qued\u00f3 sin clasificarse al Mundial [&hellip;]<\/p>\n","protected":false},"author":49,"featured_media":440335,"comment_status":"open","ping_status":"open","sticky":false,"template":"","format":"standard","meta":{"_stopmodifiedupdate":false,"_modified_date":"","inline_featured_image":false,"spay_email":"","jetpack_publicize_message":""},"categories":[2,7],"tags":[],"jetpack_featured_media_url":"https:\/\/notinor.com\/jujuy\/wp-content\/uploads\/2026\/03\/italia.jpg","jetpack_publicize_connections":[],"_links":{"self":[{"href":"https:\/\/notinor.com\/jujuy\/wp-json\/wp\/v2\/posts\/440334"}],"collection":[{"href":"https:\/\/notinor.com\/jujuy\/wp-json\/wp\/v2\/posts"}],"about":[{"href":"https:\/\/notinor.com\/jujuy\/wp-json\/wp\/v2\/types\/post"}],"author":[{"embeddable":true,"href":"https:\/\/notinor.com\/jujuy\/wp-json\/wp\/v2\/users\/49"}],"replies":[{"embeddable":true,"href":"https:\/\/notinor.com\/jujuy\/wp-json\/wp\/v2\/comments?post=440334"}],"version-history":[{"count":1,"href":"https:\/\/notinor.com\/jujuy\/wp-json\/wp\/v2\/posts\/440334\/revisions"}],"predecessor-version":[{"id":440336,"href":"https:\/\/notinor.com\/jujuy\/wp-json\/wp\/v2\/posts\/440334\/revisions\/440336"}],"wp:featuredmedia":[{"embeddable":true,"href":"https:\/\/notinor.com\/jujuy\/wp-json\/wp\/v2\/media\/440335"}],"wp:attachment":[{"href":"https:\/\/notinor.com\/jujuy\/wp-json\/wp\/v2\/media?parent=440334"}],"wp:term":[{"taxonomy":"category","embeddable":true,"href":"https:\/\/notinor.com\/jujuy\/wp-json\/wp\/v2\/categories?post=440334"},{"taxonomy":"post_tag","embeddable":true,"href":"https:\/\/notinor.com\/jujuy\/wp-json\/wp\/v2\/tags?post=440334"}],"curies":[{"name":"wp","href":"https:\/\/api.w.org\/{rel}","templated":true}]}}