{"id":440220,"date":"2026-03-30T12:35:16","date_gmt":"2026-03-30T15:35:16","guid":{"rendered":"https:\/\/notinor.com\/jujuy\/?p=440220"},"modified":"2026-03-30T12:35:18","modified_gmt":"2026-03-30T15:35:18","slug":"la-embajada-de-estados-unidos-reanuda-sus-actividades-en-caracas-despues-de-siete-anos","status":"publish","type":"post","link":"https:\/\/notinor.com\/jujuy\/la-embajada-de-estados-unidos-reanuda-sus-actividades-en-caracas-despues-de-siete-anos\/","title":{"rendered":"La embajada de Estados Unidos reanuda sus actividades en Caracas despu\u00e9s de siete a\u00f1os"},"content":{"rendered":"\n<p class=\"has-medium-font-size\"><strong><em>La representaci\u00f3n diplom\u00e1tica directa regresar\u00e1 a Venezuela, permitiendo que el personal del pa\u00eds norteamericano retome operaciones tras haberse trasladado a Bogot\u00e1 en 2019 debido a la crisis bilateral<\/em><\/strong>.<\/p>\n\n\n\n<p class=\"has-text-align-center\"><img decoding=\"async\" loading=\"lazy\" height=\"3667\" width=\"5500\" src=\"https:\/\/www.infobae.com\/resizer\/v2\/HGCLGUORURF3LPAQ7IZVCIDJKA.JPG?auth=817914b94f063a2bbb501a87cce5fcfe9057d709d0a10053609cba51d2b098ab&amp;smart=true&amp;width=350&amp;height=233&amp;quality=85\" alt=\"La embajada de Estados Unidos reanuda sus actividades en Caracas despu\u00e9s de siete a\u00f1os (REUTERS\/ARCHIVO)\">La embajada de Estados Unidos reanuda sus actividades en Caracas despu\u00e9s de siete a\u00f1os <\/p>\n\n\n\n<p>El&nbsp;<strong>Departamento de Estado de Estados Unidos<\/strong>&nbsp;anunci\u00f3 este lunes la&nbsp;<strong>reanudaci\u00f3n de operaciones en la Embajada de Estados Unidos en Caracas<\/strong>, cerrada desde 2019. \u201cHoy, retomamos formalmente las operaciones en la Embajada de Estados Unidos en Caracas, lo que marca un nuevo cap\u00edtulo en nuestra presencia diplom\u00e1tica en Venezuela\u201d, se\u00f1al\u00f3 la&nbsp;<strong>Oficina del Portavoz<\/strong>&nbsp;en su comunicado oficial.<\/p>\n\n\n\n<p>Desde&nbsp;<strong>marzo de 2019<\/strong>, la labor diplom\u00e1tica con Venezuela se realizaba \u201ca trav\u00e9s de la Unidad de Asuntos de Venezuela (VAU), la oficina diplom\u00e1tica provisional del Gobierno de Estados Unidos en Venezuela, ubicada en la Embajada de Estados Unidos en Bogot\u00e1, Colombia\u201d, seg\u00fan el texto difundido.<\/p>\n\n\n\n<p>En enero, la&nbsp;<strong>embajadora Laura F. Dogu<\/strong>&nbsp;lleg\u00f3 a Caracas \u201cpara liderar las gestiones del gobierno estadounidense en Venezuela como encargada de negocios\u201d. El documento a\u00f1ade que \u201cel equipo de la embajadora Dogu est\u00e1 restaurando el edificio de la canciller\u00eda de la Embajada de Estados Unidos en Caracas para preparar el regreso del personal lo antes posible y la eventual reanudaci\u00f3n de los&nbsp;<strong>servicios consulares<\/strong>\u201d.<\/p>\n\n\n\n<p class=\"has-text-align-center\"><a rel=\"noreferrer noopener\" href=\"https:\/\/www.infobae.com\/venezuela\/2026\/03\/26\/delcy-rodriguez-destituyo-al-embajador-venezolano-ante-la-onu-que-respondia-a-nicolas-maduro\/\" target=\"_blank\"><\/a><img decoding=\"async\" loading=\"lazy\" height=\"608\" width=\"1080\" src=\"https:\/\/www.infobae.com\/resizer\/v2\/D53RU5ZLQVDH7C63R6HXSW4XCY.jpg?auth=716c1a23496876e1a7e1a344687852c01a4b3bf65f9d1856a8ae5e275dbf6c20&amp;smart=true&amp;width=350&amp;height=197&amp;quality=85\" alt=\"La Embajada de EEUU en Venezuela present\u00f3 a su encargada de negocios, Laura Dogu\">Desde el mes de enero, Laura Dogu, se instal\u00f3 en la sede de la embajada de Estados Unidos en Caracas para facilitar el proceso de transici\u00f3n en el poder en Venezuela, tras el derrocamiento de Nicol\u00e1s Maduro.<\/p>\n\n\n\n<p>La&nbsp;<strong>reanudaci\u00f3n de operaciones<\/strong>&nbsp;en la sede diplom\u00e1tica es, para el Departamento de Estado, \u201cun hito clave en la implementaci\u00f3n del plan de tres fases del presidente (Donald Trump) para Venezuela y fortalecer\u00e1 nuestra capacidad de interactuar directamente con el gobierno interino venezolano, la sociedad civil y el sector privado\u201d.<\/p>\n\n\n\n<p>A mediados del mes de marzo, la&nbsp;<strong>Embajada de Estados Unidos en Caracas&nbsp;<\/strong>iz\u00f3 la bandera norteamericana nuevamente tras siete a\u00f1os. El acto tuvo lugar d\u00edas despu\u00e9s de que Trump anunciara el reestablecimiento de las relaciones entre ambos pa\u00edses.<\/p>\n\n\n\n<p>El Departamento de Estado se\u00f1al\u00f3 entonces que el restablecimiento de los v\u00ednculos diplom\u00e1ticos y consulares respondi\u00f3 directamente a la operaci\u00f3n militar que deriv\u00f3 en el cambio de gobierno, y que ambos equipos acordaron acelerar el retorno de las delegaciones y avanzar hacia la reapertura de instituciones consulares.<\/p>\n\n\n\n<p><strong>As\u00ed fue la ceremonia en la embajada de EEUU en Venezuela<\/strong><\/p>\n\n\n\n<p>Las nuevas conversaciones bilaterales han permitido acuerdos para reabrir consulados y aumentar la&nbsp;<strong>cooperaci\u00f3n en \u00e1reas estrat\u00e9gicas<\/strong>. La hoja de ruta contempla tres fases: estabilizaci\u00f3n pol\u00edtica, recuperaci\u00f3n econ\u00f3mica y transici\u00f3n democr\u00e1tica. La&nbsp;<strong>Casa Blanca<\/strong>&nbsp;y el&nbsp;<strong>Palacio de Miraflores<\/strong>, a cargo de la<strong>&nbsp;presidenta interina Delcy Rodr\u00edguez,<\/strong>&nbsp;firmaron compromisos para reformar las instituciones, incentivar el comercio y proteger las inversiones extranjeras, con \u00e9nfasis en el sector energ\u00e9tico.<\/p>\n\n\n\n<p>La agenda bilateral incluye tambi\u00e9n asuntos de\u00a0<strong>derechos humanos, garant\u00edas para inversores internacionales<\/strong>\u00a0y la prioridad de los sectores de\u00a0<strong>energ\u00eda y fertilizantes<\/strong>. El anuncio de la flexibilizaci\u00f3n de algunas restricciones estadounidenses ha permitido que empresas del pa\u00eds reciban licencias para operar en el sector petrolero y petroqu\u00edmico venezolano. En las \u00faltimas jornadas, se otorgaron tres licencias nuevas centradas en productos petroqu\u00edmicos y precursores de fertilizantes.<\/p>\n\n\n\n<p>Fuente Infobae<\/p>\n","protected":false},"excerpt":{"rendered":"<p>La representaci\u00f3n diplom\u00e1tica directa regresar\u00e1 a Venezuela, permitiendo que el personal del pa\u00eds norteamericano retome operaciones tras haberse trasladado a Bogot\u00e1 en 2019 debido a la crisis bilateral. La embajada de Estados Unidos reanuda sus actividades en Caracas despu\u00e9s de siete a\u00f1os El&nbsp;Departamento de Estado de Estados Unidos&nbsp;anunci\u00f3 este lunes la&nbsp;reanudaci\u00f3n de operaciones en la [&hellip;]<\/p>\n","protected":false},"author":5,"featured_media":440221,"comment_status":"open","ping_status":"open","sticky":false,"template":"","format":"standard","meta":{"_stopmodifiedupdate":false,"_modified_date":"","inline_featured_image":false,"spay_email":"","jetpack_publicize_message":""},"categories":[6],"tags":[],"jetpack_featured_media_url":"https:\/\/notinor.com\/jujuy\/wp-content\/uploads\/2026\/03\/VENEZUELA.jpg","jetpack_publicize_connections":[],"_links":{"self":[{"href":"https:\/\/notinor.com\/jujuy\/wp-json\/wp\/v2\/posts\/440220"}],"collection":[{"href":"https:\/\/notinor.com\/jujuy\/wp-json\/wp\/v2\/posts"}],"about":[{"href":"https:\/\/notinor.com\/jujuy\/wp-json\/wp\/v2\/types\/post"}],"author":[{"embeddable":true,"href":"https:\/\/notinor.com\/jujuy\/wp-json\/wp\/v2\/users\/5"}],"replies":[{"embeddable":true,"href":"https:\/\/notinor.com\/jujuy\/wp-json\/wp\/v2\/comments?post=440220"}],"version-history":[{"count":1,"href":"https:\/\/notinor.com\/jujuy\/wp-json\/wp\/v2\/posts\/440220\/revisions"}],"predecessor-version":[{"id":440222,"href":"https:\/\/notinor.com\/jujuy\/wp-json\/wp\/v2\/posts\/440220\/revisions\/440222"}],"wp:featuredmedia":[{"embeddable":true,"href":"https:\/\/notinor.com\/jujuy\/wp-json\/wp\/v2\/media\/440221"}],"wp:attachment":[{"href":"https:\/\/notinor.com\/jujuy\/wp-json\/wp\/v2\/media?parent=440220"}],"wp:term":[{"taxonomy":"category","embeddable":true,"href":"https:\/\/notinor.com\/jujuy\/wp-json\/wp\/v2\/categories?post=440220"},{"taxonomy":"post_tag","embeddable":true,"href":"https:\/\/notinor.com\/jujuy\/wp-json\/wp\/v2\/tags?post=440220"}],"curies":[{"name":"wp","href":"https:\/\/api.w.org\/{rel}","templated":true}]}}