{"id":440211,"date":"2026-03-30T12:02:35","date_gmt":"2026-03-30T15:02:35","guid":{"rendered":"https:\/\/notinor.com\/jujuy\/?p=440211"},"modified":"2026-03-30T12:02:38","modified_gmt":"2026-03-30T15:02:38","slug":"mas-de-un-centenar-de-skaters-protagonizaron-el-sudamericano-en-jujuy","status":"publish","type":"post","link":"https:\/\/notinor.com\/jujuy\/mas-de-un-centenar-de-skaters-protagonizaron-el-sudamericano-en-jujuy\/","title":{"rendered":"M\u00e1s de un centenar de skaters protagonizaron el Sudamericano en Jujuy"},"content":{"rendered":"\n<p class=\"has-medium-font-size\"><strong><em>Organizado por el Gobierno de Jujuy y la Asociaci\u00f3n Juje\u00f1a de Skate, se desarroll\u00f3 en el Parque Urbano de Alto Comedero con gran convocatoria y nivel deportivo.<\/em><\/strong><\/p>\n\n\n<div class=\"wp-block-image\">\n<figure class=\"aligncenter size-full\"><img decoding=\"async\" loading=\"lazy\" width=\"682\" height=\"462\" src=\"https:\/\/notinor.com\/jujuy\/wp-content\/uploads\/2026\/03\/SKATE1.jpg\" alt=\"\" class=\"wp-image-440214\" srcset=\"https:\/\/notinor.com\/jujuy\/wp-content\/uploads\/2026\/03\/SKATE1.jpg 682w, https:\/\/notinor.com\/jujuy\/wp-content\/uploads\/2026\/03\/SKATE1-539x365.jpg 539w\" sizes=\"(max-width: 682px) 100vw, 682px\" \/><\/figure><\/div>\n\n\n<p>El secretario de Deportes, <strong>Luis Calvetti,<\/strong> destac\u00f3 la magnitud del evento y el trabajo articulado para su realizaci\u00f3n: \u201cVivimos una jornada muy importante, superando las expectativas, en lo que representa la primera vez que la provincia alberga un certamen de estas caracter\u00edsticas. Contamos con la organizaci\u00f3n de la Asociaci\u00f3n Juje\u00f1a, la fiscalizaci\u00f3n de la Federaci\u00f3n Argentina de Skateboarding y la participaci\u00f3n de referentes como Gianfranco Degenaro, Ignacio Vidal y Lucas Rojas\u201d.<\/p>\n\n\n<div class=\"wp-block-image\">\n<figure class=\"aligncenter size-full\"><img decoding=\"async\" loading=\"lazy\" width=\"688\" height=\"393\" src=\"https:\/\/notinor.com\/jujuy\/wp-content\/uploads\/2026\/03\/SKATE1-1.jpg\" alt=\"\" class=\"wp-image-440215\" srcset=\"https:\/\/notinor.com\/jujuy\/wp-content\/uploads\/2026\/03\/SKATE1-1.jpg 688w, https:\/\/notinor.com\/jujuy\/wp-content\/uploads\/2026\/03\/SKATE1-1-639x365.jpg 639w\" sizes=\"(max-width: 688px) 100vw, 688px\" \/><\/figure><\/div>\n\n\n<p>Asimismo, remarc\u00f3 el impulso que el gobernador<strong> Carlos Sadir <\/strong>imprime al desarrollo deportivo en todo el territorio provincial: \u201cExiste una pol\u00edtica clara de fortalecer el deporte y acercarlo a cada rinc\u00f3n de Jujuy, promoviendo la participaci\u00f3n de las familias y generando oportunidades para nuestros j\u00f3venes\u201d.<\/p>\n\n\n<div class=\"wp-block-image\">\n<figure class=\"aligncenter size-full\"><img decoding=\"async\" loading=\"lazy\" width=\"652\" height=\"447\" src=\"https:\/\/notinor.com\/jujuy\/wp-content\/uploads\/2026\/03\/SKATE.jpg\" alt=\"\" class=\"wp-image-440213\" srcset=\"https:\/\/notinor.com\/jujuy\/wp-content\/uploads\/2026\/03\/SKATE.jpg 652w, https:\/\/notinor.com\/jujuy\/wp-content\/uploads\/2026\/03\/SKATE-532x365.jpg 532w\" sizes=\"(max-width: 652px) 100vw, 652px\" \/><\/figure><\/div>\n\n\n<p>El evento cont\u00f3 con la participaci\u00f3n de deportistas provenientes de Bolivia, Chile y distintos puntos del pa\u00eds, como Buenos Aires, Mar del Plata, C\u00f3rdoba, Santa Fe y la regi\u00f3n NOA, en un torneo que se desarroll\u00f3 con normalidad y acompa\u00f1ado por condiciones clim\u00e1ticas favorables.&nbsp;<\/p>\n\n\n\n<p>Calvetti record\u00f3 adem\u00e1s que \u201cel a\u00f1o pasado inauguramos este espacio con un campeonato nacional de skate, y hoy damos un paso m\u00e1s al recibir un Sudamericano, reafirmando el compromiso de seguir jerarquizando la infraestructura y las propuestas deportivas en la provincia\u201d.<\/p>\n\n\n\n<p><strong>Sudamericano de Skateboarding: trabajo articulado<\/strong><\/p>\n\n\n\n<p>Durante el certamen, distintas \u00e1reas del Gobierno de Jujuy acompa\u00f1aron el desarrollo de la competencia, garantizando la cobertura sanitaria a trav\u00e9s del SAME y el apoyo institucional, que incluy\u00f3 la declaraci\u00f3n de Inter\u00e9s Legislativo entregada por el diputado Adriano Morone.&nbsp;<\/p>\n\n\n\n<p>El Parque Urbano, refuncionalizado recientemente, forma parte de una pol\u00edtica de recuperaci\u00f3n de espacios p\u00fablicos y cuenta con una programaci\u00f3n semanal de actividades deportivas, recreativas y culturales, con una activa participaci\u00f3n de los vecinos de Alto Comedero.<\/p>\n","protected":false},"excerpt":{"rendered":"<p>Organizado por el Gobierno de Jujuy y la Asociaci\u00f3n Juje\u00f1a de Skate, se desarroll\u00f3 en el Parque Urbano de Alto Comedero con gran convocatoria y nivel deportivo. El secretario de Deportes, Luis Calvetti, destac\u00f3 la magnitud del evento y el trabajo articulado para su realizaci\u00f3n: \u201cVivimos una jornada muy importante, superando las expectativas, en lo [&hellip;]<\/p>\n","protected":false},"author":5,"featured_media":440212,"comment_status":"open","ping_status":"open","sticky":false,"template":"","format":"standard","meta":{"_stopmodifiedupdate":false,"_modified_date":"","inline_featured_image":false,"spay_email":"","jetpack_publicize_message":""},"categories":[7],"tags":[],"jetpack_featured_media_url":"https:\/\/notinor.com\/jujuy\/wp-content\/uploads\/2026\/03\/SKAATE.jpg","jetpack_publicize_connections":[],"_links":{"self":[{"href":"https:\/\/notinor.com\/jujuy\/wp-json\/wp\/v2\/posts\/440211"}],"collection":[{"href":"https:\/\/notinor.com\/jujuy\/wp-json\/wp\/v2\/posts"}],"about":[{"href":"https:\/\/notinor.com\/jujuy\/wp-json\/wp\/v2\/types\/post"}],"author":[{"embeddable":true,"href":"https:\/\/notinor.com\/jujuy\/wp-json\/wp\/v2\/users\/5"}],"replies":[{"embeddable":true,"href":"https:\/\/notinor.com\/jujuy\/wp-json\/wp\/v2\/comments?post=440211"}],"version-history":[{"count":1,"href":"https:\/\/notinor.com\/jujuy\/wp-json\/wp\/v2\/posts\/440211\/revisions"}],"predecessor-version":[{"id":440216,"href":"https:\/\/notinor.com\/jujuy\/wp-json\/wp\/v2\/posts\/440211\/revisions\/440216"}],"wp:featuredmedia":[{"embeddable":true,"href":"https:\/\/notinor.com\/jujuy\/wp-json\/wp\/v2\/media\/440212"}],"wp:attachment":[{"href":"https:\/\/notinor.com\/jujuy\/wp-json\/wp\/v2\/media?parent=440211"}],"wp:term":[{"taxonomy":"category","embeddable":true,"href":"https:\/\/notinor.com\/jujuy\/wp-json\/wp\/v2\/categories?post=440211"},{"taxonomy":"post_tag","embeddable":true,"href":"https:\/\/notinor.com\/jujuy\/wp-json\/wp\/v2\/tags?post=440211"}],"curies":[{"name":"wp","href":"https:\/\/api.w.org\/{rel}","templated":true}]}}