{"id":440033,"date":"2026-03-25T12:51:17","date_gmt":"2026-03-25T15:51:17","guid":{"rendered":"https:\/\/notinor.com\/jujuy\/?p=440033"},"modified":"2026-03-25T12:51:19","modified_gmt":"2026-03-25T15:51:19","slug":"manuel-adorni-dijo-que-no-tiene-nada-que-esconder-en-la-controversia-por-sus-vuelos-y-su-patrimonio","status":"publish","type":"post","link":"https:\/\/notinor.com\/jujuy\/manuel-adorni-dijo-que-no-tiene-nada-que-esconder-en-la-controversia-por-sus-vuelos-y-su-patrimonio\/","title":{"rendered":"Manuel Adorni dijo que no tiene \u201cnada que esconder\u201d en la controversia por sus vuelos y su patrimonio"},"content":{"rendered":"\n<p class=\"has-medium-font-size\"><strong><em>El jefe de Gabinete mantuvo una tensa conferencia de prensa donde sostuvo que sus bienes los gan\u00f3 antes de su funci\u00f3n p\u00fablica y que su declaraci\u00f3n est\u00e1 en menos de la Justicia.<\/em><\/strong><\/p>\n\n\n<div class=\"wp-block-image\">\n<figure class=\"aligncenter\"><img decoding=\"async\" src=\"https:\/\/i0.wp.com\/www.elsol.com.ar\/wp-content\/uploads\/2026\/03\/Screenshot_7.jpg?fit=780%2C569&amp;quality=89&amp;ssl=1\" alt=\"\"\/><figcaption class=\"wp-element-caption\">El jefe de Gabinete Manuel Adorni.<\/figcaption><\/figure><\/div>\n\n\n<p>En su regreso a una conferencia de prensa, que no daba desde diciembre del a\u00f1o pasado y que fue tensa en el ida y vuelta con los periodistas, el jefe de Gabinete\u00a0<strong>Manuel Adorni<\/strong>\u00a0sostuvo que \u201c<em>no tengo nada que esconder<\/em>\u201c, en relaci\u00f3n a la controversia por sus\u00a0<strong>vuelos<\/strong>\u00a0y su situaci\u00f3n patrimonial puesta bajo sospecha. Aunque tambi\u00e9n esquiv\u00f3 las interrogantes al se\u00f1alar: \u201cNo tengo porqu\u00e9 explicar una transacci\u00f3n privada\u201c.<\/p>\n\n\n\n<p>Tambi\u00e9n se excus\u00f3 de responder m\u00e1s preguntas dado que<em>&nbsp;<\/em>hay una causa en curso en la Justicia por los hechos que se filtraron. Primero, incluir a su pareja Bettina Angeletti en el vuelo presidencial a Nueva York. Y, segundo, por el vuelo a Punta del Este en avi\u00f3n privado con su familia y el periodista Marcelo Grand\u00edo, en febrero.<\/p>\n\n\n\n<p>La conferencia comenz\u00f3 pasadas las 11 y en el inicio de la ronda ante periodistas sostuvo que \u201ca mi patrimonio lo constru\u00ed en los 25 a\u00f1os que estuve en el sector privad<em>o<\/em>\u201c.<\/p>\n\n\n\n<p>\u201cEstamos poniendo a disposici\u00f3n de la justicia y los organismos de control correspondientes toda la informaci\u00f3n que necesiten. Y quiero dejar algo en claro, ning\u00fan otro gobierno sostuvo una vara tan alta como la nuestra, nunca\u201c, dijo Adorni.<\/p>\n\n\n\n<p>Molesto en varios momentos, la defensa del jefe de Gabinete consisti\u00f3 en se\u00f1alar que \u201cel viaje a Punta del Este es un tema estrictamente personal y todos ustedes tuvieron el tup\u00e9 de poner el video con mis hijos en la televisi\u00f3n, lo cual fue de bastante mal gusto\u201c.<\/p>\n\n\n\n<p>Contra algunas acusaciones de la oposici\u00f3n, argument\u00f3 que su salario est\u00e1 congelado desde que asumi\u00f3 como funcionario de la Casa Rosada. Y objet\u00f3 los cuestionamientos de la oposici\u00f3n: \u201c<em>Tengo todo declarado<\/em>\u201c.<\/p>\n\n\n\n<p>\u201c<em>Hay una investigaci\u00f3n judicial en curso. No pude responder sobre aspectos espec\u00edficos porque puedo entorpecer lo que est\u00e1 en curso<\/em>\u201c, contempl\u00f3. Posteriormente, asegur\u00f3 que su declaraci\u00f3n jurada \u201c<em>a\u00fan sigue abierta<\/em>\u201c, por lo que est\u00e1 abierta a cambios que actualicen su situaci\u00f3n patrimonial.<\/p>\n\n\n\n<p>\u201cHay personas a las que no les gusta nuestra gesti\u00f3n y viven inventando cualquier cosa\u201c, acus\u00f3 posteriormente, sin dar nombre. En ese tren, aclar\u00f3 que \u201cvivo en\u00a0Caballito. El resto de las propiedades en los diferentes barrios de la ciudad lo deben cotejar con mi declaraci\u00f3n jurada. Todo lo que tiene que estar declarado, est\u00e1 declarado\u201c.<\/p>\n\n\n\n<p>Y replic\u00f3: \u201cCon respecto a la casa de Mart\u00ednez, es parte de toda la operaci\u00f3n pol\u00edtica y medi\u00e1tica que se arm\u00f3 para da\u00f1ar al Gobierno. No es contra m\u00ed, es contra el\u00a0Gobierno\u201c.<\/p>\n\n\n\n<p>\u201cNo somos lo mismo que gestiones anteriores y la gente lo sabe.\u00a0No olvidamos que un secretario de Obras P\u00fablicas que revoleaba bolsos con plata\u201c, recalc\u00f3.<\/p>\n\n\n\n<p>A la conferencia de prensa asistieron tambi\u00e9n ministros del gabinete, entre ellos,&nbsp;<strong>Luis Caputo<\/strong>&nbsp;(Econom\u00eda),&nbsp;<strong>Mario Lugones<\/strong>&nbsp;(Salud),&nbsp;<strong>Alejandra Monteoliva&nbsp;<\/strong>(Seguridad),&nbsp;<strong>Federico Sturzenegger<\/strong>&nbsp;(Modernizaci\u00f3n) y&nbsp;<strong>Pablo Quirno<\/strong>&nbsp;(Canciller\u00eda).&nbsp;<\/p>\n\n\n\n<p>El tambi\u00e9n vocero de&nbsp;<strong>Javier Milei<\/strong>&nbsp;enfatiz\u00f3 por otra parte en la postura del Gobierno nacional por una \u201cmemoria completa\u201d respecto al golpe de Estado y la Dictadura de 1976.<\/p>\n\n\n\n<p>Adorni luego expuso sobre los proyectos de reforma que el presidente enviar\u00e1 al Congreso de la Naci\u00f3n. Entre ellas, la ley de Discapacidad y la ley de Educaci\u00f3n Superior.<\/p>\n","protected":false},"excerpt":{"rendered":"<p>El jefe de Gabinete mantuvo una tensa conferencia de prensa donde sostuvo que sus bienes los gan\u00f3 antes de su funci\u00f3n p\u00fablica y que su declaraci\u00f3n est\u00e1 en menos de la Justicia. En su regreso a una conferencia de prensa, que no daba desde diciembre del a\u00f1o pasado y que fue tensa en el ida [&hellip;]<\/p>\n","protected":false},"author":5,"featured_media":440034,"comment_status":"open","ping_status":"open","sticky":false,"template":"","format":"standard","meta":{"_stopmodifiedupdate":false,"_modified_date":"","inline_featured_image":false,"spay_email":"","jetpack_publicize_message":""},"categories":[501],"tags":[],"jetpack_featured_media_url":"https:\/\/notinor.com\/jujuy\/wp-content\/uploads\/2026\/03\/ADORNI.jpg","jetpack_publicize_connections":[],"_links":{"self":[{"href":"https:\/\/notinor.com\/jujuy\/wp-json\/wp\/v2\/posts\/440033"}],"collection":[{"href":"https:\/\/notinor.com\/jujuy\/wp-json\/wp\/v2\/posts"}],"about":[{"href":"https:\/\/notinor.com\/jujuy\/wp-json\/wp\/v2\/types\/post"}],"author":[{"embeddable":true,"href":"https:\/\/notinor.com\/jujuy\/wp-json\/wp\/v2\/users\/5"}],"replies":[{"embeddable":true,"href":"https:\/\/notinor.com\/jujuy\/wp-json\/wp\/v2\/comments?post=440033"}],"version-history":[{"count":1,"href":"https:\/\/notinor.com\/jujuy\/wp-json\/wp\/v2\/posts\/440033\/revisions"}],"predecessor-version":[{"id":440035,"href":"https:\/\/notinor.com\/jujuy\/wp-json\/wp\/v2\/posts\/440033\/revisions\/440035"}],"wp:featuredmedia":[{"embeddable":true,"href":"https:\/\/notinor.com\/jujuy\/wp-json\/wp\/v2\/media\/440034"}],"wp:attachment":[{"href":"https:\/\/notinor.com\/jujuy\/wp-json\/wp\/v2\/media?parent=440033"}],"wp:term":[{"taxonomy":"category","embeddable":true,"href":"https:\/\/notinor.com\/jujuy\/wp-json\/wp\/v2\/categories?post=440033"},{"taxonomy":"post_tag","embeddable":true,"href":"https:\/\/notinor.com\/jujuy\/wp-json\/wp\/v2\/tags?post=440033"}],"curies":[{"name":"wp","href":"https:\/\/api.w.org\/{rel}","templated":true}]}}